{"id":15347,"date":"2022-09-29T15:45:12","date_gmt":"2022-09-29T14:45:12","guid":{"rendered":"https:\/\/blogsaverroes.juntadeandalucia.es\/ceipalmodovar\/?p=15347"},"modified":"2022-09-29T15:45:47","modified_gmt":"2022-09-29T14:45:47","slug":"dos-maestras-del-ceip-antonio-rodriguez-almodovar-acuden-a-ceu-andalucia-para-presentar-el-proyecto-veinte-mil-leguas-de-viaje-submarino","status":"publish","type":"post","link":"https:\/\/blogsaverroes.juntadeandalucia.es\/ceipalmodovar\/dos-maestras-del-ceip-antonio-rodriguez-almodovar-acuden-a-ceu-andalucia-para-presentar-el-proyecto-veinte-mil-leguas-de-viaje-submarino\/","title":{"rendered":"Dos maestras del CEIP Antonio Rodr\u00edguez Almod\u00f3var acuden a CEU Andaluc\u00eda para presentar el Proyecto &#8220;Veinte mil Leguas de viaje submarino&#8221;"},"content":{"rendered":"<p style=\"font-weight: 400\">El pasado 21 de septiembre de 2022 las maestras \u00c1ngela Tena Solomando, tutora de Ed. Infantil &#8211; 4 a\u00f1os y Mar\u00eda Ferreira Blanco, tutora de Ed. Primaria &#8211; 1\u00ba y Jefa de Estudios, acudieron a CEU Andaluc\u00eda para presentar al alumnado de los grados en Educacion Infantil y Educaci\u00f3n Primaria una ponencia sobre nuestro Proyecto Interdisciplinar &#8220;Veinte mil lenguas de viaje submarino&#8221;, del curso 21-22.&nbsp;<\/p>\n<p style=\"font-weight: 400\">Desde aqu\u00ed queremos agradecer a CEU Andaluc\u00eda la c\u00e1lida acogida que recibimos y al alumnado de Educaci\u00f3n por su inter\u00e9s y atenci\u00f3n.&nbsp;<\/p>\n<p>Pod\u00e9is leer la noticia completa aqu\u00ed:<\/p>\n<blockquote class=\"wp-embedded-content\" data-secret=\"7RJmZsHCkt\"><p><a href=\"https:\/\/salaprensa.ceuandalucia.es\/?p=70617\">Alumnos del Centro de Estudios Universitarios Cardenal Sp\u00ednola CEU participan en el encuentro \u2018Veinte mil leguas de viaje submarino\u2019<\/a><\/p><\/blockquote>\n<p><iframe class=\"wp-embedded-content\" sandbox=\"allow-scripts\" security=\"restricted\" style=\"position: absolute; clip: rect(1px, 1px, 1px, 1px);\" title=\"\u00abAlumnos del Centro de Estudios Universitarios Cardenal Sp\u00ednola CEU participan en el encuentro \u2018Veinte mil leguas de viaje submarino\u2019\u00bb \u2014 Sala de Prensa  |  CEU Andaluc\u00eda\" src=\"https:\/\/salaprensa.ceuandalucia.es\/?p=70617&#038;embed=true#?secret=7RJmZsHCkt\" data-secret=\"7RJmZsHCkt\" width=\"600\" height=\"338\" frameborder=\"0\" marginwidth=\"0\" marginheight=\"0\" scrolling=\"no\"><\/iframe><\/p>\n","protected":false},"excerpt":{"rendered":"<p>El pasado 21 de septiembre de 2022 las maestras \u00c1ngela Tena Solomando, tutora de Ed. Infantil &#8211; 4 a\u00f1os y Mar\u00eda Ferreira Blanco, tutora de Ed. Primaria &#8211; 1\u00ba y Jefa de Estudios, acudieron a CEU Andaluc\u00eda para presentar al alumnado de los grados en Educacion Infantil y Educaci\u00f3n Primaria una ponencia sobre nuestro Proyecto [&hellip;]<\/p>\n","protected":false},"author":13976,"featured_media":15348,"comment_status":"closed","ping_status":"open","sticky":false,"template":"","format":"standard","meta":{"_et_pb_use_builder":"","_et_pb_old_content":"","_et_gb_content_width":"","ngg_post_thumbnail":0,"footnotes":""},"categories":[9,3],"tags":[],"aioseo_notices":[],"_links":{"self":[{"href":"https:\/\/blogsaverroes.juntadeandalucia.es\/ceipalmodovar\/wp-json\/wp\/v2\/posts\/15347"}],"collection":[{"href":"https:\/\/blogsaverroes.juntadeandalucia.es\/ceipalmodovar\/wp-json\/wp\/v2\/posts"}],"about":[{"href":"https:\/\/blogsaverroes.juntadeandalucia.es\/ceipalmodovar\/wp-json\/wp\/v2\/types\/post"}],"author":[{"embeddable":true,"href":"https:\/\/blogsaverroes.juntadeandalucia.es\/ceipalmodovar\/wp-json\/wp\/v2\/users\/13976"}],"replies":[{"embeddable":true,"href":"https:\/\/blogsaverroes.juntadeandalucia.es\/ceipalmodovar\/wp-json\/wp\/v2\/comments?post=15347"}],"version-history":[{"count":2,"href":"https:\/\/blogsaverroes.juntadeandalucia.es\/ceipalmodovar\/wp-json\/wp\/v2\/posts\/15347\/revisions"}],"predecessor-version":[{"id":15350,"href":"https:\/\/blogsaverroes.juntadeandalucia.es\/ceipalmodovar\/wp-json\/wp\/v2\/posts\/15347\/revisions\/15350"}],"wp:featuredmedia":[{"embeddable":true,"href":"https:\/\/blogsaverroes.juntadeandalucia.es\/ceipalmodovar\/wp-json\/wp\/v2\/media\/15348"}],"wp:attachment":[{"href":"https:\/\/blogsaverroes.juntadeandalucia.es\/ceipalmodovar\/wp-json\/wp\/v2\/media?parent=15347"}],"wp:term":[{"taxonomy":"category","embeddable":true,"href":"https:\/\/blogsaverroes.juntadeandalucia.es\/ceipalmodovar\/wp-json\/wp\/v2\/categories?post=15347"},{"taxonomy":"post_tag","embeddable":true,"href":"https:\/\/blogsaverroes.juntadeandalucia.es\/ceipalmodovar\/wp-json\/wp\/v2\/tags?post=15347"}],"curies":[{"name":"wp","href":"https:\/\/api.w.org\/{rel}","templated":true}]}}