{"id":10173,"date":"2016-06-22T16:00:16","date_gmt":"2016-06-22T16:00:16","guid":{"rendered":"http:\/\/blogsaverroes.juntadeandalucia.es\/ceipalvarocecilia\/?p=10173"},"modified":"2016-11-04T12:48:00","modified_gmt":"2016-11-04T12:48:00","slug":"fiesta-del-agua","status":"publish","type":"post","link":"https:\/\/blogsaverroes.juntadeandalucia.es\/ceipalvarocecilia\/2016\/06\/22\/fiesta-del-agua\/","title":{"rendered":"Fiesta del Agua"},"content":{"rendered":"<p>\n<div class=\"ngg-galleryoverview ngg-slideshow\"\n\tid=\"ngg-slideshow-754941554ffcdf22da8fda91791678ec-8506521940\"\n\tdata-gallery-id=\"754941554ffcdf22da8fda91791678ec\"\n\tstyle=\"max-width: 600px;\n\t\t\tmax-height: 400px;\n\t\t\tdisplay: none;\">\n\n\t\n\t\t<a href=\"https:\/\/blogsaverroes.juntadeandalucia.es\/ceipalvarocecilia\/wp-content\/uploads\/sites\/1188\/nggallery\/Fiesta-del-Agua\/IMG_3203.jpg\"\n\t\t\ttitle=\"\"\n\t\t\tdata-src=\"https:\/\/blogsaverroes.juntadeandalucia.es\/ceipalvarocecilia\/wp-content\/uploads\/sites\/1188\/nggallery\/Fiesta-del-Agua\/IMG_3203.jpg\"\n\t\t\tdata-thumbnail=\"https:\/\/blogsaverroes.juntadeandalucia.es\/ceipalvarocecilia\/wp-content\/uploads\/sites\/1188\/nggallery\/Fiesta-del-Agua\/thumbs\/thumbs_IMG_3203.jpg\"\n\t\t\tdata-image-id=\"3998\"\n\t\t\tdata-title=\"IMG_3203\"\n\t\t\tdata-description=\"\"\n\t\t\tclass=\"ngg-fancybox\" rel=\"754941554ffcdf22da8fda91791678ec\">\n\n\t\t\t<img data-image-id='3998'\n\t\t\t\ttitle=\"\"\n\t\t\t\talt=\"IMG_3203\"\n\t\t\t\tsrc=\"https:\/\/blogsaverroes.juntadeandalucia.es\/ceipalvarocecilia\/wp-content\/uploads\/sites\/1188\/nggallery\/Fiesta-del-Agua\/IMG_3203.jpg\"\n\t\t\t\tstyle=\"max-height: 380px;\"\/>\n\t\t<\/a>\n\n\t\t\n\t\t<a href=\"https:\/\/blogsaverroes.juntadeandalucia.es\/ceipalvarocecilia\/wp-content\/uploads\/sites\/1188\/nggallery\/Fiesta-del-Agua\/IMG_3206.jpg\"\n\t\t\ttitle=\"\"\n\t\t\tdata-src=\"https:\/\/blogsaverroes.juntadeandalucia.es\/ceipalvarocecilia\/wp-content\/uploads\/sites\/1188\/nggallery\/Fiesta-del-Agua\/IMG_3206.jpg\"\n\t\t\tdata-thumbnail=\"https:\/\/blogsaverroes.juntadeandalucia.es\/ceipalvarocecilia\/wp-content\/uploads\/sites\/1188\/nggallery\/Fiesta-del-Agua\/thumbs\/thumbs_IMG_3206.jpg\"\n\t\t\tdata-image-id=\"3999\"\n\t\t\tdata-title=\"IMG_3206\"\n\t\t\tdata-description=\"\"\n\t\t\tclass=\"ngg-fancybox\" rel=\"754941554ffcdf22da8fda91791678ec\">\n\n\t\t\t<img data-image-id='3999'\n\t\t\t\ttitle=\"\"\n\t\t\t\talt=\"IMG_3206\"\n\t\t\t\tsrc=\"https:\/\/blogsaverroes.juntadeandalucia.es\/ceipalvarocecilia\/wp-content\/uploads\/sites\/1188\/nggallery\/Fiesta-del-Agua\/IMG_3206.jpg\"\n\t\t\t\tstyle=\"max-height: 380px;\"\/>\n\t\t<\/a>\n\n\t\t\n\t\t<a href=\"https:\/\/blogsaverroes.juntadeandalucia.es\/ceipalvarocecilia\/wp-content\/uploads\/sites\/1188\/nggallery\/Fiesta-del-Agua\/IMG_3207.jpg\"\n\t\t\ttitle=\"\"\n\t\t\tdata-src=\"https:\/\/blogsaverroes.juntadeandalucia.es\/ceipalvarocecilia\/wp-content\/uploads\/sites\/1188\/nggallery\/Fiesta-del-Agua\/IMG_3207.jpg\"\n\t\t\tdata-thumbnail=\"https:\/\/blogsaverroes.juntadeandalucia.es\/ceipalvarocecilia\/wp-content\/uploads\/sites\/1188\/nggallery\/Fiesta-del-Agua\/thumbs\/thumbs_IMG_3207.jpg\"\n\t\t\tdata-image-id=\"4000\"\n\t\t\tdata-title=\"IMG_3207\"\n\t\t\tdata-description=\"\"\n\t\t\tclass=\"ngg-fancybox\" rel=\"754941554ffcdf22da8fda91791678ec\">\n\n\t\t\t<img data-image-id='4000'\n\t\t\t\ttitle=\"\"\n\t\t\t\talt=\"IMG_3207\"\n\t\t\t\tsrc=\"https:\/\/blogsaverroes.juntadeandalucia.es\/ceipalvarocecilia\/wp-content\/uploads\/sites\/1188\/nggallery\/Fiesta-del-Agua\/IMG_3207.jpg\"\n\t\t\t\tstyle=\"max-height: 380px;\"\/>\n\t\t<\/a>\n\n\t\t\n\t\t<a href=\"https:\/\/blogsaverroes.juntadeandalucia.es\/ceipalvarocecilia\/wp-content\/uploads\/sites\/1188\/nggallery\/Fiesta-del-Agua\/IMG_3208.jpg\"\n\t\t\ttitle=\"\"\n\t\t\tdata-src=\"https:\/\/blogsaverroes.juntadeandalucia.es\/ceipalvarocecilia\/wp-content\/uploads\/sites\/1188\/nggallery\/Fiesta-del-Agua\/IMG_3208.jpg\"\n\t\t\tdata-thumbnail=\"https:\/\/blogsaverroes.juntadeandalucia.es\/ceipalvarocecilia\/wp-content\/uploads\/sites\/1188\/nggallery\/Fiesta-del-Agua\/thumbs\/thumbs_IMG_3208.jpg\"\n\t\t\tdata-image-id=\"4001\"\n\t\t\tdata-title=\"IMG_3208\"\n\t\t\tdata-description=\"\"\n\t\t\tclass=\"ngg-fancybox\" rel=\"754941554ffcdf22da8fda91791678ec\">\n\n\t\t\t<img data-image-id='4001'\n\t\t\t\ttitle=\"\"\n\t\t\t\talt=\"IMG_3208\"\n\t\t\t\tsrc=\"https:\/\/blogsaverroes.juntadeandalucia.es\/ceipalvarocecilia\/wp-content\/uploads\/sites\/1188\/nggallery\/Fiesta-del-Agua\/IMG_3208.jpg\"\n\t\t\t\tstyle=\"max-height: 380px;\"\/>\n\t\t<\/a>\n\n\t\t\n\t\t<a href=\"https:\/\/blogsaverroes.juntadeandalucia.es\/ceipalvarocecilia\/wp-content\/uploads\/sites\/1188\/nggallery\/Fiesta-del-Agua\/IMG_3209.jpg\"\n\t\t\ttitle=\"\"\n\t\t\tdata-src=\"https:\/\/blogsaverroes.juntadeandalucia.es\/ceipalvarocecilia\/wp-content\/uploads\/sites\/1188\/nggallery\/Fiesta-del-Agua\/IMG_3209.jpg\"\n\t\t\tdata-thumbnail=\"https:\/\/blogsaverroes.juntadeandalucia.es\/ceipalvarocecilia\/wp-content\/uploads\/sites\/1188\/nggallery\/Fiesta-del-Agua\/thumbs\/thumbs_IMG_3209.jpg\"\n\t\t\tdata-image-id=\"4002\"\n\t\t\tdata-title=\"IMG_3209\"\n\t\t\tdata-description=\"\"\n\t\t\tclass=\"ngg-fancybox\" rel=\"754941554ffcdf22da8fda91791678ec\">\n\n\t\t\t<img data-image-id='4002'\n\t\t\t\ttitle=\"\"\n\t\t\t\talt=\"IMG_3209\"\n\t\t\t\tsrc=\"https:\/\/blogsaverroes.juntadeandalucia.es\/ceipalvarocecilia\/wp-content\/uploads\/sites\/1188\/nggallery\/Fiesta-del-Agua\/IMG_3209.jpg\"\n\t\t\t\tstyle=\"max-height: 380px;\"\/>\n\t\t<\/a>\n\n\t\t\n\t\t<a href=\"https:\/\/blogsaverroes.juntadeandalucia.es\/ceipalvarocecilia\/wp-content\/uploads\/sites\/1188\/nggallery\/Fiesta-del-Agua\/IMG_3211.jpg\"\n\t\t\ttitle=\"\"\n\t\t\tdata-src=\"https:\/\/blogsaverroes.juntadeandalucia.es\/ceipalvarocecilia\/wp-content\/uploads\/sites\/1188\/nggallery\/Fiesta-del-Agua\/IMG_3211.jpg\"\n\t\t\tdata-thumbnail=\"https:\/\/blogsaverroes.juntadeandalucia.es\/ceipalvarocecilia\/wp-content\/uploads\/sites\/1188\/nggallery\/Fiesta-del-Agua\/thumbs\/thumbs_IMG_3211.jpg\"\n\t\t\tdata-image-id=\"4003\"\n\t\t\tdata-title=\"IMG_3211\"\n\t\t\tdata-description=\"\"\n\t\t\tclass=\"ngg-fancybox\" rel=\"754941554ffcdf22da8fda91791678ec\">\n\n\t\t\t<img data-image-id='4003'\n\t\t\t\ttitle=\"\"\n\t\t\t\talt=\"IMG_3211\"\n\t\t\t\tsrc=\"https:\/\/blogsaverroes.juntadeandalucia.es\/ceipalvarocecilia\/wp-content\/uploads\/sites\/1188\/nggallery\/Fiesta-del-Agua\/IMG_3211.jpg\"\n\t\t\t\tstyle=\"max-height: 380px;\"\/>\n\t\t<\/a>\n\n\t\t\n\t\t<a href=\"https:\/\/blogsaverroes.juntadeandalucia.es\/ceipalvarocecilia\/wp-content\/uploads\/sites\/1188\/nggallery\/Fiesta-del-Agua\/IMG_3212.jpg\"\n\t\t\ttitle=\"\"\n\t\t\tdata-src=\"https:\/\/blogsaverroes.juntadeandalucia.es\/ceipalvarocecilia\/wp-content\/uploads\/sites\/1188\/nggallery\/Fiesta-del-Agua\/IMG_3212.jpg\"\n\t\t\tdata-thumbnail=\"https:\/\/blogsaverroes.juntadeandalucia.es\/ceipalvarocecilia\/wp-content\/uploads\/sites\/1188\/nggallery\/Fiesta-del-Agua\/thumbs\/thumbs_IMG_3212.jpg\"\n\t\t\tdata-image-id=\"4004\"\n\t\t\tdata-title=\"IMG_3212\"\n\t\t\tdata-description=\"\"\n\t\t\tclass=\"ngg-fancybox\" rel=\"754941554ffcdf22da8fda91791678ec\">\n\n\t\t\t<img data-image-id='4004'\n\t\t\t\ttitle=\"\"\n\t\t\t\talt=\"IMG_3212\"\n\t\t\t\tsrc=\"https:\/\/blogsaverroes.juntadeandalucia.es\/ceipalvarocecilia\/wp-content\/uploads\/sites\/1188\/nggallery\/Fiesta-del-Agua\/IMG_3212.jpg\"\n\t\t\t\tstyle=\"max-height: 380px;\"\/>\n\t\t<\/a>\n\n\t\t\n\t\t<a href=\"https:\/\/blogsaverroes.juntadeandalucia.es\/ceipalvarocecilia\/wp-content\/uploads\/sites\/1188\/nggallery\/Fiesta-del-Agua\/IMG_3213.jpg\"\n\t\t\ttitle=\"\"\n\t\t\tdata-src=\"https:\/\/blogsaverroes.juntadeandalucia.es\/ceipalvarocecilia\/wp-content\/uploads\/sites\/1188\/nggallery\/Fiesta-del-Agua\/IMG_3213.jpg\"\n\t\t\tdata-thumbnail=\"https:\/\/blogsaverroes.juntadeandalucia.es\/ceipalvarocecilia\/wp-content\/uploads\/sites\/1188\/nggallery\/Fiesta-del-Agua\/thumbs\/thumbs_IMG_3213.jpg\"\n\t\t\tdata-image-id=\"4005\"\n\t\t\tdata-title=\"IMG_3213\"\n\t\t\tdata-description=\"\"\n\t\t\tclass=\"ngg-fancybox\" rel=\"754941554ffcdf22da8fda91791678ec\">\n\n\t\t\t<img data-image-id='4005'\n\t\t\t\ttitle=\"\"\n\t\t\t\talt=\"IMG_3213\"\n\t\t\t\tsrc=\"https:\/\/blogsaverroes.juntadeandalucia.es\/ceipalvarocecilia\/wp-content\/uploads\/sites\/1188\/nggallery\/Fiesta-del-Agua\/IMG_3213.jpg\"\n\t\t\t\tstyle=\"max-height: 380px;\"\/>\n\t\t<\/a>\n\n\t\t\n\t\t<a href=\"https:\/\/blogsaverroes.juntadeandalucia.es\/ceipalvarocecilia\/wp-content\/uploads\/sites\/1188\/nggallery\/Fiesta-del-Agua\/IMG_3214.jpg\"\n\t\t\ttitle=\"\"\n\t\t\tdata-src=\"https:\/\/blogsaverroes.juntadeandalucia.es\/ceipalvarocecilia\/wp-content\/uploads\/sites\/1188\/nggallery\/Fiesta-del-Agua\/IMG_3214.jpg\"\n\t\t\tdata-thumbnail=\"https:\/\/blogsaverroes.juntadeandalucia.es\/ceipalvarocecilia\/wp-content\/uploads\/sites\/1188\/nggallery\/Fiesta-del-Agua\/thumbs\/thumbs_IMG_3214.jpg\"\n\t\t\tdata-image-id=\"4006\"\n\t\t\tdata-title=\"IMG_3214\"\n\t\t\tdata-description=\"\"\n\t\t\tclass=\"ngg-fancybox\" rel=\"754941554ffcdf22da8fda91791678ec\">\n\n\t\t\t<img data-image-id='4006'\n\t\t\t\ttitle=\"\"\n\t\t\t\talt=\"IMG_3214\"\n\t\t\t\tsrc=\"https:\/\/blogsaverroes.juntadeandalucia.es\/ceipalvarocecilia\/wp-content\/uploads\/sites\/1188\/nggallery\/Fiesta-del-Agua\/IMG_3214.jpg\"\n\t\t\t\tstyle=\"max-height: 380px;\"\/>\n\t\t<\/a>\n\n\t\t\n\t\t<a href=\"https:\/\/blogsaverroes.juntadeandalucia.es\/ceipalvarocecilia\/wp-content\/uploads\/sites\/1188\/nggallery\/Fiesta-del-Agua\/IMG_3216.jpg\"\n\t\t\ttitle=\"\"\n\t\t\tdata-src=\"https:\/\/blogsaverroes.juntadeandalucia.es\/ceipalvarocecilia\/wp-content\/uploads\/sites\/1188\/nggallery\/Fiesta-del-Agua\/IMG_3216.jpg\"\n\t\t\tdata-thumbnail=\"https:\/\/blogsaverroes.juntadeandalucia.es\/ceipalvarocecilia\/wp-content\/uploads\/sites\/1188\/nggallery\/Fiesta-del-Agua\/thumbs\/thumbs_IMG_3216.jpg\"\n\t\t\tdata-image-id=\"4007\"\n\t\t\tdata-title=\"IMG_3216\"\n\t\t\tdata-description=\"\"\n\t\t\tclass=\"ngg-fancybox\" rel=\"754941554ffcdf22da8fda91791678ec\">\n\n\t\t\t<img data-image-id='4007'\n\t\t\t\ttitle=\"\"\n\t\t\t\talt=\"IMG_3216\"\n\t\t\t\tsrc=\"https:\/\/blogsaverroes.juntadeandalucia.es\/ceipalvarocecilia\/wp-content\/uploads\/sites\/1188\/nggallery\/Fiesta-del-Agua\/IMG_3216.jpg\"\n\t\t\t\tstyle=\"max-height: 380px;\"\/>\n\t\t<\/a>\n\n\t\t\n\t\t<a href=\"https:\/\/blogsaverroes.juntadeandalucia.es\/ceipalvarocecilia\/wp-content\/uploads\/sites\/1188\/nggallery\/Fiesta-del-Agua\/IMG_3218.jpg\"\n\t\t\ttitle=\"\"\n\t\t\tdata-src=\"https:\/\/blogsaverroes.juntadeandalucia.es\/ceipalvarocecilia\/wp-content\/uploads\/sites\/1188\/nggallery\/Fiesta-del-Agua\/IMG_3218.jpg\"\n\t\t\tdata-thumbnail=\"https:\/\/blogsaverroes.juntadeandalucia.es\/ceipalvarocecilia\/wp-content\/uploads\/sites\/1188\/nggallery\/Fiesta-del-Agua\/thumbs\/thumbs_IMG_3218.jpg\"\n\t\t\tdata-image-id=\"4008\"\n\t\t\tdata-title=\"IMG_3218\"\n\t\t\tdata-description=\"\"\n\t\t\tclass=\"ngg-fancybox\" rel=\"754941554ffcdf22da8fda91791678ec\">\n\n\t\t\t<img data-image-id='4008'\n\t\t\t\ttitle=\"\"\n\t\t\t\talt=\"IMG_3218\"\n\t\t\t\tsrc=\"https:\/\/blogsaverroes.juntadeandalucia.es\/ceipalvarocecilia\/wp-content\/uploads\/sites\/1188\/nggallery\/Fiesta-del-Agua\/IMG_3218.jpg\"\n\t\t\t\tstyle=\"max-height: 380px;\"\/>\n\t\t<\/a>\n\n\t\t\n\t\t<a href=\"https:\/\/blogsaverroes.juntadeandalucia.es\/ceipalvarocecilia\/wp-content\/uploads\/sites\/1188\/nggallery\/Fiesta-del-Agua\/IMG_3219.jpg\"\n\t\t\ttitle=\"\"\n\t\t\tdata-src=\"https:\/\/blogsaverroes.juntadeandalucia.es\/ceipalvarocecilia\/wp-content\/uploads\/sites\/1188\/nggallery\/Fiesta-del-Agua\/IMG_3219.jpg\"\n\t\t\tdata-thumbnail=\"https:\/\/blogsaverroes.juntadeandalucia.es\/ceipalvarocecilia\/wp-content\/uploads\/sites\/1188\/nggallery\/Fiesta-del-Agua\/thumbs\/thumbs_IMG_3219.jpg\"\n\t\t\tdata-image-id=\"4009\"\n\t\t\tdata-title=\"IMG_3219\"\n\t\t\tdata-description=\"\"\n\t\t\tclass=\"ngg-fancybox\" rel=\"754941554ffcdf22da8fda91791678ec\">\n\n\t\t\t<img data-image-id='4009'\n\t\t\t\ttitle=\"\"\n\t\t\t\talt=\"IMG_3219\"\n\t\t\t\tsrc=\"https:\/\/blogsaverroes.juntadeandalucia.es\/ceipalvarocecilia\/wp-content\/uploads\/sites\/1188\/nggallery\/Fiesta-del-Agua\/IMG_3219.jpg\"\n\t\t\t\tstyle=\"max-height: 380px;\"\/>\n\t\t<\/a>\n\n\t\t\n\t\t<a href=\"https:\/\/blogsaverroes.juntadeandalucia.es\/ceipalvarocecilia\/wp-content\/uploads\/sites\/1188\/nggallery\/Fiesta-del-Agua\/IMG_3221.jpg\"\n\t\t\ttitle=\"\"\n\t\t\tdata-src=\"https:\/\/blogsaverroes.juntadeandalucia.es\/ceipalvarocecilia\/wp-content\/uploads\/sites\/1188\/nggallery\/Fiesta-del-Agua\/IMG_3221.jpg\"\n\t\t\tdata-thumbnail=\"https:\/\/blogsaverroes.juntadeandalucia.es\/ceipalvarocecilia\/wp-content\/uploads\/sites\/1188\/nggallery\/Fiesta-del-Agua\/thumbs\/thumbs_IMG_3221.jpg\"\n\t\t\tdata-image-id=\"4010\"\n\t\t\tdata-title=\"IMG_3221\"\n\t\t\tdata-description=\"\"\n\t\t\tclass=\"ngg-fancybox\" rel=\"754941554ffcdf22da8fda91791678ec\">\n\n\t\t\t<img data-image-id='4010'\n\t\t\t\ttitle=\"\"\n\t\t\t\talt=\"IMG_3221\"\n\t\t\t\tsrc=\"https:\/\/blogsaverroes.juntadeandalucia.es\/ceipalvarocecilia\/wp-content\/uploads\/sites\/1188\/nggallery\/Fiesta-del-Agua\/IMG_3221.jpg\"\n\t\t\t\tstyle=\"max-height: 380px;\"\/>\n\t\t<\/a>\n\n\t\t\n\t\t<a href=\"https:\/\/blogsaverroes.juntadeandalucia.es\/ceipalvarocecilia\/wp-content\/uploads\/sites\/1188\/nggallery\/Fiesta-del-Agua\/IMG_3222.jpg\"\n\t\t\ttitle=\"\"\n\t\t\tdata-src=\"https:\/\/blogsaverroes.juntadeandalucia.es\/ceipalvarocecilia\/wp-content\/uploads\/sites\/1188\/nggallery\/Fiesta-del-Agua\/IMG_3222.jpg\"\n\t\t\tdata-thumbnail=\"https:\/\/blogsaverroes.juntadeandalucia.es\/ceipalvarocecilia\/wp-content\/uploads\/sites\/1188\/nggallery\/Fiesta-del-Agua\/thumbs\/thumbs_IMG_3222.jpg\"\n\t\t\tdata-image-id=\"4011\"\n\t\t\tdata-title=\"IMG_3222\"\n\t\t\tdata-description=\"\"\n\t\t\tclass=\"ngg-fancybox\" rel=\"754941554ffcdf22da8fda91791678ec\">\n\n\t\t\t<img data-image-id='4011'\n\t\t\t\ttitle=\"\"\n\t\t\t\talt=\"IMG_3222\"\n\t\t\t\tsrc=\"https:\/\/blogsaverroes.juntadeandalucia.es\/ceipalvarocecilia\/wp-content\/uploads\/sites\/1188\/nggallery\/Fiesta-del-Agua\/IMG_3222.jpg\"\n\t\t\t\tstyle=\"max-height: 380px;\"\/>\n\t\t<\/a>\n\n\t\t\n\t\t<a href=\"https:\/\/blogsaverroes.juntadeandalucia.es\/ceipalvarocecilia\/wp-content\/uploads\/sites\/1188\/nggallery\/Fiesta-del-Agua\/IMG_3223.jpg\"\n\t\t\ttitle=\"\"\n\t\t\tdata-src=\"https:\/\/blogsaverroes.juntadeandalucia.es\/ceipalvarocecilia\/wp-content\/uploads\/sites\/1188\/nggallery\/Fiesta-del-Agua\/IMG_3223.jpg\"\n\t\t\tdata-thumbnail=\"https:\/\/blogsaverroes.juntadeandalucia.es\/ceipalvarocecilia\/wp-content\/uploads\/sites\/1188\/nggallery\/Fiesta-del-Agua\/thumbs\/thumbs_IMG_3223.jpg\"\n\t\t\tdata-image-id=\"4012\"\n\t\t\tdata-title=\"IMG_3223\"\n\t\t\tdata-description=\"\"\n\t\t\tclass=\"ngg-fancybox\" rel=\"754941554ffcdf22da8fda91791678ec\">\n\n\t\t\t<img data-image-id='4012'\n\t\t\t\ttitle=\"\"\n\t\t\t\talt=\"IMG_3223\"\n\t\t\t\tsrc=\"https:\/\/blogsaverroes.juntadeandalucia.es\/ceipalvarocecilia\/wp-content\/uploads\/sites\/1188\/nggallery\/Fiesta-del-Agua\/IMG_3223.jpg\"\n\t\t\t\tstyle=\"max-height: 380px;\"\/>\n\t\t<\/a>\n\n\t\t\n\t\t<a href=\"https:\/\/blogsaverroes.juntadeandalucia.es\/ceipalvarocecilia\/wp-content\/uploads\/sites\/1188\/nggallery\/Fiesta-del-Agua\/IMG_3225.jpg\"\n\t\t\ttitle=\"\"\n\t\t\tdata-src=\"https:\/\/blogsaverroes.juntadeandalucia.es\/ceipalvarocecilia\/wp-content\/uploads\/sites\/1188\/nggallery\/Fiesta-del-Agua\/IMG_3225.jpg\"\n\t\t\tdata-thumbnail=\"https:\/\/blogsaverroes.juntadeandalucia.es\/ceipalvarocecilia\/wp-content\/uploads\/sites\/1188\/nggallery\/Fiesta-del-Agua\/thumbs\/thumbs_IMG_3225.jpg\"\n\t\t\tdata-image-id=\"4013\"\n\t\t\tdata-title=\"IMG_3225\"\n\t\t\tdata-description=\"\"\n\t\t\tclass=\"ngg-fancybox\" rel=\"754941554ffcdf22da8fda91791678ec\">\n\n\t\t\t<img data-image-id='4013'\n\t\t\t\ttitle=\"\"\n\t\t\t\talt=\"IMG_3225\"\n\t\t\t\tsrc=\"https:\/\/blogsaverroes.juntadeandalucia.es\/ceipalvarocecilia\/wp-content\/uploads\/sites\/1188\/nggallery\/Fiesta-del-Agua\/IMG_3225.jpg\"\n\t\t\t\tstyle=\"max-height: 380px;\"\/>\n\t\t<\/a>\n\n\t\t\n\t\t<a href=\"https:\/\/blogsaverroes.juntadeandalucia.es\/ceipalvarocecilia\/wp-content\/uploads\/sites\/1188\/nggallery\/Fiesta-del-Agua\/IMG_3227.jpg\"\n\t\t\ttitle=\"\"\n\t\t\tdata-src=\"https:\/\/blogsaverroes.juntadeandalucia.es\/ceipalvarocecilia\/wp-content\/uploads\/sites\/1188\/nggallery\/Fiesta-del-Agua\/IMG_3227.jpg\"\n\t\t\tdata-thumbnail=\"https:\/\/blogsaverroes.juntadeandalucia.es\/ceipalvarocecilia\/wp-content\/uploads\/sites\/1188\/nggallery\/Fiesta-del-Agua\/thumbs\/thumbs_IMG_3227.jpg\"\n\t\t\tdata-image-id=\"4014\"\n\t\t\tdata-title=\"IMG_3227\"\n\t\t\tdata-description=\"\"\n\t\t\tclass=\"ngg-fancybox\" rel=\"754941554ffcdf22da8fda91791678ec\">\n\n\t\t\t<img data-image-id='4014'\n\t\t\t\ttitle=\"\"\n\t\t\t\talt=\"IMG_3227\"\n\t\t\t\tsrc=\"https:\/\/blogsaverroes.juntadeandalucia.es\/ceipalvarocecilia\/wp-content\/uploads\/sites\/1188\/nggallery\/Fiesta-del-Agua\/IMG_3227.jpg\"\n\t\t\t\tstyle=\"max-height: 380px;\"\/>\n\t\t<\/a>\n\n\t\t\n\t\t<a href=\"https:\/\/blogsaverroes.juntadeandalucia.es\/ceipalvarocecilia\/wp-content\/uploads\/sites\/1188\/nggallery\/Fiesta-del-Agua\/IMG_3228.jpg\"\n\t\t\ttitle=\"\"\n\t\t\tdata-src=\"https:\/\/blogsaverroes.juntadeandalucia.es\/ceipalvarocecilia\/wp-content\/uploads\/sites\/1188\/nggallery\/Fiesta-del-Agua\/IMG_3228.jpg\"\n\t\t\tdata-thumbnail=\"https:\/\/blogsaverroes.juntadeandalucia.es\/ceipalvarocecilia\/wp-content\/uploads\/sites\/1188\/nggallery\/Fiesta-del-Agua\/thumbs\/thumbs_IMG_3228.jpg\"\n\t\t\tdata-image-id=\"4015\"\n\t\t\tdata-title=\"IMG_3228\"\n\t\t\tdata-description=\"\"\n\t\t\tclass=\"ngg-fancybox\" rel=\"754941554ffcdf22da8fda91791678ec\">\n\n\t\t\t<img data-image-id='4015'\n\t\t\t\ttitle=\"\"\n\t\t\t\talt=\"IMG_3228\"\n\t\t\t\tsrc=\"https:\/\/blogsaverroes.juntadeandalucia.es\/ceipalvarocecilia\/wp-content\/uploads\/sites\/1188\/nggallery\/Fiesta-del-Agua\/IMG_3228.jpg\"\n\t\t\t\tstyle=\"max-height: 380px;\"\/>\n\t\t<\/a>\n\n\t\t\n\t\t<a href=\"https:\/\/blogsaverroes.juntadeandalucia.es\/ceipalvarocecilia\/wp-content\/uploads\/sites\/1188\/nggallery\/Fiesta-del-Agua\/IMG_3232.jpg\"\n\t\t\ttitle=\"\"\n\t\t\tdata-src=\"https:\/\/blogsaverroes.juntadeandalucia.es\/ceipalvarocecilia\/wp-content\/uploads\/sites\/1188\/nggallery\/Fiesta-del-Agua\/IMG_3232.jpg\"\n\t\t\tdata-thumbnail=\"https:\/\/blogsaverroes.juntadeandalucia.es\/ceipalvarocecilia\/wp-content\/uploads\/sites\/1188\/nggallery\/Fiesta-del-Agua\/thumbs\/thumbs_IMG_3232.jpg\"\n\t\t\tdata-image-id=\"4016\"\n\t\t\tdata-title=\"IMG_3232\"\n\t\t\tdata-description=\"\"\n\t\t\tclass=\"ngg-fancybox\" rel=\"754941554ffcdf22da8fda91791678ec\">\n\n\t\t\t<img data-image-id='4016'\n\t\t\t\ttitle=\"\"\n\t\t\t\talt=\"IMG_3232\"\n\t\t\t\tsrc=\"https:\/\/blogsaverroes.juntadeandalucia.es\/ceipalvarocecilia\/wp-content\/uploads\/sites\/1188\/nggallery\/Fiesta-del-Agua\/IMG_3232.jpg\"\n\t\t\t\tstyle=\"max-height: 380px;\"\/>\n\t\t<\/a>\n\n\t\t\n\t\t<a href=\"https:\/\/blogsaverroes.juntadeandalucia.es\/ceipalvarocecilia\/wp-content\/uploads\/sites\/1188\/nggallery\/Fiesta-del-Agua\/IMG_3233.jpg\"\n\t\t\ttitle=\"\"\n\t\t\tdata-src=\"https:\/\/blogsaverroes.juntadeandalucia.es\/ceipalvarocecilia\/wp-content\/uploads\/sites\/1188\/nggallery\/Fiesta-del-Agua\/IMG_3233.jpg\"\n\t\t\tdata-thumbnail=\"https:\/\/blogsaverroes.juntadeandalucia.es\/ceipalvarocecilia\/wp-content\/uploads\/sites\/1188\/nggallery\/Fiesta-del-Agua\/thumbs\/thumbs_IMG_3233.jpg\"\n\t\t\tdata-image-id=\"4017\"\n\t\t\tdata-title=\"IMG_3233\"\n\t\t\tdata-description=\"\"\n\t\t\tclass=\"ngg-fancybox\" rel=\"754941554ffcdf22da8fda91791678ec\">\n\n\t\t\t<img data-image-id='4017'\n\t\t\t\ttitle=\"\"\n\t\t\t\talt=\"IMG_3233\"\n\t\t\t\tsrc=\"https:\/\/blogsaverroes.juntadeandalucia.es\/ceipalvarocecilia\/wp-content\/uploads\/sites\/1188\/nggallery\/Fiesta-del-Agua\/IMG_3233.jpg\"\n\t\t\t\tstyle=\"max-height: 380px;\"\/>\n\t\t<\/a>\n\n\t\t\n\t\t<a href=\"https:\/\/blogsaverroes.juntadeandalucia.es\/ceipalvarocecilia\/wp-content\/uploads\/sites\/1188\/nggallery\/Fiesta-del-Agua\/IMG_3234.jpg\"\n\t\t\ttitle=\"\"\n\t\t\tdata-src=\"https:\/\/blogsaverroes.juntadeandalucia.es\/ceipalvarocecilia\/wp-content\/uploads\/sites\/1188\/nggallery\/Fiesta-del-Agua\/IMG_3234.jpg\"\n\t\t\tdata-thumbnail=\"https:\/\/blogsaverroes.juntadeandalucia.es\/ceipalvarocecilia\/wp-content\/uploads\/sites\/1188\/nggallery\/Fiesta-del-Agua\/thumbs\/thumbs_IMG_3234.jpg\"\n\t\t\tdata-image-id=\"4018\"\n\t\t\tdata-title=\"IMG_3234\"\n\t\t\tdata-description=\"\"\n\t\t\tclass=\"ngg-fancybox\" rel=\"754941554ffcdf22da8fda91791678ec\">\n\n\t\t\t<img data-image-id='4018'\n\t\t\t\ttitle=\"\"\n\t\t\t\talt=\"IMG_3234\"\n\t\t\t\tsrc=\"https:\/\/blogsaverroes.juntadeandalucia.es\/ceipalvarocecilia\/wp-content\/uploads\/sites\/1188\/nggallery\/Fiesta-del-Agua\/IMG_3234.jpg\"\n\t\t\t\tstyle=\"max-height: 380px;\"\/>\n\t\t<\/a>\n\n\t\t\n\t\t<a href=\"https:\/\/blogsaverroes.juntadeandalucia.es\/ceipalvarocecilia\/wp-content\/uploads\/sites\/1188\/nggallery\/Fiesta-del-Agua\/IMG_3235.jpg\"\n\t\t\ttitle=\"\"\n\t\t\tdata-src=\"https:\/\/blogsaverroes.juntadeandalucia.es\/ceipalvarocecilia\/wp-content\/uploads\/sites\/1188\/nggallery\/Fiesta-del-Agua\/IMG_3235.jpg\"\n\t\t\tdata-thumbnail=\"https:\/\/blogsaverroes.juntadeandalucia.es\/ceipalvarocecilia\/wp-content\/uploads\/sites\/1188\/nggallery\/Fiesta-del-Agua\/thumbs\/thumbs_IMG_3235.jpg\"\n\t\t\tdata-image-id=\"4019\"\n\t\t\tdata-title=\"IMG_3235\"\n\t\t\tdata-description=\"\"\n\t\t\tclass=\"ngg-fancybox\" rel=\"754941554ffcdf22da8fda91791678ec\">\n\n\t\t\t<img data-image-id='4019'\n\t\t\t\ttitle=\"\"\n\t\t\t\talt=\"IMG_3235\"\n\t\t\t\tsrc=\"https:\/\/blogsaverroes.juntadeandalucia.es\/ceipalvarocecilia\/wp-content\/uploads\/sites\/1188\/nggallery\/Fiesta-del-Agua\/IMG_3235.jpg\"\n\t\t\t\tstyle=\"max-height: 380px;\"\/>\n\t\t<\/a>\n\n\t\t\n\t\t<a href=\"https:\/\/blogsaverroes.juntadeandalucia.es\/ceipalvarocecilia\/wp-content\/uploads\/sites\/1188\/nggallery\/Fiesta-del-Agua\/IMG_3236.jpg\"\n\t\t\ttitle=\"\"\n\t\t\tdata-src=\"https:\/\/blogsaverroes.juntadeandalucia.es\/ceipalvarocecilia\/wp-content\/uploads\/sites\/1188\/nggallery\/Fiesta-del-Agua\/IMG_3236.jpg\"\n\t\t\tdata-thumbnail=\"https:\/\/blogsaverroes.juntadeandalucia.es\/ceipalvarocecilia\/wp-content\/uploads\/sites\/1188\/nggallery\/Fiesta-del-Agua\/thumbs\/thumbs_IMG_3236.jpg\"\n\t\t\tdata-image-id=\"4020\"\n\t\t\tdata-title=\"IMG_3236\"\n\t\t\tdata-description=\"\"\n\t\t\tclass=\"ngg-fancybox\" rel=\"754941554ffcdf22da8fda91791678ec\">\n\n\t\t\t<img data-image-id='4020'\n\t\t\t\ttitle=\"\"\n\t\t\t\talt=\"IMG_3236\"\n\t\t\t\tsrc=\"https:\/\/blogsaverroes.juntadeandalucia.es\/ceipalvarocecilia\/wp-content\/uploads\/sites\/1188\/nggallery\/Fiesta-del-Agua\/IMG_3236.jpg\"\n\t\t\t\tstyle=\"max-height: 380px;\"\/>\n\t\t<\/a>\n\n\t\t\n\t\t<a href=\"https:\/\/blogsaverroes.juntadeandalucia.es\/ceipalvarocecilia\/wp-content\/uploads\/sites\/1188\/nggallery\/Fiesta-del-Agua\/IMG_3237.jpg\"\n\t\t\ttitle=\"\"\n\t\t\tdata-src=\"https:\/\/blogsaverroes.juntadeandalucia.es\/ceipalvarocecilia\/wp-content\/uploads\/sites\/1188\/nggallery\/Fiesta-del-Agua\/IMG_3237.jpg\"\n\t\t\tdata-thumbnail=\"https:\/\/blogsaverroes.juntadeandalucia.es\/ceipalvarocecilia\/wp-content\/uploads\/sites\/1188\/nggallery\/Fiesta-del-Agua\/thumbs\/thumbs_IMG_3237.jpg\"\n\t\t\tdata-image-id=\"4021\"\n\t\t\tdata-title=\"IMG_3237\"\n\t\t\tdata-description=\"\"\n\t\t\tclass=\"ngg-fancybox\" rel=\"754941554ffcdf22da8fda91791678ec\">\n\n\t\t\t<img data-image-id='4021'\n\t\t\t\ttitle=\"\"\n\t\t\t\talt=\"IMG_3237\"\n\t\t\t\tsrc=\"https:\/\/blogsaverroes.juntadeandalucia.es\/ceipalvarocecilia\/wp-content\/uploads\/sites\/1188\/nggallery\/Fiesta-del-Agua\/IMG_3237.jpg\"\n\t\t\t\tstyle=\"max-height: 380px;\"\/>\n\t\t<\/a>\n\n\t\t\n\t\t<a href=\"https:\/\/blogsaverroes.juntadeandalucia.es\/ceipalvarocecilia\/wp-content\/uploads\/sites\/1188\/nggallery\/Fiesta-del-Agua\/IMG_3238.jpg\"\n\t\t\ttitle=\"\"\n\t\t\tdata-src=\"https:\/\/blogsaverroes.juntadeandalucia.es\/ceipalvarocecilia\/wp-content\/uploads\/sites\/1188\/nggallery\/Fiesta-del-Agua\/IMG_3238.jpg\"\n\t\t\tdata-thumbnail=\"https:\/\/blogsaverroes.juntadeandalucia.es\/ceipalvarocecilia\/wp-content\/uploads\/sites\/1188\/nggallery\/Fiesta-del-Agua\/thumbs\/thumbs_IMG_3238.jpg\"\n\t\t\tdata-image-id=\"4022\"\n\t\t\tdata-title=\"IMG_3238\"\n\t\t\tdata-description=\"\"\n\t\t\tclass=\"ngg-fancybox\" rel=\"754941554ffcdf22da8fda91791678ec\">\n\n\t\t\t<img data-image-id='4022'\n\t\t\t\ttitle=\"\"\n\t\t\t\talt=\"IMG_3238\"\n\t\t\t\tsrc=\"https:\/\/blogsaverroes.juntadeandalucia.es\/ceipalvarocecilia\/wp-content\/uploads\/sites\/1188\/nggallery\/Fiesta-del-Agua\/IMG_3238.jpg\"\n\t\t\t\tstyle=\"max-height: 380px;\"\/>\n\t\t<\/a>\n\n\t\t\n\t\t<a href=\"https:\/\/blogsaverroes.juntadeandalucia.es\/ceipalvarocecilia\/wp-content\/uploads\/sites\/1188\/nggallery\/Fiesta-del-Agua\/IMG_3239.jpg\"\n\t\t\ttitle=\"\"\n\t\t\tdata-src=\"https:\/\/blogsaverroes.juntadeandalucia.es\/ceipalvarocecilia\/wp-content\/uploads\/sites\/1188\/nggallery\/Fiesta-del-Agua\/IMG_3239.jpg\"\n\t\t\tdata-thumbnail=\"https:\/\/blogsaverroes.juntadeandalucia.es\/ceipalvarocecilia\/wp-content\/uploads\/sites\/1188\/nggallery\/Fiesta-del-Agua\/thumbs\/thumbs_IMG_3239.jpg\"\n\t\t\tdata-image-id=\"4023\"\n\t\t\tdata-title=\"IMG_3239\"\n\t\t\tdata-description=\"\"\n\t\t\tclass=\"ngg-fancybox\" rel=\"754941554ffcdf22da8fda91791678ec\">\n\n\t\t\t<img data-image-id='4023'\n\t\t\t\ttitle=\"\"\n\t\t\t\talt=\"IMG_3239\"\n\t\t\t\tsrc=\"https:\/\/blogsaverroes.juntadeandalucia.es\/ceipalvarocecilia\/wp-content\/uploads\/sites\/1188\/nggallery\/Fiesta-del-Agua\/IMG_3239.jpg\"\n\t\t\t\tstyle=\"max-height: 380px;\"\/>\n\t\t<\/a>\n\n\t\t\n\t\t<a href=\"https:\/\/blogsaverroes.juntadeandalucia.es\/ceipalvarocecilia\/wp-content\/uploads\/sites\/1188\/nggallery\/Fiesta-del-Agua\/IMG_3240.jpg\"\n\t\t\ttitle=\"\"\n\t\t\tdata-src=\"https:\/\/blogsaverroes.juntadeandalucia.es\/ceipalvarocecilia\/wp-content\/uploads\/sites\/1188\/nggallery\/Fiesta-del-Agua\/IMG_3240.jpg\"\n\t\t\tdata-thumbnail=\"https:\/\/blogsaverroes.juntadeandalucia.es\/ceipalvarocecilia\/wp-content\/uploads\/sites\/1188\/nggallery\/Fiesta-del-Agua\/thumbs\/thumbs_IMG_3240.jpg\"\n\t\t\tdata-image-id=\"4024\"\n\t\t\tdata-title=\"IMG_3240\"\n\t\t\tdata-description=\"\"\n\t\t\tclass=\"ngg-fancybox\" rel=\"754941554ffcdf22da8fda91791678ec\">\n\n\t\t\t<img data-image-id='4024'\n\t\t\t\ttitle=\"\"\n\t\t\t\talt=\"IMG_3240\"\n\t\t\t\tsrc=\"https:\/\/blogsaverroes.juntadeandalucia.es\/ceipalvarocecilia\/wp-content\/uploads\/sites\/1188\/nggallery\/Fiesta-del-Agua\/IMG_3240.jpg\"\n\t\t\t\tstyle=\"max-height: 380px;\"\/>\n\t\t<\/a>\n\n\t\t\n\t\t<a href=\"https:\/\/blogsaverroes.juntadeandalucia.es\/ceipalvarocecilia\/wp-content\/uploads\/sites\/1188\/nggallery\/Fiesta-del-Agua\/IMG_3241.jpg\"\n\t\t\ttitle=\"\"\n\t\t\tdata-src=\"https:\/\/blogsaverroes.juntadeandalucia.es\/ceipalvarocecilia\/wp-content\/uploads\/sites\/1188\/nggallery\/Fiesta-del-Agua\/IMG_3241.jpg\"\n\t\t\tdata-thumbnail=\"https:\/\/blogsaverroes.juntadeandalucia.es\/ceipalvarocecilia\/wp-content\/uploads\/sites\/1188\/nggallery\/Fiesta-del-Agua\/thumbs\/thumbs_IMG_3241.jpg\"\n\t\t\tdata-image-id=\"4025\"\n\t\t\tdata-title=\"IMG_3241\"\n\t\t\tdata-description=\"\"\n\t\t\tclass=\"ngg-fancybox\" rel=\"754941554ffcdf22da8fda91791678ec\">\n\n\t\t\t<img data-image-id='4025'\n\t\t\t\ttitle=\"\"\n\t\t\t\talt=\"IMG_3241\"\n\t\t\t\tsrc=\"https:\/\/blogsaverroes.juntadeandalucia.es\/ceipalvarocecilia\/wp-content\/uploads\/sites\/1188\/nggallery\/Fiesta-del-Agua\/IMG_3241.jpg\"\n\t\t\t\tstyle=\"max-height: 380px;\"\/>\n\t\t<\/a>\n\n\t\t\n\t\t<a href=\"https:\/\/blogsaverroes.juntadeandalucia.es\/ceipalvarocecilia\/wp-content\/uploads\/sites\/1188\/nggallery\/Fiesta-del-Agua\/IMG_3242.jpg\"\n\t\t\ttitle=\"\"\n\t\t\tdata-src=\"https:\/\/blogsaverroes.juntadeandalucia.es\/ceipalvarocecilia\/wp-content\/uploads\/sites\/1188\/nggallery\/Fiesta-del-Agua\/IMG_3242.jpg\"\n\t\t\tdata-thumbnail=\"https:\/\/blogsaverroes.juntadeandalucia.es\/ceipalvarocecilia\/wp-content\/uploads\/sites\/1188\/nggallery\/Fiesta-del-Agua\/thumbs\/thumbs_IMG_3242.jpg\"\n\t\t\tdata-image-id=\"4026\"\n\t\t\tdata-title=\"IMG_3242\"\n\t\t\tdata-description=\"\"\n\t\t\tclass=\"ngg-fancybox\" rel=\"754941554ffcdf22da8fda91791678ec\">\n\n\t\t\t<img data-image-id='4026'\n\t\t\t\ttitle=\"\"\n\t\t\t\talt=\"IMG_3242\"\n\t\t\t\tsrc=\"https:\/\/blogsaverroes.juntadeandalucia.es\/ceipalvarocecilia\/wp-content\/uploads\/sites\/1188\/nggallery\/Fiesta-del-Agua\/IMG_3242.jpg\"\n\t\t\t\tstyle=\"max-height: 380px;\"\/>\n\t\t<\/a>\n\n\t\t\n\t\t<a href=\"https:\/\/blogsaverroes.juntadeandalucia.es\/ceipalvarocecilia\/wp-content\/uploads\/sites\/1188\/nggallery\/Fiesta-del-Agua\/IMG_3243.jpg\"\n\t\t\ttitle=\"\"\n\t\t\tdata-src=\"https:\/\/blogsaverroes.juntadeandalucia.es\/ceipalvarocecilia\/wp-content\/uploads\/sites\/1188\/nggallery\/Fiesta-del-Agua\/IMG_3243.jpg\"\n\t\t\tdata-thumbnail=\"https:\/\/blogsaverroes.juntadeandalucia.es\/ceipalvarocecilia\/wp-content\/uploads\/sites\/1188\/nggallery\/Fiesta-del-Agua\/thumbs\/thumbs_IMG_3243.jpg\"\n\t\t\tdata-image-id=\"4027\"\n\t\t\tdata-title=\"IMG_3243\"\n\t\t\tdata-description=\"\"\n\t\t\tclass=\"ngg-fancybox\" rel=\"754941554ffcdf22da8fda91791678ec\">\n\n\t\t\t<img data-image-id='4027'\n\t\t\t\ttitle=\"\"\n\t\t\t\talt=\"IMG_3243\"\n\t\t\t\tsrc=\"https:\/\/blogsaverroes.juntadeandalucia.es\/ceipalvarocecilia\/wp-content\/uploads\/sites\/1188\/nggallery\/Fiesta-del-Agua\/IMG_3243.jpg\"\n\t\t\t\tstyle=\"max-height: 380px;\"\/>\n\t\t<\/a>\n\n\t\t\n\t\t<a href=\"https:\/\/blogsaverroes.juntadeandalucia.es\/ceipalvarocecilia\/wp-content\/uploads\/sites\/1188\/nggallery\/Fiesta-del-Agua\/IMG_3244.jpg\"\n\t\t\ttitle=\"\"\n\t\t\tdata-src=\"https:\/\/blogsaverroes.juntadeandalucia.es\/ceipalvarocecilia\/wp-content\/uploads\/sites\/1188\/nggallery\/Fiesta-del-Agua\/IMG_3244.jpg\"\n\t\t\tdata-thumbnail=\"https:\/\/blogsaverroes.juntadeandalucia.es\/ceipalvarocecilia\/wp-content\/uploads\/sites\/1188\/nggallery\/Fiesta-del-Agua\/thumbs\/thumbs_IMG_3244.jpg\"\n\t\t\tdata-image-id=\"4028\"\n\t\t\tdata-title=\"IMG_3244\"\n\t\t\tdata-description=\"\"\n\t\t\tclass=\"ngg-fancybox\" rel=\"754941554ffcdf22da8fda91791678ec\">\n\n\t\t\t<img data-image-id='4028'\n\t\t\t\ttitle=\"\"\n\t\t\t\talt=\"IMG_3244\"\n\t\t\t\tsrc=\"https:\/\/blogsaverroes.juntadeandalucia.es\/ceipalvarocecilia\/wp-content\/uploads\/sites\/1188\/nggallery\/Fiesta-del-Agua\/IMG_3244.jpg\"\n\t\t\t\tstyle=\"max-height: 380px;\"\/>\n\t\t<\/a>\n\n\t\t\n\t\t<a href=\"https:\/\/blogsaverroes.juntadeandalucia.es\/ceipalvarocecilia\/wp-content\/uploads\/sites\/1188\/nggallery\/Fiesta-del-Agua\/IMG_3245.jpg\"\n\t\t\ttitle=\"\"\n\t\t\tdata-src=\"https:\/\/blogsaverroes.juntadeandalucia.es\/ceipalvarocecilia\/wp-content\/uploads\/sites\/1188\/nggallery\/Fiesta-del-Agua\/IMG_3245.jpg\"\n\t\t\tdata-thumbnail=\"https:\/\/blogsaverroes.juntadeandalucia.es\/ceipalvarocecilia\/wp-content\/uploads\/sites\/1188\/nggallery\/Fiesta-del-Agua\/thumbs\/thumbs_IMG_3245.jpg\"\n\t\t\tdata-image-id=\"4029\"\n\t\t\tdata-title=\"IMG_3245\"\n\t\t\tdata-description=\"\"\n\t\t\tclass=\"ngg-fancybox\" rel=\"754941554ffcdf22da8fda91791678ec\">\n\n\t\t\t<img data-image-id='4029'\n\t\t\t\ttitle=\"\"\n\t\t\t\talt=\"IMG_3245\"\n\t\t\t\tsrc=\"https:\/\/blogsaverroes.juntadeandalucia.es\/ceipalvarocecilia\/wp-content\/uploads\/sites\/1188\/nggallery\/Fiesta-del-Agua\/IMG_3245.jpg\"\n\t\t\t\tstyle=\"max-height: 380px;\"\/>\n\t\t<\/a>\n\n\t\t\n\t\t<a href=\"https:\/\/blogsaverroes.juntadeandalucia.es\/ceipalvarocecilia\/wp-content\/uploads\/sites\/1188\/nggallery\/Fiesta-del-Agua\/IMG_3246.jpg\"\n\t\t\ttitle=\"\"\n\t\t\tdata-src=\"https:\/\/blogsaverroes.juntadeandalucia.es\/ceipalvarocecilia\/wp-content\/uploads\/sites\/1188\/nggallery\/Fiesta-del-Agua\/IMG_3246.jpg\"\n\t\t\tdata-thumbnail=\"https:\/\/blogsaverroes.juntadeandalucia.es\/ceipalvarocecilia\/wp-content\/uploads\/sites\/1188\/nggallery\/Fiesta-del-Agua\/thumbs\/thumbs_IMG_3246.jpg\"\n\t\t\tdata-image-id=\"4030\"\n\t\t\tdata-title=\"IMG_3246\"\n\t\t\tdata-description=\"\"\n\t\t\tclass=\"ngg-fancybox\" rel=\"754941554ffcdf22da8fda91791678ec\">\n\n\t\t\t<img data-image-id='4030'\n\t\t\t\ttitle=\"\"\n\t\t\t\talt=\"IMG_3246\"\n\t\t\t\tsrc=\"https:\/\/blogsaverroes.juntadeandalucia.es\/ceipalvarocecilia\/wp-content\/uploads\/sites\/1188\/nggallery\/Fiesta-del-Agua\/IMG_3246.jpg\"\n\t\t\t\tstyle=\"max-height: 380px;\"\/>\n\t\t<\/a>\n\n\t\t\n\t\t<a href=\"https:\/\/blogsaverroes.juntadeandalucia.es\/ceipalvarocecilia\/wp-content\/uploads\/sites\/1188\/nggallery\/Fiesta-del-Agua\/IMG_3247.jpg\"\n\t\t\ttitle=\"\"\n\t\t\tdata-src=\"https:\/\/blogsaverroes.juntadeandalucia.es\/ceipalvarocecilia\/wp-content\/uploads\/sites\/1188\/nggallery\/Fiesta-del-Agua\/IMG_3247.jpg\"\n\t\t\tdata-thumbnail=\"https:\/\/blogsaverroes.juntadeandalucia.es\/ceipalvarocecilia\/wp-content\/uploads\/sites\/1188\/nggallery\/Fiesta-del-Agua\/thumbs\/thumbs_IMG_3247.jpg\"\n\t\t\tdata-image-id=\"4031\"\n\t\t\tdata-title=\"IMG_3247\"\n\t\t\tdata-description=\"\"\n\t\t\tclass=\"ngg-fancybox\" rel=\"754941554ffcdf22da8fda91791678ec\">\n\n\t\t\t<img data-image-id='4031'\n\t\t\t\ttitle=\"\"\n\t\t\t\talt=\"IMG_3247\"\n\t\t\t\tsrc=\"https:\/\/blogsaverroes.juntadeandalucia.es\/ceipalvarocecilia\/wp-content\/uploads\/sites\/1188\/nggallery\/Fiesta-del-Agua\/IMG_3247.jpg\"\n\t\t\t\tstyle=\"max-height: 380px;\"\/>\n\t\t<\/a>\n\n\t\t\n\t\t<a href=\"https:\/\/blogsaverroes.juntadeandalucia.es\/ceipalvarocecilia\/wp-content\/uploads\/sites\/1188\/nggallery\/Fiesta-del-Agua\/IMG_3248.jpg\"\n\t\t\ttitle=\"\"\n\t\t\tdata-src=\"https:\/\/blogsaverroes.juntadeandalucia.es\/ceipalvarocecilia\/wp-content\/uploads\/sites\/1188\/nggallery\/Fiesta-del-Agua\/IMG_3248.jpg\"\n\t\t\tdata-thumbnail=\"https:\/\/blogsaverroes.juntadeandalucia.es\/ceipalvarocecilia\/wp-content\/uploads\/sites\/1188\/nggallery\/Fiesta-del-Agua\/thumbs\/thumbs_IMG_3248.jpg\"\n\t\t\tdata-image-id=\"4032\"\n\t\t\tdata-title=\"IMG_3248\"\n\t\t\tdata-description=\"\"\n\t\t\tclass=\"ngg-fancybox\" rel=\"754941554ffcdf22da8fda91791678ec\">\n\n\t\t\t<img data-image-id='4032'\n\t\t\t\ttitle=\"\"\n\t\t\t\talt=\"IMG_3248\"\n\t\t\t\tsrc=\"https:\/\/blogsaverroes.juntadeandalucia.es\/ceipalvarocecilia\/wp-content\/uploads\/sites\/1188\/nggallery\/Fiesta-del-Agua\/IMG_3248.jpg\"\n\t\t\t\tstyle=\"max-height: 380px;\"\/>\n\t\t<\/a>\n\n\t\t\n\t\t<a href=\"https:\/\/blogsaverroes.juntadeandalucia.es\/ceipalvarocecilia\/wp-content\/uploads\/sites\/1188\/nggallery\/Fiesta-del-Agua\/IMG_3249.jpg\"\n\t\t\ttitle=\"\"\n\t\t\tdata-src=\"https:\/\/blogsaverroes.juntadeandalucia.es\/ceipalvarocecilia\/wp-content\/uploads\/sites\/1188\/nggallery\/Fiesta-del-Agua\/IMG_3249.jpg\"\n\t\t\tdata-thumbnail=\"https:\/\/blogsaverroes.juntadeandalucia.es\/ceipalvarocecilia\/wp-content\/uploads\/sites\/1188\/nggallery\/Fiesta-del-Agua\/thumbs\/thumbs_IMG_3249.jpg\"\n\t\t\tdata-image-id=\"4033\"\n\t\t\tdata-title=\"IMG_3249\"\n\t\t\tdata-description=\"\"\n\t\t\tclass=\"ngg-fancybox\" rel=\"754941554ffcdf22da8fda91791678ec\">\n\n\t\t\t<img data-image-id='4033'\n\t\t\t\ttitle=\"\"\n\t\t\t\talt=\"IMG_3249\"\n\t\t\t\tsrc=\"https:\/\/blogsaverroes.juntadeandalucia.es\/ceipalvarocecilia\/wp-content\/uploads\/sites\/1188\/nggallery\/Fiesta-del-Agua\/IMG_3249.jpg\"\n\t\t\t\tstyle=\"max-height: 380px;\"\/>\n\t\t<\/a>\n\n\t\t\n\t\t<a href=\"https:\/\/blogsaverroes.juntadeandalucia.es\/ceipalvarocecilia\/wp-content\/uploads\/sites\/1188\/nggallery\/Fiesta-del-Agua\/IMG_3250.jpg\"\n\t\t\ttitle=\"\"\n\t\t\tdata-src=\"https:\/\/blogsaverroes.juntadeandalucia.es\/ceipalvarocecilia\/wp-content\/uploads\/sites\/1188\/nggallery\/Fiesta-del-Agua\/IMG_3250.jpg\"\n\t\t\tdata-thumbnail=\"https:\/\/blogsaverroes.juntadeandalucia.es\/ceipalvarocecilia\/wp-content\/uploads\/sites\/1188\/nggallery\/Fiesta-del-Agua\/thumbs\/thumbs_IMG_3250.jpg\"\n\t\t\tdata-image-id=\"4034\"\n\t\t\tdata-title=\"IMG_3250\"\n\t\t\tdata-description=\"\"\n\t\t\tclass=\"ngg-fancybox\" rel=\"754941554ffcdf22da8fda91791678ec\">\n\n\t\t\t<img data-image-id='4034'\n\t\t\t\ttitle=\"\"\n\t\t\t\talt=\"IMG_3250\"\n\t\t\t\tsrc=\"https:\/\/blogsaverroes.juntadeandalucia.es\/ceipalvarocecilia\/wp-content\/uploads\/sites\/1188\/nggallery\/Fiesta-del-Agua\/IMG_3250.jpg\"\n\t\t\t\tstyle=\"max-height: 380px;\"\/>\n\t\t<\/a>\n\n\t\t\n\t\t<a href=\"https:\/\/blogsaverroes.juntadeandalucia.es\/ceipalvarocecilia\/wp-content\/uploads\/sites\/1188\/nggallery\/Fiesta-del-Agua\/IMG_3251.jpg\"\n\t\t\ttitle=\"\"\n\t\t\tdata-src=\"https:\/\/blogsaverroes.juntadeandalucia.es\/ceipalvarocecilia\/wp-content\/uploads\/sites\/1188\/nggallery\/Fiesta-del-Agua\/IMG_3251.jpg\"\n\t\t\tdata-thumbnail=\"https:\/\/blogsaverroes.juntadeandalucia.es\/ceipalvarocecilia\/wp-content\/uploads\/sites\/1188\/nggallery\/Fiesta-del-Agua\/thumbs\/thumbs_IMG_3251.jpg\"\n\t\t\tdata-image-id=\"4035\"\n\t\t\tdata-title=\"IMG_3251\"\n\t\t\tdata-description=\"\"\n\t\t\tclass=\"ngg-fancybox\" rel=\"754941554ffcdf22da8fda91791678ec\">\n\n\t\t\t<img data-image-id='4035'\n\t\t\t\ttitle=\"\"\n\t\t\t\talt=\"IMG_3251\"\n\t\t\t\tsrc=\"https:\/\/blogsaverroes.juntadeandalucia.es\/ceipalvarocecilia\/wp-content\/uploads\/sites\/1188\/nggallery\/Fiesta-del-Agua\/IMG_3251.jpg\"\n\t\t\t\tstyle=\"max-height: 380px;\"\/>\n\t\t<\/a>\n\n\t\t\n\t\t<a href=\"https:\/\/blogsaverroes.juntadeandalucia.es\/ceipalvarocecilia\/wp-content\/uploads\/sites\/1188\/nggallery\/Fiesta-del-Agua\/IMG_3252.jpg\"\n\t\t\ttitle=\"\"\n\t\t\tdata-src=\"https:\/\/blogsaverroes.juntadeandalucia.es\/ceipalvarocecilia\/wp-content\/uploads\/sites\/1188\/nggallery\/Fiesta-del-Agua\/IMG_3252.jpg\"\n\t\t\tdata-thumbnail=\"https:\/\/blogsaverroes.juntadeandalucia.es\/ceipalvarocecilia\/wp-content\/uploads\/sites\/1188\/nggallery\/Fiesta-del-Agua\/thumbs\/thumbs_IMG_3252.jpg\"\n\t\t\tdata-image-id=\"4036\"\n\t\t\tdata-title=\"IMG_3252\"\n\t\t\tdata-description=\"\"\n\t\t\tclass=\"ngg-fancybox\" rel=\"754941554ffcdf22da8fda91791678ec\">\n\n\t\t\t<img data-image-id='4036'\n\t\t\t\ttitle=\"\"\n\t\t\t\talt=\"IMG_3252\"\n\t\t\t\tsrc=\"https:\/\/blogsaverroes.juntadeandalucia.es\/ceipalvarocecilia\/wp-content\/uploads\/sites\/1188\/nggallery\/Fiesta-del-Agua\/IMG_3252.jpg\"\n\t\t\t\tstyle=\"max-height: 380px;\"\/>\n\t\t<\/a>\n\n\t\t\n\t\t<a href=\"https:\/\/blogsaverroes.juntadeandalucia.es\/ceipalvarocecilia\/wp-content\/uploads\/sites\/1188\/nggallery\/Fiesta-del-Agua\/IMG_3253.jpg\"\n\t\t\ttitle=\"\"\n\t\t\tdata-src=\"https:\/\/blogsaverroes.juntadeandalucia.es\/ceipalvarocecilia\/wp-content\/uploads\/sites\/1188\/nggallery\/Fiesta-del-Agua\/IMG_3253.jpg\"\n\t\t\tdata-thumbnail=\"https:\/\/blogsaverroes.juntadeandalucia.es\/ceipalvarocecilia\/wp-content\/uploads\/sites\/1188\/nggallery\/Fiesta-del-Agua\/thumbs\/thumbs_IMG_3253.jpg\"\n\t\t\tdata-image-id=\"4037\"\n\t\t\tdata-title=\"IMG_3253\"\n\t\t\tdata-description=\"\"\n\t\t\tclass=\"ngg-fancybox\" rel=\"754941554ffcdf22da8fda91791678ec\">\n\n\t\t\t<img data-image-id='4037'\n\t\t\t\ttitle=\"\"\n\t\t\t\talt=\"IMG_3253\"\n\t\t\t\tsrc=\"https:\/\/blogsaverroes.juntadeandalucia.es\/ceipalvarocecilia\/wp-content\/uploads\/sites\/1188\/nggallery\/Fiesta-del-Agua\/IMG_3253.jpg\"\n\t\t\t\tstyle=\"max-height: 380px;\"\/>\n\t\t<\/a>\n\n\t\t\n\t\t<a href=\"https:\/\/blogsaverroes.juntadeandalucia.es\/ceipalvarocecilia\/wp-content\/uploads\/sites\/1188\/nggallery\/Fiesta-del-Agua\/IMG_3254.jpg\"\n\t\t\ttitle=\"\"\n\t\t\tdata-src=\"https:\/\/blogsaverroes.juntadeandalucia.es\/ceipalvarocecilia\/wp-content\/uploads\/sites\/1188\/nggallery\/Fiesta-del-Agua\/IMG_3254.jpg\"\n\t\t\tdata-thumbnail=\"https:\/\/blogsaverroes.juntadeandalucia.es\/ceipalvarocecilia\/wp-content\/uploads\/sites\/1188\/nggallery\/Fiesta-del-Agua\/thumbs\/thumbs_IMG_3254.jpg\"\n\t\t\tdata-image-id=\"4038\"\n\t\t\tdata-title=\"IMG_3254\"\n\t\t\tdata-description=\"\"\n\t\t\tclass=\"ngg-fancybox\" rel=\"754941554ffcdf22da8fda91791678ec\">\n\n\t\t\t<img data-image-id='4038'\n\t\t\t\ttitle=\"\"\n\t\t\t\talt=\"IMG_3254\"\n\t\t\t\tsrc=\"https:\/\/blogsaverroes.juntadeandalucia.es\/ceipalvarocecilia\/wp-content\/uploads\/sites\/1188\/nggallery\/Fiesta-del-Agua\/IMG_3254.jpg\"\n\t\t\t\tstyle=\"max-height: 380px;\"\/>\n\t\t<\/a>\n\n\t\t\n\t\t<a href=\"https:\/\/blogsaverroes.juntadeandalucia.es\/ceipalvarocecilia\/wp-content\/uploads\/sites\/1188\/nggallery\/Fiesta-del-Agua\/IMG_3255.jpg\"\n\t\t\ttitle=\"\"\n\t\t\tdata-src=\"https:\/\/blogsaverroes.juntadeandalucia.es\/ceipalvarocecilia\/wp-content\/uploads\/sites\/1188\/nggallery\/Fiesta-del-Agua\/IMG_3255.jpg\"\n\t\t\tdata-thumbnail=\"https:\/\/blogsaverroes.juntadeandalucia.es\/ceipalvarocecilia\/wp-content\/uploads\/sites\/1188\/nggallery\/Fiesta-del-Agua\/thumbs\/thumbs_IMG_3255.jpg\"\n\t\t\tdata-image-id=\"4039\"\n\t\t\tdata-title=\"IMG_3255\"\n\t\t\tdata-description=\"\"\n\t\t\tclass=\"ngg-fancybox\" rel=\"754941554ffcdf22da8fda91791678ec\">\n\n\t\t\t<img data-image-id='4039'\n\t\t\t\ttitle=\"\"\n\t\t\t\talt=\"IMG_3255\"\n\t\t\t\tsrc=\"https:\/\/blogsaverroes.juntadeandalucia.es\/ceipalvarocecilia\/wp-content\/uploads\/sites\/1188\/nggallery\/Fiesta-del-Agua\/IMG_3255.jpg\"\n\t\t\t\tstyle=\"max-height: 380px;\"\/>\n\t\t<\/a>\n\n\t\t\n\t\t<a href=\"https:\/\/blogsaverroes.juntadeandalucia.es\/ceipalvarocecilia\/wp-content\/uploads\/sites\/1188\/nggallery\/Fiesta-del-Agua\/IMG_3256.jpg\"\n\t\t\ttitle=\"\"\n\t\t\tdata-src=\"https:\/\/blogsaverroes.juntadeandalucia.es\/ceipalvarocecilia\/wp-content\/uploads\/sites\/1188\/nggallery\/Fiesta-del-Agua\/IMG_3256.jpg\"\n\t\t\tdata-thumbnail=\"https:\/\/blogsaverroes.juntadeandalucia.es\/ceipalvarocecilia\/wp-content\/uploads\/sites\/1188\/nggallery\/Fiesta-del-Agua\/thumbs\/thumbs_IMG_3256.jpg\"\n\t\t\tdata-image-id=\"4040\"\n\t\t\tdata-title=\"IMG_3256\"\n\t\t\tdata-description=\"\"\n\t\t\tclass=\"ngg-fancybox\" rel=\"754941554ffcdf22da8fda91791678ec\">\n\n\t\t\t<img data-image-id='4040'\n\t\t\t\ttitle=\"\"\n\t\t\t\talt=\"IMG_3256\"\n\t\t\t\tsrc=\"https:\/\/blogsaverroes.juntadeandalucia.es\/ceipalvarocecilia\/wp-content\/uploads\/sites\/1188\/nggallery\/Fiesta-del-Agua\/IMG_3256.jpg\"\n\t\t\t\tstyle=\"max-height: 380px;\"\/>\n\t\t<\/a>\n\n\t\t\n\t\t<a href=\"https:\/\/blogsaverroes.juntadeandalucia.es\/ceipalvarocecilia\/wp-content\/uploads\/sites\/1188\/nggallery\/Fiesta-del-Agua\/IMG_3257.jpg\"\n\t\t\ttitle=\"\"\n\t\t\tdata-src=\"https:\/\/blogsaverroes.juntadeandalucia.es\/ceipalvarocecilia\/wp-content\/uploads\/sites\/1188\/nggallery\/Fiesta-del-Agua\/IMG_3257.jpg\"\n\t\t\tdata-thumbnail=\"https:\/\/blogsaverroes.juntadeandalucia.es\/ceipalvarocecilia\/wp-content\/uploads\/sites\/1188\/nggallery\/Fiesta-del-Agua\/thumbs\/thumbs_IMG_3257.jpg\"\n\t\t\tdata-image-id=\"4041\"\n\t\t\tdata-title=\"IMG_3257\"\n\t\t\tdata-description=\"\"\n\t\t\tclass=\"ngg-fancybox\" rel=\"754941554ffcdf22da8fda91791678ec\">\n\n\t\t\t<img data-image-id='4041'\n\t\t\t\ttitle=\"\"\n\t\t\t\talt=\"IMG_3257\"\n\t\t\t\tsrc=\"https:\/\/blogsaverroes.juntadeandalucia.es\/ceipalvarocecilia\/wp-content\/uploads\/sites\/1188\/nggallery\/Fiesta-del-Agua\/IMG_3257.jpg\"\n\t\t\t\tstyle=\"max-height: 380px;\"\/>\n\t\t<\/a>\n\n\t\t\n\t\t<a href=\"https:\/\/blogsaverroes.juntadeandalucia.es\/ceipalvarocecilia\/wp-content\/uploads\/sites\/1188\/nggallery\/Fiesta-del-Agua\/IMG_3258.jpg\"\n\t\t\ttitle=\"\"\n\t\t\tdata-src=\"https:\/\/blogsaverroes.juntadeandalucia.es\/ceipalvarocecilia\/wp-content\/uploads\/sites\/1188\/nggallery\/Fiesta-del-Agua\/IMG_3258.jpg\"\n\t\t\tdata-thumbnail=\"https:\/\/blogsaverroes.juntadeandalucia.es\/ceipalvarocecilia\/wp-content\/uploads\/sites\/1188\/nggallery\/Fiesta-del-Agua\/thumbs\/thumbs_IMG_3258.jpg\"\n\t\t\tdata-image-id=\"4042\"\n\t\t\tdata-title=\"IMG_3258\"\n\t\t\tdata-description=\"\"\n\t\t\tclass=\"ngg-fancybox\" rel=\"754941554ffcdf22da8fda91791678ec\">\n\n\t\t\t<img data-image-id='4042'\n\t\t\t\ttitle=\"\"\n\t\t\t\talt=\"IMG_3258\"\n\t\t\t\tsrc=\"https:\/\/blogsaverroes.juntadeandalucia.es\/ceipalvarocecilia\/wp-content\/uploads\/sites\/1188\/nggallery\/Fiesta-del-Agua\/IMG_3258.jpg\"\n\t\t\t\tstyle=\"max-height: 380px;\"\/>\n\t\t<\/a>\n\n\t\t\n\t\t<a href=\"https:\/\/blogsaverroes.juntadeandalucia.es\/ceipalvarocecilia\/wp-content\/uploads\/sites\/1188\/nggallery\/Fiesta-del-Agua\/IMG_3259.jpg\"\n\t\t\ttitle=\"\"\n\t\t\tdata-src=\"https:\/\/blogsaverroes.juntadeandalucia.es\/ceipalvarocecilia\/wp-content\/uploads\/sites\/1188\/nggallery\/Fiesta-del-Agua\/IMG_3259.jpg\"\n\t\t\tdata-thumbnail=\"https:\/\/blogsaverroes.juntadeandalucia.es\/ceipalvarocecilia\/wp-content\/uploads\/sites\/1188\/nggallery\/Fiesta-del-Agua\/thumbs\/thumbs_IMG_3259.jpg\"\n\t\t\tdata-image-id=\"4043\"\n\t\t\tdata-title=\"IMG_3259\"\n\t\t\tdata-description=\"\"\n\t\t\tclass=\"ngg-fancybox\" rel=\"754941554ffcdf22da8fda91791678ec\">\n\n\t\t\t<img data-image-id='4043'\n\t\t\t\ttitle=\"\"\n\t\t\t\talt=\"IMG_3259\"\n\t\t\t\tsrc=\"https:\/\/blogsaverroes.juntadeandalucia.es\/ceipalvarocecilia\/wp-content\/uploads\/sites\/1188\/nggallery\/Fiesta-del-Agua\/IMG_3259.jpg\"\n\t\t\t\tstyle=\"max-height: 380px;\"\/>\n\t\t<\/a>\n\n\t\t\n\t\t<a href=\"https:\/\/blogsaverroes.juntadeandalucia.es\/ceipalvarocecilia\/wp-content\/uploads\/sites\/1188\/nggallery\/Fiesta-del-Agua\/IMG_3260.jpg\"\n\t\t\ttitle=\"\"\n\t\t\tdata-src=\"https:\/\/blogsaverroes.juntadeandalucia.es\/ceipalvarocecilia\/wp-content\/uploads\/sites\/1188\/nggallery\/Fiesta-del-Agua\/IMG_3260.jpg\"\n\t\t\tdata-thumbnail=\"https:\/\/blogsaverroes.juntadeandalucia.es\/ceipalvarocecilia\/wp-content\/uploads\/sites\/1188\/nggallery\/Fiesta-del-Agua\/thumbs\/thumbs_IMG_3260.jpg\"\n\t\t\tdata-image-id=\"4044\"\n\t\t\tdata-title=\"IMG_3260\"\n\t\t\tdata-description=\"\"\n\t\t\tclass=\"ngg-fancybox\" rel=\"754941554ffcdf22da8fda91791678ec\">\n\n\t\t\t<img data-image-id='4044'\n\t\t\t\ttitle=\"\"\n\t\t\t\talt=\"IMG_3260\"\n\t\t\t\tsrc=\"https:\/\/blogsaverroes.juntadeandalucia.es\/ceipalvarocecilia\/wp-content\/uploads\/sites\/1188\/nggallery\/Fiesta-del-Agua\/IMG_3260.jpg\"\n\t\t\t\tstyle=\"max-height: 380px;\"\/>\n\t\t<\/a>\n\n\t\t\n\t\t<a href=\"https:\/\/blogsaverroes.juntadeandalucia.es\/ceipalvarocecilia\/wp-content\/uploads\/sites\/1188\/nggallery\/Fiesta-del-Agua\/IMG_3261.jpg\"\n\t\t\ttitle=\"\"\n\t\t\tdata-src=\"https:\/\/blogsaverroes.juntadeandalucia.es\/ceipalvarocecilia\/wp-content\/uploads\/sites\/1188\/nggallery\/Fiesta-del-Agua\/IMG_3261.jpg\"\n\t\t\tdata-thumbnail=\"https:\/\/blogsaverroes.juntadeandalucia.es\/ceipalvarocecilia\/wp-content\/uploads\/sites\/1188\/nggallery\/Fiesta-del-Agua\/thumbs\/thumbs_IMG_3261.jpg\"\n\t\t\tdata-image-id=\"4045\"\n\t\t\tdata-title=\"IMG_3261\"\n\t\t\tdata-description=\"\"\n\t\t\tclass=\"ngg-fancybox\" rel=\"754941554ffcdf22da8fda91791678ec\">\n\n\t\t\t<img data-image-id='4045'\n\t\t\t\ttitle=\"\"\n\t\t\t\talt=\"IMG_3261\"\n\t\t\t\tsrc=\"https:\/\/blogsaverroes.juntadeandalucia.es\/ceipalvarocecilia\/wp-content\/uploads\/sites\/1188\/nggallery\/Fiesta-del-Agua\/IMG_3261.jpg\"\n\t\t\t\tstyle=\"max-height: 380px;\"\/>\n\t\t<\/a>\n\n\t\t\n\t\t<a href=\"https:\/\/blogsaverroes.juntadeandalucia.es\/ceipalvarocecilia\/wp-content\/uploads\/sites\/1188\/nggallery\/Fiesta-del-Agua\/IMG_3262.jpg\"\n\t\t\ttitle=\"\"\n\t\t\tdata-src=\"https:\/\/blogsaverroes.juntadeandalucia.es\/ceipalvarocecilia\/wp-content\/uploads\/sites\/1188\/nggallery\/Fiesta-del-Agua\/IMG_3262.jpg\"\n\t\t\tdata-thumbnail=\"https:\/\/blogsaverroes.juntadeandalucia.es\/ceipalvarocecilia\/wp-content\/uploads\/sites\/1188\/nggallery\/Fiesta-del-Agua\/thumbs\/thumbs_IMG_3262.jpg\"\n\t\t\tdata-image-id=\"4046\"\n\t\t\tdata-title=\"IMG_3262\"\n\t\t\tdata-description=\"\"\n\t\t\tclass=\"ngg-fancybox\" rel=\"754941554ffcdf22da8fda91791678ec\">\n\n\t\t\t<img data-image-id='4046'\n\t\t\t\ttitle=\"\"\n\t\t\t\talt=\"IMG_3262\"\n\t\t\t\tsrc=\"https:\/\/blogsaverroes.juntadeandalucia.es\/ceipalvarocecilia\/wp-content\/uploads\/sites\/1188\/nggallery\/Fiesta-del-Agua\/IMG_3262.jpg\"\n\t\t\t\tstyle=\"max-height: 380px;\"\/>\n\t\t<\/a>\n\n\t\t\n\t\t<a href=\"https:\/\/blogsaverroes.juntadeandalucia.es\/ceipalvarocecilia\/wp-content\/uploads\/sites\/1188\/nggallery\/Fiesta-del-Agua\/IMG_3263.jpg\"\n\t\t\ttitle=\"\"\n\t\t\tdata-src=\"https:\/\/blogsaverroes.juntadeandalucia.es\/ceipalvarocecilia\/wp-content\/uploads\/sites\/1188\/nggallery\/Fiesta-del-Agua\/IMG_3263.jpg\"\n\t\t\tdata-thumbnail=\"https:\/\/blogsaverroes.juntadeandalucia.es\/ceipalvarocecilia\/wp-content\/uploads\/sites\/1188\/nggallery\/Fiesta-del-Agua\/thumbs\/thumbs_IMG_3263.jpg\"\n\t\t\tdata-image-id=\"4047\"\n\t\t\tdata-title=\"IMG_3263\"\n\t\t\tdata-description=\"\"\n\t\t\tclass=\"ngg-fancybox\" rel=\"754941554ffcdf22da8fda91791678ec\">\n\n\t\t\t<img data-image-id='4047'\n\t\t\t\ttitle=\"\"\n\t\t\t\talt=\"IMG_3263\"\n\t\t\t\tsrc=\"https:\/\/blogsaverroes.juntadeandalucia.es\/ceipalvarocecilia\/wp-content\/uploads\/sites\/1188\/nggallery\/Fiesta-del-Agua\/IMG_3263.jpg\"\n\t\t\t\tstyle=\"max-height: 380px;\"\/>\n\t\t<\/a>\n\n\t\t\n\t\t<a href=\"https:\/\/blogsaverroes.juntadeandalucia.es\/ceipalvarocecilia\/wp-content\/uploads\/sites\/1188\/nggallery\/Fiesta-del-Agua\/IMG_3264.jpg\"\n\t\t\ttitle=\"\"\n\t\t\tdata-src=\"https:\/\/blogsaverroes.juntadeandalucia.es\/ceipalvarocecilia\/wp-content\/uploads\/sites\/1188\/nggallery\/Fiesta-del-Agua\/IMG_3264.jpg\"\n\t\t\tdata-thumbnail=\"https:\/\/blogsaverroes.juntadeandalucia.es\/ceipalvarocecilia\/wp-content\/uploads\/sites\/1188\/nggallery\/Fiesta-del-Agua\/thumbs\/thumbs_IMG_3264.jpg\"\n\t\t\tdata-image-id=\"4048\"\n\t\t\tdata-title=\"IMG_3264\"\n\t\t\tdata-description=\"\"\n\t\t\tclass=\"ngg-fancybox\" rel=\"754941554ffcdf22da8fda91791678ec\">\n\n\t\t\t<img data-image-id='4048'\n\t\t\t\ttitle=\"\"\n\t\t\t\talt=\"IMG_3264\"\n\t\t\t\tsrc=\"https:\/\/blogsaverroes.juntadeandalucia.es\/ceipalvarocecilia\/wp-content\/uploads\/sites\/1188\/nggallery\/Fiesta-del-Agua\/IMG_3264.jpg\"\n\t\t\t\tstyle=\"max-height: 380px;\"\/>\n\t\t<\/a>\n\n\t\t\n\t\t<a href=\"https:\/\/blogsaverroes.juntadeandalucia.es\/ceipalvarocecilia\/wp-content\/uploads\/sites\/1188\/nggallery\/Fiesta-del-Agua\/IMG_3265.jpg\"\n\t\t\ttitle=\"\"\n\t\t\tdata-src=\"https:\/\/blogsaverroes.juntadeandalucia.es\/ceipalvarocecilia\/wp-content\/uploads\/sites\/1188\/nggallery\/Fiesta-del-Agua\/IMG_3265.jpg\"\n\t\t\tdata-thumbnail=\"https:\/\/blogsaverroes.juntadeandalucia.es\/ceipalvarocecilia\/wp-content\/uploads\/sites\/1188\/nggallery\/Fiesta-del-Agua\/thumbs\/thumbs_IMG_3265.jpg\"\n\t\t\tdata-image-id=\"4049\"\n\t\t\tdata-title=\"IMG_3265\"\n\t\t\tdata-description=\"\"\n\t\t\tclass=\"ngg-fancybox\" rel=\"754941554ffcdf22da8fda91791678ec\">\n\n\t\t\t<img data-image-id='4049'\n\t\t\t\ttitle=\"\"\n\t\t\t\talt=\"IMG_3265\"\n\t\t\t\tsrc=\"https:\/\/blogsaverroes.juntadeandalucia.es\/ceipalvarocecilia\/wp-content\/uploads\/sites\/1188\/nggallery\/Fiesta-del-Agua\/IMG_3265.jpg\"\n\t\t\t\tstyle=\"max-height: 380px;\"\/>\n\t\t<\/a>\n\n\t\t\n\t\t<a href=\"https:\/\/blogsaverroes.juntadeandalucia.es\/ceipalvarocecilia\/wp-content\/uploads\/sites\/1188\/nggallery\/Fiesta-del-Agua\/IMG_3266.jpg\"\n\t\t\ttitle=\"\"\n\t\t\tdata-src=\"https:\/\/blogsaverroes.juntadeandalucia.es\/ceipalvarocecilia\/wp-content\/uploads\/sites\/1188\/nggallery\/Fiesta-del-Agua\/IMG_3266.jpg\"\n\t\t\tdata-thumbnail=\"https:\/\/blogsaverroes.juntadeandalucia.es\/ceipalvarocecilia\/wp-content\/uploads\/sites\/1188\/nggallery\/Fiesta-del-Agua\/thumbs\/thumbs_IMG_3266.jpg\"\n\t\t\tdata-image-id=\"4050\"\n\t\t\tdata-title=\"IMG_3266\"\n\t\t\tdata-description=\"\"\n\t\t\tclass=\"ngg-fancybox\" rel=\"754941554ffcdf22da8fda91791678ec\">\n\n\t\t\t<img data-image-id='4050'\n\t\t\t\ttitle=\"\"\n\t\t\t\talt=\"IMG_3266\"\n\t\t\t\tsrc=\"https:\/\/blogsaverroes.juntadeandalucia.es\/ceipalvarocecilia\/wp-content\/uploads\/sites\/1188\/nggallery\/Fiesta-del-Agua\/IMG_3266.jpg\"\n\t\t\t\tstyle=\"max-height: 380px;\"\/>\n\t\t<\/a>\n\n\t\t\n\t\t<a href=\"https:\/\/blogsaverroes.juntadeandalucia.es\/ceipalvarocecilia\/wp-content\/uploads\/sites\/1188\/nggallery\/Fiesta-del-Agua\/IMG_3267.jpg\"\n\t\t\ttitle=\"\"\n\t\t\tdata-src=\"https:\/\/blogsaverroes.juntadeandalucia.es\/ceipalvarocecilia\/wp-content\/uploads\/sites\/1188\/nggallery\/Fiesta-del-Agua\/IMG_3267.jpg\"\n\t\t\tdata-thumbnail=\"https:\/\/blogsaverroes.juntadeandalucia.es\/ceipalvarocecilia\/wp-content\/uploads\/sites\/1188\/nggallery\/Fiesta-del-Agua\/thumbs\/thumbs_IMG_3267.jpg\"\n\t\t\tdata-image-id=\"4051\"\n\t\t\tdata-title=\"IMG_3267\"\n\t\t\tdata-description=\"\"\n\t\t\tclass=\"ngg-fancybox\" rel=\"754941554ffcdf22da8fda91791678ec\">\n\n\t\t\t<img data-image-id='4051'\n\t\t\t\ttitle=\"\"\n\t\t\t\talt=\"IMG_3267\"\n\t\t\t\tsrc=\"https:\/\/blogsaverroes.juntadeandalucia.es\/ceipalvarocecilia\/wp-content\/uploads\/sites\/1188\/nggallery\/Fiesta-del-Agua\/IMG_3267.jpg\"\n\t\t\t\tstyle=\"max-height: 380px;\"\/>\n\t\t<\/a>\n\n\t\t\n\t\t<a href=\"https:\/\/blogsaverroes.juntadeandalucia.es\/ceipalvarocecilia\/wp-content\/uploads\/sites\/1188\/nggallery\/Fiesta-del-Agua\/IMG_3268.jpg\"\n\t\t\ttitle=\"\"\n\t\t\tdata-src=\"https:\/\/blogsaverroes.juntadeandalucia.es\/ceipalvarocecilia\/wp-content\/uploads\/sites\/1188\/nggallery\/Fiesta-del-Agua\/IMG_3268.jpg\"\n\t\t\tdata-thumbnail=\"https:\/\/blogsaverroes.juntadeandalucia.es\/ceipalvarocecilia\/wp-content\/uploads\/sites\/1188\/nggallery\/Fiesta-del-Agua\/thumbs\/thumbs_IMG_3268.jpg\"\n\t\t\tdata-image-id=\"4052\"\n\t\t\tdata-title=\"IMG_3268\"\n\t\t\tdata-description=\"\"\n\t\t\tclass=\"ngg-fancybox\" rel=\"754941554ffcdf22da8fda91791678ec\">\n\n\t\t\t<img data-image-id='4052'\n\t\t\t\ttitle=\"\"\n\t\t\t\talt=\"IMG_3268\"\n\t\t\t\tsrc=\"https:\/\/blogsaverroes.juntadeandalucia.es\/ceipalvarocecilia\/wp-content\/uploads\/sites\/1188\/nggallery\/Fiesta-del-Agua\/IMG_3268.jpg\"\n\t\t\t\tstyle=\"max-height: 380px;\"\/>\n\t\t<\/a>\n\n\t\t\n\t\t<a href=\"https:\/\/blogsaverroes.juntadeandalucia.es\/ceipalvarocecilia\/wp-content\/uploads\/sites\/1188\/nggallery\/Fiesta-del-Agua\/IMG_3269.jpg\"\n\t\t\ttitle=\"\"\n\t\t\tdata-src=\"https:\/\/blogsaverroes.juntadeandalucia.es\/ceipalvarocecilia\/wp-content\/uploads\/sites\/1188\/nggallery\/Fiesta-del-Agua\/IMG_3269.jpg\"\n\t\t\tdata-thumbnail=\"https:\/\/blogsaverroes.juntadeandalucia.es\/ceipalvarocecilia\/wp-content\/uploads\/sites\/1188\/nggallery\/Fiesta-del-Agua\/thumbs\/thumbs_IMG_3269.jpg\"\n\t\t\tdata-image-id=\"4053\"\n\t\t\tdata-title=\"IMG_3269\"\n\t\t\tdata-description=\"\"\n\t\t\tclass=\"ngg-fancybox\" rel=\"754941554ffcdf22da8fda91791678ec\">\n\n\t\t\t<img data-image-id='4053'\n\t\t\t\ttitle=\"\"\n\t\t\t\talt=\"IMG_3269\"\n\t\t\t\tsrc=\"https:\/\/blogsaverroes.juntadeandalucia.es\/ceipalvarocecilia\/wp-content\/uploads\/sites\/1188\/nggallery\/Fiesta-del-Agua\/IMG_3269.jpg\"\n\t\t\t\tstyle=\"max-height: 380px;\"\/>\n\t\t<\/a>\n\n\t\t\n\t\t<a href=\"https:\/\/blogsaverroes.juntadeandalucia.es\/ceipalvarocecilia\/wp-content\/uploads\/sites\/1188\/nggallery\/Fiesta-del-Agua\/IMG_3270.jpg\"\n\t\t\ttitle=\"\"\n\t\t\tdata-src=\"https:\/\/blogsaverroes.juntadeandalucia.es\/ceipalvarocecilia\/wp-content\/uploads\/sites\/1188\/nggallery\/Fiesta-del-Agua\/IMG_3270.jpg\"\n\t\t\tdata-thumbnail=\"https:\/\/blogsaverroes.juntadeandalucia.es\/ceipalvarocecilia\/wp-content\/uploads\/sites\/1188\/nggallery\/Fiesta-del-Agua\/thumbs\/thumbs_IMG_3270.jpg\"\n\t\t\tdata-image-id=\"4054\"\n\t\t\tdata-title=\"IMG_3270\"\n\t\t\tdata-description=\"\"\n\t\t\tclass=\"ngg-fancybox\" rel=\"754941554ffcdf22da8fda91791678ec\">\n\n\t\t\t<img data-image-id='4054'\n\t\t\t\ttitle=\"\"\n\t\t\t\talt=\"IMG_3270\"\n\t\t\t\tsrc=\"https:\/\/blogsaverroes.juntadeandalucia.es\/ceipalvarocecilia\/wp-content\/uploads\/sites\/1188\/nggallery\/Fiesta-del-Agua\/IMG_3270.jpg\"\n\t\t\t\tstyle=\"max-height: 380px;\"\/>\n\t\t<\/a>\n\n\t\t\n\t\t<a href=\"https:\/\/blogsaverroes.juntadeandalucia.es\/ceipalvarocecilia\/wp-content\/uploads\/sites\/1188\/nggallery\/Fiesta-del-Agua\/IMG_3271.jpg\"\n\t\t\ttitle=\"\"\n\t\t\tdata-src=\"https:\/\/blogsaverroes.juntadeandalucia.es\/ceipalvarocecilia\/wp-content\/uploads\/sites\/1188\/nggallery\/Fiesta-del-Agua\/IMG_3271.jpg\"\n\t\t\tdata-thumbnail=\"https:\/\/blogsaverroes.juntadeandalucia.es\/ceipalvarocecilia\/wp-content\/uploads\/sites\/1188\/nggallery\/Fiesta-del-Agua\/thumbs\/thumbs_IMG_3271.jpg\"\n\t\t\tdata-image-id=\"4055\"\n\t\t\tdata-title=\"IMG_3271\"\n\t\t\tdata-description=\"\"\n\t\t\tclass=\"ngg-fancybox\" rel=\"754941554ffcdf22da8fda91791678ec\">\n\n\t\t\t<img data-image-id='4055'\n\t\t\t\ttitle=\"\"\n\t\t\t\talt=\"IMG_3271\"\n\t\t\t\tsrc=\"https:\/\/blogsaverroes.juntadeandalucia.es\/ceipalvarocecilia\/wp-content\/uploads\/sites\/1188\/nggallery\/Fiesta-del-Agua\/IMG_3271.jpg\"\n\t\t\t\tstyle=\"max-height: 380px;\"\/>\n\t\t<\/a>\n\n\t\t\n\t\t<a href=\"https:\/\/blogsaverroes.juntadeandalucia.es\/ceipalvarocecilia\/wp-content\/uploads\/sites\/1188\/nggallery\/Fiesta-del-Agua\/IMG_3272.jpg\"\n\t\t\ttitle=\"\"\n\t\t\tdata-src=\"https:\/\/blogsaverroes.juntadeandalucia.es\/ceipalvarocecilia\/wp-content\/uploads\/sites\/1188\/nggallery\/Fiesta-del-Agua\/IMG_3272.jpg\"\n\t\t\tdata-thumbnail=\"https:\/\/blogsaverroes.juntadeandalucia.es\/ceipalvarocecilia\/wp-content\/uploads\/sites\/1188\/nggallery\/Fiesta-del-Agua\/thumbs\/thumbs_IMG_3272.jpg\"\n\t\t\tdata-image-id=\"4056\"\n\t\t\tdata-title=\"IMG_3272\"\n\t\t\tdata-description=\"\"\n\t\t\tclass=\"ngg-fancybox\" rel=\"754941554ffcdf22da8fda91791678ec\">\n\n\t\t\t<img data-image-id='4056'\n\t\t\t\ttitle=\"\"\n\t\t\t\talt=\"IMG_3272\"\n\t\t\t\tsrc=\"https:\/\/blogsaverroes.juntadeandalucia.es\/ceipalvarocecilia\/wp-content\/uploads\/sites\/1188\/nggallery\/Fiesta-del-Agua\/IMG_3272.jpg\"\n\t\t\t\tstyle=\"max-height: 380px;\"\/>\n\t\t<\/a>\n\n\t\t\n\t\t<a href=\"https:\/\/blogsaverroes.juntadeandalucia.es\/ceipalvarocecilia\/wp-content\/uploads\/sites\/1188\/nggallery\/Fiesta-del-Agua\/IMG_3273.jpg\"\n\t\t\ttitle=\"\"\n\t\t\tdata-src=\"https:\/\/blogsaverroes.juntadeandalucia.es\/ceipalvarocecilia\/wp-content\/uploads\/sites\/1188\/nggallery\/Fiesta-del-Agua\/IMG_3273.jpg\"\n\t\t\tdata-thumbnail=\"https:\/\/blogsaverroes.juntadeandalucia.es\/ceipalvarocecilia\/wp-content\/uploads\/sites\/1188\/nggallery\/Fiesta-del-Agua\/thumbs\/thumbs_IMG_3273.jpg\"\n\t\t\tdata-image-id=\"4057\"\n\t\t\tdata-title=\"IMG_3273\"\n\t\t\tdata-description=\"\"\n\t\t\tclass=\"ngg-fancybox\" rel=\"754941554ffcdf22da8fda91791678ec\">\n\n\t\t\t<img data-image-id='4057'\n\t\t\t\ttitle=\"\"\n\t\t\t\talt=\"IMG_3273\"\n\t\t\t\tsrc=\"https:\/\/blogsaverroes.juntadeandalucia.es\/ceipalvarocecilia\/wp-content\/uploads\/sites\/1188\/nggallery\/Fiesta-del-Agua\/IMG_3273.jpg\"\n\t\t\t\tstyle=\"max-height: 380px;\"\/>\n\t\t<\/a>\n\n\t\t\n\t\t<a href=\"https:\/\/blogsaverroes.juntadeandalucia.es\/ceipalvarocecilia\/wp-content\/uploads\/sites\/1188\/nggallery\/Fiesta-del-Agua\/IMG_3274.jpg\"\n\t\t\ttitle=\"\"\n\t\t\tdata-src=\"https:\/\/blogsaverroes.juntadeandalucia.es\/ceipalvarocecilia\/wp-content\/uploads\/sites\/1188\/nggallery\/Fiesta-del-Agua\/IMG_3274.jpg\"\n\t\t\tdata-thumbnail=\"https:\/\/blogsaverroes.juntadeandalucia.es\/ceipalvarocecilia\/wp-content\/uploads\/sites\/1188\/nggallery\/Fiesta-del-Agua\/thumbs\/thumbs_IMG_3274.jpg\"\n\t\t\tdata-image-id=\"4058\"\n\t\t\tdata-title=\"IMG_3274\"\n\t\t\tdata-description=\"\"\n\t\t\tclass=\"ngg-fancybox\" rel=\"754941554ffcdf22da8fda91791678ec\">\n\n\t\t\t<img data-image-id='4058'\n\t\t\t\ttitle=\"\"\n\t\t\t\talt=\"IMG_3274\"\n\t\t\t\tsrc=\"https:\/\/blogsaverroes.juntadeandalucia.es\/ceipalvarocecilia\/wp-content\/uploads\/sites\/1188\/nggallery\/Fiesta-del-Agua\/IMG_3274.jpg\"\n\t\t\t\tstyle=\"max-height: 380px;\"\/>\n\t\t<\/a>\n\n\t\t\n\t\t<a href=\"https:\/\/blogsaverroes.juntadeandalucia.es\/ceipalvarocecilia\/wp-content\/uploads\/sites\/1188\/nggallery\/Fiesta-del-Agua\/IMG_3275.jpg\"\n\t\t\ttitle=\"\"\n\t\t\tdata-src=\"https:\/\/blogsaverroes.juntadeandalucia.es\/ceipalvarocecilia\/wp-content\/uploads\/sites\/1188\/nggallery\/Fiesta-del-Agua\/IMG_3275.jpg\"\n\t\t\tdata-thumbnail=\"https:\/\/blogsaverroes.juntadeandalucia.es\/ceipalvarocecilia\/wp-content\/uploads\/sites\/1188\/nggallery\/Fiesta-del-Agua\/thumbs\/thumbs_IMG_3275.jpg\"\n\t\t\tdata-image-id=\"4059\"\n\t\t\tdata-title=\"IMG_3275\"\n\t\t\tdata-description=\"\"\n\t\t\tclass=\"ngg-fancybox\" rel=\"754941554ffcdf22da8fda91791678ec\">\n\n\t\t\t<img data-image-id='4059'\n\t\t\t\ttitle=\"\"\n\t\t\t\talt=\"IMG_3275\"\n\t\t\t\tsrc=\"https:\/\/blogsaverroes.juntadeandalucia.es\/ceipalvarocecilia\/wp-content\/uploads\/sites\/1188\/nggallery\/Fiesta-del-Agua\/IMG_3275.jpg\"\n\t\t\t\tstyle=\"max-height: 380px;\"\/>\n\t\t<\/a>\n\n\t\t\n\t\t<a href=\"https:\/\/blogsaverroes.juntadeandalucia.es\/ceipalvarocecilia\/wp-content\/uploads\/sites\/1188\/nggallery\/Fiesta-del-Agua\/IMG_3276.jpg\"\n\t\t\ttitle=\"\"\n\t\t\tdata-src=\"https:\/\/blogsaverroes.juntadeandalucia.es\/ceipalvarocecilia\/wp-content\/uploads\/sites\/1188\/nggallery\/Fiesta-del-Agua\/IMG_3276.jpg\"\n\t\t\tdata-thumbnail=\"https:\/\/blogsaverroes.juntadeandalucia.es\/ceipalvarocecilia\/wp-content\/uploads\/sites\/1188\/nggallery\/Fiesta-del-Agua\/thumbs\/thumbs_IMG_3276.jpg\"\n\t\t\tdata-image-id=\"4060\"\n\t\t\tdata-title=\"IMG_3276\"\n\t\t\tdata-description=\"\"\n\t\t\tclass=\"ngg-fancybox\" rel=\"754941554ffcdf22da8fda91791678ec\">\n\n\t\t\t<img data-image-id='4060'\n\t\t\t\ttitle=\"\"\n\t\t\t\talt=\"IMG_3276\"\n\t\t\t\tsrc=\"https:\/\/blogsaverroes.juntadeandalucia.es\/ceipalvarocecilia\/wp-content\/uploads\/sites\/1188\/nggallery\/Fiesta-del-Agua\/IMG_3276.jpg\"\n\t\t\t\tstyle=\"max-height: 380px;\"\/>\n\t\t<\/a>\n\n\t\t\n\t\t<a href=\"https:\/\/blogsaverroes.juntadeandalucia.es\/ceipalvarocecilia\/wp-content\/uploads\/sites\/1188\/nggallery\/Fiesta-del-Agua\/IMG_3277.jpg\"\n\t\t\ttitle=\"\"\n\t\t\tdata-src=\"https:\/\/blogsaverroes.juntadeandalucia.es\/ceipalvarocecilia\/wp-content\/uploads\/sites\/1188\/nggallery\/Fiesta-del-Agua\/IMG_3277.jpg\"\n\t\t\tdata-thumbnail=\"https:\/\/blogsaverroes.juntadeandalucia.es\/ceipalvarocecilia\/wp-content\/uploads\/sites\/1188\/nggallery\/Fiesta-del-Agua\/thumbs\/thumbs_IMG_3277.jpg\"\n\t\t\tdata-image-id=\"4061\"\n\t\t\tdata-title=\"IMG_3277\"\n\t\t\tdata-description=\"\"\n\t\t\tclass=\"ngg-fancybox\" rel=\"754941554ffcdf22da8fda91791678ec\">\n\n\t\t\t<img data-image-id='4061'\n\t\t\t\ttitle=\"\"\n\t\t\t\talt=\"IMG_3277\"\n\t\t\t\tsrc=\"https:\/\/blogsaverroes.juntadeandalucia.es\/ceipalvarocecilia\/wp-content\/uploads\/sites\/1188\/nggallery\/Fiesta-del-Agua\/IMG_3277.jpg\"\n\t\t\t\tstyle=\"max-height: 380px;\"\/>\n\t\t<\/a>\n\n\t\t\n\t\t<a href=\"https:\/\/blogsaverroes.juntadeandalucia.es\/ceipalvarocecilia\/wp-content\/uploads\/sites\/1188\/nggallery\/Fiesta-del-Agua\/IMG_3278.jpg\"\n\t\t\ttitle=\"\"\n\t\t\tdata-src=\"https:\/\/blogsaverroes.juntadeandalucia.es\/ceipalvarocecilia\/wp-content\/uploads\/sites\/1188\/nggallery\/Fiesta-del-Agua\/IMG_3278.jpg\"\n\t\t\tdata-thumbnail=\"https:\/\/blogsaverroes.juntadeandalucia.es\/ceipalvarocecilia\/wp-content\/uploads\/sites\/1188\/nggallery\/Fiesta-del-Agua\/thumbs\/thumbs_IMG_3278.jpg\"\n\t\t\tdata-image-id=\"4062\"\n\t\t\tdata-title=\"IMG_3278\"\n\t\t\tdata-description=\"\"\n\t\t\tclass=\"ngg-fancybox\" rel=\"754941554ffcdf22da8fda91791678ec\">\n\n\t\t\t<img data-image-id='4062'\n\t\t\t\ttitle=\"\"\n\t\t\t\talt=\"IMG_3278\"\n\t\t\t\tsrc=\"https:\/\/blogsaverroes.juntadeandalucia.es\/ceipalvarocecilia\/wp-content\/uploads\/sites\/1188\/nggallery\/Fiesta-del-Agua\/IMG_3278.jpg\"\n\t\t\t\tstyle=\"max-height: 380px;\"\/>\n\t\t<\/a>\n\n\t\t\n\t\t<a href=\"https:\/\/blogsaverroes.juntadeandalucia.es\/ceipalvarocecilia\/wp-content\/uploads\/sites\/1188\/nggallery\/Fiesta-del-Agua\/IMG_3279.jpg\"\n\t\t\ttitle=\"\"\n\t\t\tdata-src=\"https:\/\/blogsaverroes.juntadeandalucia.es\/ceipalvarocecilia\/wp-content\/uploads\/sites\/1188\/nggallery\/Fiesta-del-Agua\/IMG_3279.jpg\"\n\t\t\tdata-thumbnail=\"https:\/\/blogsaverroes.juntadeandalucia.es\/ceipalvarocecilia\/wp-content\/uploads\/sites\/1188\/nggallery\/Fiesta-del-Agua\/thumbs\/thumbs_IMG_3279.jpg\"\n\t\t\tdata-image-id=\"4063\"\n\t\t\tdata-title=\"IMG_3279\"\n\t\t\tdata-description=\"\"\n\t\t\tclass=\"ngg-fancybox\" rel=\"754941554ffcdf22da8fda91791678ec\">\n\n\t\t\t<img data-image-id='4063'\n\t\t\t\ttitle=\"\"\n\t\t\t\talt=\"IMG_3279\"\n\t\t\t\tsrc=\"https:\/\/blogsaverroes.juntadeandalucia.es\/ceipalvarocecilia\/wp-content\/uploads\/sites\/1188\/nggallery\/Fiesta-del-Agua\/IMG_3279.jpg\"\n\t\t\t\tstyle=\"max-height: 380px;\"\/>\n\t\t<\/a>\n\n\t\t\n\t\t<a href=\"https:\/\/blogsaverroes.juntadeandalucia.es\/ceipalvarocecilia\/wp-content\/uploads\/sites\/1188\/nggallery\/Fiesta-del-Agua\/IMG_3280.jpg\"\n\t\t\ttitle=\"\"\n\t\t\tdata-src=\"https:\/\/blogsaverroes.juntadeandalucia.es\/ceipalvarocecilia\/wp-content\/uploads\/sites\/1188\/nggallery\/Fiesta-del-Agua\/IMG_3280.jpg\"\n\t\t\tdata-thumbnail=\"https:\/\/blogsaverroes.juntadeandalucia.es\/ceipalvarocecilia\/wp-content\/uploads\/sites\/1188\/nggallery\/Fiesta-del-Agua\/thumbs\/thumbs_IMG_3280.jpg\"\n\t\t\tdata-image-id=\"4064\"\n\t\t\tdata-title=\"IMG_3280\"\n\t\t\tdata-description=\"\"\n\t\t\tclass=\"ngg-fancybox\" rel=\"754941554ffcdf22da8fda91791678ec\">\n\n\t\t\t<img data-image-id='4064'\n\t\t\t\ttitle=\"\"\n\t\t\t\talt=\"IMG_3280\"\n\t\t\t\tsrc=\"https:\/\/blogsaverroes.juntadeandalucia.es\/ceipalvarocecilia\/wp-content\/uploads\/sites\/1188\/nggallery\/Fiesta-del-Agua\/IMG_3280.jpg\"\n\t\t\t\tstyle=\"max-height: 380px;\"\/>\n\t\t<\/a>\n\n\t\t\n\t\t<a href=\"https:\/\/blogsaverroes.juntadeandalucia.es\/ceipalvarocecilia\/wp-content\/uploads\/sites\/1188\/nggallery\/Fiesta-del-Agua\/IMG_3281.jpg\"\n\t\t\ttitle=\"\"\n\t\t\tdata-src=\"https:\/\/blogsaverroes.juntadeandalucia.es\/ceipalvarocecilia\/wp-content\/uploads\/sites\/1188\/nggallery\/Fiesta-del-Agua\/IMG_3281.jpg\"\n\t\t\tdata-thumbnail=\"https:\/\/blogsaverroes.juntadeandalucia.es\/ceipalvarocecilia\/wp-content\/uploads\/sites\/1188\/nggallery\/Fiesta-del-Agua\/thumbs\/thumbs_IMG_3281.jpg\"\n\t\t\tdata-image-id=\"4065\"\n\t\t\tdata-title=\"IMG_3281\"\n\t\t\tdata-description=\"\"\n\t\t\tclass=\"ngg-fancybox\" rel=\"754941554ffcdf22da8fda91791678ec\">\n\n\t\t\t<img data-image-id='4065'\n\t\t\t\ttitle=\"\"\n\t\t\t\talt=\"IMG_3281\"\n\t\t\t\tsrc=\"https:\/\/blogsaverroes.juntadeandalucia.es\/ceipalvarocecilia\/wp-content\/uploads\/sites\/1188\/nggallery\/Fiesta-del-Agua\/IMG_3281.jpg\"\n\t\t\t\tstyle=\"max-height: 380px;\"\/>\n\t\t<\/a>\n\n\t\t\n\t\t<a href=\"https:\/\/blogsaverroes.juntadeandalucia.es\/ceipalvarocecilia\/wp-content\/uploads\/sites\/1188\/nggallery\/Fiesta-del-Agua\/IMG_3282.jpg\"\n\t\t\ttitle=\"\"\n\t\t\tdata-src=\"https:\/\/blogsaverroes.juntadeandalucia.es\/ceipalvarocecilia\/wp-content\/uploads\/sites\/1188\/nggallery\/Fiesta-del-Agua\/IMG_3282.jpg\"\n\t\t\tdata-thumbnail=\"https:\/\/blogsaverroes.juntadeandalucia.es\/ceipalvarocecilia\/wp-content\/uploads\/sites\/1188\/nggallery\/Fiesta-del-Agua\/thumbs\/thumbs_IMG_3282.jpg\"\n\t\t\tdata-image-id=\"4066\"\n\t\t\tdata-title=\"IMG_3282\"\n\t\t\tdata-description=\"\"\n\t\t\tclass=\"ngg-fancybox\" rel=\"754941554ffcdf22da8fda91791678ec\">\n\n\t\t\t<img data-image-id='4066'\n\t\t\t\ttitle=\"\"\n\t\t\t\talt=\"IMG_3282\"\n\t\t\t\tsrc=\"https:\/\/blogsaverroes.juntadeandalucia.es\/ceipalvarocecilia\/wp-content\/uploads\/sites\/1188\/nggallery\/Fiesta-del-Agua\/IMG_3282.jpg\"\n\t\t\t\tstyle=\"max-height: 380px;\"\/>\n\t\t<\/a>\n\n\t\t\n\t\t<a href=\"https:\/\/blogsaverroes.juntadeandalucia.es\/ceipalvarocecilia\/wp-content\/uploads\/sites\/1188\/nggallery\/Fiesta-del-Agua\/IMG_3283.jpg\"\n\t\t\ttitle=\"\"\n\t\t\tdata-src=\"https:\/\/blogsaverroes.juntadeandalucia.es\/ceipalvarocecilia\/wp-content\/uploads\/sites\/1188\/nggallery\/Fiesta-del-Agua\/IMG_3283.jpg\"\n\t\t\tdata-thumbnail=\"https:\/\/blogsaverroes.juntadeandalucia.es\/ceipalvarocecilia\/wp-content\/uploads\/sites\/1188\/nggallery\/Fiesta-del-Agua\/thumbs\/thumbs_IMG_3283.jpg\"\n\t\t\tdata-image-id=\"4067\"\n\t\t\tdata-title=\"IMG_3283\"\n\t\t\tdata-description=\"\"\n\t\t\tclass=\"ngg-fancybox\" rel=\"754941554ffcdf22da8fda91791678ec\">\n\n\t\t\t<img data-image-id='4067'\n\t\t\t\ttitle=\"\"\n\t\t\t\talt=\"IMG_3283\"\n\t\t\t\tsrc=\"https:\/\/blogsaverroes.juntadeandalucia.es\/ceipalvarocecilia\/wp-content\/uploads\/sites\/1188\/nggallery\/Fiesta-del-Agua\/IMG_3283.jpg\"\n\t\t\t\tstyle=\"max-height: 380px;\"\/>\n\t\t<\/a>\n\n\t\t\n\t\t<a href=\"https:\/\/blogsaverroes.juntadeandalucia.es\/ceipalvarocecilia\/wp-content\/uploads\/sites\/1188\/nggallery\/Fiesta-del-Agua\/IMG_3284.jpg\"\n\t\t\ttitle=\"\"\n\t\t\tdata-src=\"https:\/\/blogsaverroes.juntadeandalucia.es\/ceipalvarocecilia\/wp-content\/uploads\/sites\/1188\/nggallery\/Fiesta-del-Agua\/IMG_3284.jpg\"\n\t\t\tdata-thumbnail=\"https:\/\/blogsaverroes.juntadeandalucia.es\/ceipalvarocecilia\/wp-content\/uploads\/sites\/1188\/nggallery\/Fiesta-del-Agua\/thumbs\/thumbs_IMG_3284.jpg\"\n\t\t\tdata-image-id=\"4068\"\n\t\t\tdata-title=\"IMG_3284\"\n\t\t\tdata-description=\"\"\n\t\t\tclass=\"ngg-fancybox\" rel=\"754941554ffcdf22da8fda91791678ec\">\n\n\t\t\t<img data-image-id='4068'\n\t\t\t\ttitle=\"\"\n\t\t\t\talt=\"IMG_3284\"\n\t\t\t\tsrc=\"https:\/\/blogsaverroes.juntadeandalucia.es\/ceipalvarocecilia\/wp-content\/uploads\/sites\/1188\/nggallery\/Fiesta-del-Agua\/IMG_3284.jpg\"\n\t\t\t\tstyle=\"max-height: 380px;\"\/>\n\t\t<\/a>\n\n\t\t\n\t\t<a href=\"https:\/\/blogsaverroes.juntadeandalucia.es\/ceipalvarocecilia\/wp-content\/uploads\/sites\/1188\/nggallery\/Fiesta-del-Agua\/IMG_3285.jpg\"\n\t\t\ttitle=\"\"\n\t\t\tdata-src=\"https:\/\/blogsaverroes.juntadeandalucia.es\/ceipalvarocecilia\/wp-content\/uploads\/sites\/1188\/nggallery\/Fiesta-del-Agua\/IMG_3285.jpg\"\n\t\t\tdata-thumbnail=\"https:\/\/blogsaverroes.juntadeandalucia.es\/ceipalvarocecilia\/wp-content\/uploads\/sites\/1188\/nggallery\/Fiesta-del-Agua\/thumbs\/thumbs_IMG_3285.jpg\"\n\t\t\tdata-image-id=\"4069\"\n\t\t\tdata-title=\"IMG_3285\"\n\t\t\tdata-description=\"\"\n\t\t\tclass=\"ngg-fancybox\" rel=\"754941554ffcdf22da8fda91791678ec\">\n\n\t\t\t<img data-image-id='4069'\n\t\t\t\ttitle=\"\"\n\t\t\t\talt=\"IMG_3285\"\n\t\t\t\tsrc=\"https:\/\/blogsaverroes.juntadeandalucia.es\/ceipalvarocecilia\/wp-content\/uploads\/sites\/1188\/nggallery\/Fiesta-del-Agua\/IMG_3285.jpg\"\n\t\t\t\tstyle=\"max-height: 380px;\"\/>\n\t\t<\/a>\n\n\t\t\n\t\t<a href=\"https:\/\/blogsaverroes.juntadeandalucia.es\/ceipalvarocecilia\/wp-content\/uploads\/sites\/1188\/nggallery\/Fiesta-del-Agua\/IMG_3286.jpg\"\n\t\t\ttitle=\"\"\n\t\t\tdata-src=\"https:\/\/blogsaverroes.juntadeandalucia.es\/ceipalvarocecilia\/wp-content\/uploads\/sites\/1188\/nggallery\/Fiesta-del-Agua\/IMG_3286.jpg\"\n\t\t\tdata-thumbnail=\"https:\/\/blogsaverroes.juntadeandalucia.es\/ceipalvarocecilia\/wp-content\/uploads\/sites\/1188\/nggallery\/Fiesta-del-Agua\/thumbs\/thumbs_IMG_3286.jpg\"\n\t\t\tdata-image-id=\"4070\"\n\t\t\tdata-title=\"IMG_3286\"\n\t\t\tdata-description=\"\"\n\t\t\tclass=\"ngg-fancybox\" rel=\"754941554ffcdf22da8fda91791678ec\">\n\n\t\t\t<img data-image-id='4070'\n\t\t\t\ttitle=\"\"\n\t\t\t\talt=\"IMG_3286\"\n\t\t\t\tsrc=\"https:\/\/blogsaverroes.juntadeandalucia.es\/ceipalvarocecilia\/wp-content\/uploads\/sites\/1188\/nggallery\/Fiesta-del-Agua\/IMG_3286.jpg\"\n\t\t\t\tstyle=\"max-height: 380px;\"\/>\n\t\t<\/a>\n\n\t\t\n\t\t<a href=\"https:\/\/blogsaverroes.juntadeandalucia.es\/ceipalvarocecilia\/wp-content\/uploads\/sites\/1188\/nggallery\/Fiesta-del-Agua\/IMG_3287.jpg\"\n\t\t\ttitle=\"\"\n\t\t\tdata-src=\"https:\/\/blogsaverroes.juntadeandalucia.es\/ceipalvarocecilia\/wp-content\/uploads\/sites\/1188\/nggallery\/Fiesta-del-Agua\/IMG_3287.jpg\"\n\t\t\tdata-thumbnail=\"https:\/\/blogsaverroes.juntadeandalucia.es\/ceipalvarocecilia\/wp-content\/uploads\/sites\/1188\/nggallery\/Fiesta-del-Agua\/thumbs\/thumbs_IMG_3287.jpg\"\n\t\t\tdata-image-id=\"4071\"\n\t\t\tdata-title=\"IMG_3287\"\n\t\t\tdata-description=\"\"\n\t\t\tclass=\"ngg-fancybox\" rel=\"754941554ffcdf22da8fda91791678ec\">\n\n\t\t\t<img data-image-id='4071'\n\t\t\t\ttitle=\"\"\n\t\t\t\talt=\"IMG_3287\"\n\t\t\t\tsrc=\"https:\/\/blogsaverroes.juntadeandalucia.es\/ceipalvarocecilia\/wp-content\/uploads\/sites\/1188\/nggallery\/Fiesta-del-Agua\/IMG_3287.jpg\"\n\t\t\t\tstyle=\"max-height: 380px;\"\/>\n\t\t<\/a>\n\n\t\t\n\t\t<a href=\"https:\/\/blogsaverroes.juntadeandalucia.es\/ceipalvarocecilia\/wp-content\/uploads\/sites\/1188\/nggallery\/Fiesta-del-Agua\/IMG_3288.jpg\"\n\t\t\ttitle=\"\"\n\t\t\tdata-src=\"https:\/\/blogsaverroes.juntadeandalucia.es\/ceipalvarocecilia\/wp-content\/uploads\/sites\/1188\/nggallery\/Fiesta-del-Agua\/IMG_3288.jpg\"\n\t\t\tdata-thumbnail=\"https:\/\/blogsaverroes.juntadeandalucia.es\/ceipalvarocecilia\/wp-content\/uploads\/sites\/1188\/nggallery\/Fiesta-del-Agua\/thumbs\/thumbs_IMG_3288.jpg\"\n\t\t\tdata-image-id=\"4072\"\n\t\t\tdata-title=\"IMG_3288\"\n\t\t\tdata-description=\"\"\n\t\t\tclass=\"ngg-fancybox\" rel=\"754941554ffcdf22da8fda91791678ec\">\n\n\t\t\t<img data-image-id='4072'\n\t\t\t\ttitle=\"\"\n\t\t\t\talt=\"IMG_3288\"\n\t\t\t\tsrc=\"https:\/\/blogsaverroes.juntadeandalucia.es\/ceipalvarocecilia\/wp-content\/uploads\/sites\/1188\/nggallery\/Fiesta-del-Agua\/IMG_3288.jpg\"\n\t\t\t\tstyle=\"max-height: 380px;\"\/>\n\t\t<\/a>\n\n\t\t\n\t\t<a href=\"https:\/\/blogsaverroes.juntadeandalucia.es\/ceipalvarocecilia\/wp-content\/uploads\/sites\/1188\/nggallery\/Fiesta-del-Agua\/IMG_3289.jpg\"\n\t\t\ttitle=\"\"\n\t\t\tdata-src=\"https:\/\/blogsaverroes.juntadeandalucia.es\/ceipalvarocecilia\/wp-content\/uploads\/sites\/1188\/nggallery\/Fiesta-del-Agua\/IMG_3289.jpg\"\n\t\t\tdata-thumbnail=\"https:\/\/blogsaverroes.juntadeandalucia.es\/ceipalvarocecilia\/wp-content\/uploads\/sites\/1188\/nggallery\/Fiesta-del-Agua\/thumbs\/thumbs_IMG_3289.jpg\"\n\t\t\tdata-image-id=\"4073\"\n\t\t\tdata-title=\"IMG_3289\"\n\t\t\tdata-description=\"\"\n\t\t\tclass=\"ngg-fancybox\" rel=\"754941554ffcdf22da8fda91791678ec\">\n\n\t\t\t<img data-image-id='4073'\n\t\t\t\ttitle=\"\"\n\t\t\t\talt=\"IMG_3289\"\n\t\t\t\tsrc=\"https:\/\/blogsaverroes.juntadeandalucia.es\/ceipalvarocecilia\/wp-content\/uploads\/sites\/1188\/nggallery\/Fiesta-del-Agua\/IMG_3289.jpg\"\n\t\t\t\tstyle=\"max-height: 380px;\"\/>\n\t\t<\/a>\n\n\t\t\n\t\t<a href=\"https:\/\/blogsaverroes.juntadeandalucia.es\/ceipalvarocecilia\/wp-content\/uploads\/sites\/1188\/nggallery\/Fiesta-del-Agua\/IMG_3290.jpg\"\n\t\t\ttitle=\"\"\n\t\t\tdata-src=\"https:\/\/blogsaverroes.juntadeandalucia.es\/ceipalvarocecilia\/wp-content\/uploads\/sites\/1188\/nggallery\/Fiesta-del-Agua\/IMG_3290.jpg\"\n\t\t\tdata-thumbnail=\"https:\/\/blogsaverroes.juntadeandalucia.es\/ceipalvarocecilia\/wp-content\/uploads\/sites\/1188\/nggallery\/Fiesta-del-Agua\/thumbs\/thumbs_IMG_3290.jpg\"\n\t\t\tdata-image-id=\"4074\"\n\t\t\tdata-title=\"IMG_3290\"\n\t\t\tdata-description=\"\"\n\t\t\tclass=\"ngg-fancybox\" rel=\"754941554ffcdf22da8fda91791678ec\">\n\n\t\t\t<img data-image-id='4074'\n\t\t\t\ttitle=\"\"\n\t\t\t\talt=\"IMG_3290\"\n\t\t\t\tsrc=\"https:\/\/blogsaverroes.juntadeandalucia.es\/ceipalvarocecilia\/wp-content\/uploads\/sites\/1188\/nggallery\/Fiesta-del-Agua\/IMG_3290.jpg\"\n\t\t\t\tstyle=\"max-height: 380px;\"\/>\n\t\t<\/a>\n\n\t\t\n\t\t<a href=\"https:\/\/blogsaverroes.juntadeandalucia.es\/ceipalvarocecilia\/wp-content\/uploads\/sites\/1188\/nggallery\/Fiesta-del-Agua\/IMG_3291.jpg\"\n\t\t\ttitle=\"\"\n\t\t\tdata-src=\"https:\/\/blogsaverroes.juntadeandalucia.es\/ceipalvarocecilia\/wp-content\/uploads\/sites\/1188\/nggallery\/Fiesta-del-Agua\/IMG_3291.jpg\"\n\t\t\tdata-thumbnail=\"https:\/\/blogsaverroes.juntadeandalucia.es\/ceipalvarocecilia\/wp-content\/uploads\/sites\/1188\/nggallery\/Fiesta-del-Agua\/thumbs\/thumbs_IMG_3291.jpg\"\n\t\t\tdata-image-id=\"4075\"\n\t\t\tdata-title=\"IMG_3291\"\n\t\t\tdata-description=\"\"\n\t\t\tclass=\"ngg-fancybox\" rel=\"754941554ffcdf22da8fda91791678ec\">\n\n\t\t\t<img data-image-id='4075'\n\t\t\t\ttitle=\"\"\n\t\t\t\talt=\"IMG_3291\"\n\t\t\t\tsrc=\"https:\/\/blogsaverroes.juntadeandalucia.es\/ceipalvarocecilia\/wp-content\/uploads\/sites\/1188\/nggallery\/Fiesta-del-Agua\/IMG_3291.jpg\"\n\t\t\t\tstyle=\"max-height: 380px;\"\/>\n\t\t<\/a>\n\n\t\t\n\t\t<a href=\"https:\/\/blogsaverroes.juntadeandalucia.es\/ceipalvarocecilia\/wp-content\/uploads\/sites\/1188\/nggallery\/Fiesta-del-Agua\/IMG_3292.jpg\"\n\t\t\ttitle=\"\"\n\t\t\tdata-src=\"https:\/\/blogsaverroes.juntadeandalucia.es\/ceipalvarocecilia\/wp-content\/uploads\/sites\/1188\/nggallery\/Fiesta-del-Agua\/IMG_3292.jpg\"\n\t\t\tdata-thumbnail=\"https:\/\/blogsaverroes.juntadeandalucia.es\/ceipalvarocecilia\/wp-content\/uploads\/sites\/1188\/nggallery\/Fiesta-del-Agua\/thumbs\/thumbs_IMG_3292.jpg\"\n\t\t\tdata-image-id=\"4076\"\n\t\t\tdata-title=\"IMG_3292\"\n\t\t\tdata-description=\"\"\n\t\t\tclass=\"ngg-fancybox\" rel=\"754941554ffcdf22da8fda91791678ec\">\n\n\t\t\t<img data-image-id='4076'\n\t\t\t\ttitle=\"\"\n\t\t\t\talt=\"IMG_3292\"\n\t\t\t\tsrc=\"https:\/\/blogsaverroes.juntadeandalucia.es\/ceipalvarocecilia\/wp-content\/uploads\/sites\/1188\/nggallery\/Fiesta-del-Agua\/IMG_3292.jpg\"\n\t\t\t\tstyle=\"max-height: 380px;\"\/>\n\t\t<\/a>\n\n\t\t\n\t\t<a href=\"https:\/\/blogsaverroes.juntadeandalucia.es\/ceipalvarocecilia\/wp-content\/uploads\/sites\/1188\/nggallery\/Fiesta-del-Agua\/IMG_3293.jpg\"\n\t\t\ttitle=\"\"\n\t\t\tdata-src=\"https:\/\/blogsaverroes.juntadeandalucia.es\/ceipalvarocecilia\/wp-content\/uploads\/sites\/1188\/nggallery\/Fiesta-del-Agua\/IMG_3293.jpg\"\n\t\t\tdata-thumbnail=\"https:\/\/blogsaverroes.juntadeandalucia.es\/ceipalvarocecilia\/wp-content\/uploads\/sites\/1188\/nggallery\/Fiesta-del-Agua\/thumbs\/thumbs_IMG_3293.jpg\"\n\t\t\tdata-image-id=\"4077\"\n\t\t\tdata-title=\"IMG_3293\"\n\t\t\tdata-description=\"\"\n\t\t\tclass=\"ngg-fancybox\" rel=\"754941554ffcdf22da8fda91791678ec\">\n\n\t\t\t<img data-image-id='4077'\n\t\t\t\ttitle=\"\"\n\t\t\t\talt=\"IMG_3293\"\n\t\t\t\tsrc=\"https:\/\/blogsaverroes.juntadeandalucia.es\/ceipalvarocecilia\/wp-content\/uploads\/sites\/1188\/nggallery\/Fiesta-del-Agua\/IMG_3293.jpg\"\n\t\t\t\tstyle=\"max-height: 380px;\"\/>\n\t\t<\/a>\n\n\t\t\n\t\t<a href=\"https:\/\/blogsaverroes.juntadeandalucia.es\/ceipalvarocecilia\/wp-content\/uploads\/sites\/1188\/nggallery\/Fiesta-del-Agua\/IMG_3294.jpg\"\n\t\t\ttitle=\"\"\n\t\t\tdata-src=\"https:\/\/blogsaverroes.juntadeandalucia.es\/ceipalvarocecilia\/wp-content\/uploads\/sites\/1188\/nggallery\/Fiesta-del-Agua\/IMG_3294.jpg\"\n\t\t\tdata-thumbnail=\"https:\/\/blogsaverroes.juntadeandalucia.es\/ceipalvarocecilia\/wp-content\/uploads\/sites\/1188\/nggallery\/Fiesta-del-Agua\/thumbs\/thumbs_IMG_3294.jpg\"\n\t\t\tdata-image-id=\"4078\"\n\t\t\tdata-title=\"IMG_3294\"\n\t\t\tdata-description=\"\"\n\t\t\tclass=\"ngg-fancybox\" rel=\"754941554ffcdf22da8fda91791678ec\">\n\n\t\t\t<img data-image-id='4078'\n\t\t\t\ttitle=\"\"\n\t\t\t\talt=\"IMG_3294\"\n\t\t\t\tsrc=\"https:\/\/blogsaverroes.juntadeandalucia.es\/ceipalvarocecilia\/wp-content\/uploads\/sites\/1188\/nggallery\/Fiesta-del-Agua\/IMG_3294.jpg\"\n\t\t\t\tstyle=\"max-height: 380px;\"\/>\n\t\t<\/a>\n\n\t\t\n\t\t<a href=\"https:\/\/blogsaverroes.juntadeandalucia.es\/ceipalvarocecilia\/wp-content\/uploads\/sites\/1188\/nggallery\/Fiesta-del-Agua\/IMG_3295.jpg\"\n\t\t\ttitle=\"\"\n\t\t\tdata-src=\"https:\/\/blogsaverroes.juntadeandalucia.es\/ceipalvarocecilia\/wp-content\/uploads\/sites\/1188\/nggallery\/Fiesta-del-Agua\/IMG_3295.jpg\"\n\t\t\tdata-thumbnail=\"https:\/\/blogsaverroes.juntadeandalucia.es\/ceipalvarocecilia\/wp-content\/uploads\/sites\/1188\/nggallery\/Fiesta-del-Agua\/thumbs\/thumbs_IMG_3295.jpg\"\n\t\t\tdata-image-id=\"4079\"\n\t\t\tdata-title=\"IMG_3295\"\n\t\t\tdata-description=\"\"\n\t\t\tclass=\"ngg-fancybox\" rel=\"754941554ffcdf22da8fda91791678ec\">\n\n\t\t\t<img data-image-id='4079'\n\t\t\t\ttitle=\"\"\n\t\t\t\talt=\"IMG_3295\"\n\t\t\t\tsrc=\"https:\/\/blogsaverroes.juntadeandalucia.es\/ceipalvarocecilia\/wp-content\/uploads\/sites\/1188\/nggallery\/Fiesta-del-Agua\/IMG_3295.jpg\"\n\t\t\t\tstyle=\"max-height: 380px;\"\/>\n\t\t<\/a>\n\n\t\t\n\t\t<a href=\"https:\/\/blogsaverroes.juntadeandalucia.es\/ceipalvarocecilia\/wp-content\/uploads\/sites\/1188\/nggallery\/Fiesta-del-Agua\/IMG_3296.jpg\"\n\t\t\ttitle=\"\"\n\t\t\tdata-src=\"https:\/\/blogsaverroes.juntadeandalucia.es\/ceipalvarocecilia\/wp-content\/uploads\/sites\/1188\/nggallery\/Fiesta-del-Agua\/IMG_3296.jpg\"\n\t\t\tdata-thumbnail=\"https:\/\/blogsaverroes.juntadeandalucia.es\/ceipalvarocecilia\/wp-content\/uploads\/sites\/1188\/nggallery\/Fiesta-del-Agua\/thumbs\/thumbs_IMG_3296.jpg\"\n\t\t\tdata-image-id=\"4080\"\n\t\t\tdata-title=\"IMG_3296\"\n\t\t\tdata-description=\"\"\n\t\t\tclass=\"ngg-fancybox\" rel=\"754941554ffcdf22da8fda91791678ec\">\n\n\t\t\t<img data-image-id='4080'\n\t\t\t\ttitle=\"\"\n\t\t\t\talt=\"IMG_3296\"\n\t\t\t\tsrc=\"https:\/\/blogsaverroes.juntadeandalucia.es\/ceipalvarocecilia\/wp-content\/uploads\/sites\/1188\/nggallery\/Fiesta-del-Agua\/IMG_3296.jpg\"\n\t\t\t\tstyle=\"max-height: 380px;\"\/>\n\t\t<\/a>\n\n\t\t\n\t\t<a href=\"https:\/\/blogsaverroes.juntadeandalucia.es\/ceipalvarocecilia\/wp-content\/uploads\/sites\/1188\/nggallery\/Fiesta-del-Agua\/IMG_3297.jpg\"\n\t\t\ttitle=\"\"\n\t\t\tdata-src=\"https:\/\/blogsaverroes.juntadeandalucia.es\/ceipalvarocecilia\/wp-content\/uploads\/sites\/1188\/nggallery\/Fiesta-del-Agua\/IMG_3297.jpg\"\n\t\t\tdata-thumbnail=\"https:\/\/blogsaverroes.juntadeandalucia.es\/ceipalvarocecilia\/wp-content\/uploads\/sites\/1188\/nggallery\/Fiesta-del-Agua\/thumbs\/thumbs_IMG_3297.jpg\"\n\t\t\tdata-image-id=\"4081\"\n\t\t\tdata-title=\"IMG_3297\"\n\t\t\tdata-description=\"\"\n\t\t\tclass=\"ngg-fancybox\" rel=\"754941554ffcdf22da8fda91791678ec\">\n\n\t\t\t<img data-image-id='4081'\n\t\t\t\ttitle=\"\"\n\t\t\t\talt=\"IMG_3297\"\n\t\t\t\tsrc=\"https:\/\/blogsaverroes.juntadeandalucia.es\/ceipalvarocecilia\/wp-content\/uploads\/sites\/1188\/nggallery\/Fiesta-del-Agua\/IMG_3297.jpg\"\n\t\t\t\tstyle=\"max-height: 380px;\"\/>\n\t\t<\/a>\n\n\t\t\n\t\t<a href=\"https:\/\/blogsaverroes.juntadeandalucia.es\/ceipalvarocecilia\/wp-content\/uploads\/sites\/1188\/nggallery\/Fiesta-del-Agua\/IMG_3298.jpg\"\n\t\t\ttitle=\"\"\n\t\t\tdata-src=\"https:\/\/blogsaverroes.juntadeandalucia.es\/ceipalvarocecilia\/wp-content\/uploads\/sites\/1188\/nggallery\/Fiesta-del-Agua\/IMG_3298.jpg\"\n\t\t\tdata-thumbnail=\"https:\/\/blogsaverroes.juntadeandalucia.es\/ceipalvarocecilia\/wp-content\/uploads\/sites\/1188\/nggallery\/Fiesta-del-Agua\/thumbs\/thumbs_IMG_3298.jpg\"\n\t\t\tdata-image-id=\"4082\"\n\t\t\tdata-title=\"IMG_3298\"\n\t\t\tdata-description=\"\"\n\t\t\tclass=\"ngg-fancybox\" rel=\"754941554ffcdf22da8fda91791678ec\">\n\n\t\t\t<img data-image-id='4082'\n\t\t\t\ttitle=\"\"\n\t\t\t\talt=\"IMG_3298\"\n\t\t\t\tsrc=\"https:\/\/blogsaverroes.juntadeandalucia.es\/ceipalvarocecilia\/wp-content\/uploads\/sites\/1188\/nggallery\/Fiesta-del-Agua\/IMG_3298.jpg\"\n\t\t\t\tstyle=\"max-height: 380px;\"\/>\n\t\t<\/a>\n\n\t\t\n\t\t<a href=\"https:\/\/blogsaverroes.juntadeandalucia.es\/ceipalvarocecilia\/wp-content\/uploads\/sites\/1188\/nggallery\/Fiesta-del-Agua\/IMG_3299.jpg\"\n\t\t\ttitle=\"\"\n\t\t\tdata-src=\"https:\/\/blogsaverroes.juntadeandalucia.es\/ceipalvarocecilia\/wp-content\/uploads\/sites\/1188\/nggallery\/Fiesta-del-Agua\/IMG_3299.jpg\"\n\t\t\tdata-thumbnail=\"https:\/\/blogsaverroes.juntadeandalucia.es\/ceipalvarocecilia\/wp-content\/uploads\/sites\/1188\/nggallery\/Fiesta-del-Agua\/thumbs\/thumbs_IMG_3299.jpg\"\n\t\t\tdata-image-id=\"4083\"\n\t\t\tdata-title=\"IMG_3299\"\n\t\t\tdata-description=\"\"\n\t\t\tclass=\"ngg-fancybox\" rel=\"754941554ffcdf22da8fda91791678ec\">\n\n\t\t\t<img data-image-id='4083'\n\t\t\t\ttitle=\"\"\n\t\t\t\talt=\"IMG_3299\"\n\t\t\t\tsrc=\"https:\/\/blogsaverroes.juntadeandalucia.es\/ceipalvarocecilia\/wp-content\/uploads\/sites\/1188\/nggallery\/Fiesta-del-Agua\/IMG_3299.jpg\"\n\t\t\t\tstyle=\"max-height: 380px;\"\/>\n\t\t<\/a>\n\n\t\t\n\t\t<a href=\"https:\/\/blogsaverroes.juntadeandalucia.es\/ceipalvarocecilia\/wp-content\/uploads\/sites\/1188\/nggallery\/Fiesta-del-Agua\/IMG_3300.jpg\"\n\t\t\ttitle=\"\"\n\t\t\tdata-src=\"https:\/\/blogsaverroes.juntadeandalucia.es\/ceipalvarocecilia\/wp-content\/uploads\/sites\/1188\/nggallery\/Fiesta-del-Agua\/IMG_3300.jpg\"\n\t\t\tdata-thumbnail=\"https:\/\/blogsaverroes.juntadeandalucia.es\/ceipalvarocecilia\/wp-content\/uploads\/sites\/1188\/nggallery\/Fiesta-del-Agua\/thumbs\/thumbs_IMG_3300.jpg\"\n\t\t\tdata-image-id=\"4084\"\n\t\t\tdata-title=\"IMG_3300\"\n\t\t\tdata-description=\"\"\n\t\t\tclass=\"ngg-fancybox\" rel=\"754941554ffcdf22da8fda91791678ec\">\n\n\t\t\t<img data-image-id='4084'\n\t\t\t\ttitle=\"\"\n\t\t\t\talt=\"IMG_3300\"\n\t\t\t\tsrc=\"https:\/\/blogsaverroes.juntadeandalucia.es\/ceipalvarocecilia\/wp-content\/uploads\/sites\/1188\/nggallery\/Fiesta-del-Agua\/IMG_3300.jpg\"\n\t\t\t\tstyle=\"max-height: 380px;\"\/>\n\t\t<\/a>\n\n\t\t\n\t\t<a href=\"https:\/\/blogsaverroes.juntadeandalucia.es\/ceipalvarocecilia\/wp-content\/uploads\/sites\/1188\/nggallery\/Fiesta-del-Agua\/IMG_3301.jpg\"\n\t\t\ttitle=\"\"\n\t\t\tdata-src=\"https:\/\/blogsaverroes.juntadeandalucia.es\/ceipalvarocecilia\/wp-content\/uploads\/sites\/1188\/nggallery\/Fiesta-del-Agua\/IMG_3301.jpg\"\n\t\t\tdata-thumbnail=\"https:\/\/blogsaverroes.juntadeandalucia.es\/ceipalvarocecilia\/wp-content\/uploads\/sites\/1188\/nggallery\/Fiesta-del-Agua\/thumbs\/thumbs_IMG_3301.jpg\"\n\t\t\tdata-image-id=\"4085\"\n\t\t\tdata-title=\"IMG_3301\"\n\t\t\tdata-description=\"\"\n\t\t\tclass=\"ngg-fancybox\" rel=\"754941554ffcdf22da8fda91791678ec\">\n\n\t\t\t<img data-image-id='4085'\n\t\t\t\ttitle=\"\"\n\t\t\t\talt=\"IMG_3301\"\n\t\t\t\tsrc=\"https:\/\/blogsaverroes.juntadeandalucia.es\/ceipalvarocecilia\/wp-content\/uploads\/sites\/1188\/nggallery\/Fiesta-del-Agua\/IMG_3301.jpg\"\n\t\t\t\tstyle=\"max-height: 380px;\"\/>\n\t\t<\/a>\n\n\t\t\n\t\t<a href=\"https:\/\/blogsaverroes.juntadeandalucia.es\/ceipalvarocecilia\/wp-content\/uploads\/sites\/1188\/nggallery\/Fiesta-del-Agua\/IMG_3302.jpg\"\n\t\t\ttitle=\"\"\n\t\t\tdata-src=\"https:\/\/blogsaverroes.juntadeandalucia.es\/ceipalvarocecilia\/wp-content\/uploads\/sites\/1188\/nggallery\/Fiesta-del-Agua\/IMG_3302.jpg\"\n\t\t\tdata-thumbnail=\"https:\/\/blogsaverroes.juntadeandalucia.es\/ceipalvarocecilia\/wp-content\/uploads\/sites\/1188\/nggallery\/Fiesta-del-Agua\/thumbs\/thumbs_IMG_3302.jpg\"\n\t\t\tdata-image-id=\"4086\"\n\t\t\tdata-title=\"IMG_3302\"\n\t\t\tdata-description=\"\"\n\t\t\tclass=\"ngg-fancybox\" rel=\"754941554ffcdf22da8fda91791678ec\">\n\n\t\t\t<img data-image-id='4086'\n\t\t\t\ttitle=\"\"\n\t\t\t\talt=\"IMG_3302\"\n\t\t\t\tsrc=\"https:\/\/blogsaverroes.juntadeandalucia.es\/ceipalvarocecilia\/wp-content\/uploads\/sites\/1188\/nggallery\/Fiesta-del-Agua\/IMG_3302.jpg\"\n\t\t\t\tstyle=\"max-height: 380px;\"\/>\n\t\t<\/a>\n\n\t\t\n\t\t<a href=\"https:\/\/blogsaverroes.juntadeandalucia.es\/ceipalvarocecilia\/wp-content\/uploads\/sites\/1188\/nggallery\/Fiesta-del-Agua\/IMG_3303.jpg\"\n\t\t\ttitle=\"\"\n\t\t\tdata-src=\"https:\/\/blogsaverroes.juntadeandalucia.es\/ceipalvarocecilia\/wp-content\/uploads\/sites\/1188\/nggallery\/Fiesta-del-Agua\/IMG_3303.jpg\"\n\t\t\tdata-thumbnail=\"https:\/\/blogsaverroes.juntadeandalucia.es\/ceipalvarocecilia\/wp-content\/uploads\/sites\/1188\/nggallery\/Fiesta-del-Agua\/thumbs\/thumbs_IMG_3303.jpg\"\n\t\t\tdata-image-id=\"4087\"\n\t\t\tdata-title=\"IMG_3303\"\n\t\t\tdata-description=\"\"\n\t\t\tclass=\"ngg-fancybox\" rel=\"754941554ffcdf22da8fda91791678ec\">\n\n\t\t\t<img data-image-id='4087'\n\t\t\t\ttitle=\"\"\n\t\t\t\talt=\"IMG_3303\"\n\t\t\t\tsrc=\"https:\/\/blogsaverroes.juntadeandalucia.es\/ceipalvarocecilia\/wp-content\/uploads\/sites\/1188\/nggallery\/Fiesta-del-Agua\/IMG_3303.jpg\"\n\t\t\t\tstyle=\"max-height: 380px;\"\/>\n\t\t<\/a>\n\n\t\t\n\t\t<a href=\"https:\/\/blogsaverroes.juntadeandalucia.es\/ceipalvarocecilia\/wp-content\/uploads\/sites\/1188\/nggallery\/Fiesta-del-Agua\/IMG_3304.jpg\"\n\t\t\ttitle=\"\"\n\t\t\tdata-src=\"https:\/\/blogsaverroes.juntadeandalucia.es\/ceipalvarocecilia\/wp-content\/uploads\/sites\/1188\/nggallery\/Fiesta-del-Agua\/IMG_3304.jpg\"\n\t\t\tdata-thumbnail=\"https:\/\/blogsaverroes.juntadeandalucia.es\/ceipalvarocecilia\/wp-content\/uploads\/sites\/1188\/nggallery\/Fiesta-del-Agua\/thumbs\/thumbs_IMG_3304.jpg\"\n\t\t\tdata-image-id=\"4088\"\n\t\t\tdata-title=\"IMG_3304\"\n\t\t\tdata-description=\"\"\n\t\t\tclass=\"ngg-fancybox\" rel=\"754941554ffcdf22da8fda91791678ec\">\n\n\t\t\t<img data-image-id='4088'\n\t\t\t\ttitle=\"\"\n\t\t\t\talt=\"IMG_3304\"\n\t\t\t\tsrc=\"https:\/\/blogsaverroes.juntadeandalucia.es\/ceipalvarocecilia\/wp-content\/uploads\/sites\/1188\/nggallery\/Fiesta-del-Agua\/IMG_3304.jpg\"\n\t\t\t\tstyle=\"max-height: 380px;\"\/>\n\t\t<\/a>\n\n\t\t\n\t\t<a href=\"https:\/\/blogsaverroes.juntadeandalucia.es\/ceipalvarocecilia\/wp-content\/uploads\/sites\/1188\/nggallery\/Fiesta-del-Agua\/IMG_3305.jpg\"\n\t\t\ttitle=\"\"\n\t\t\tdata-src=\"https:\/\/blogsaverroes.juntadeandalucia.es\/ceipalvarocecilia\/wp-content\/uploads\/sites\/1188\/nggallery\/Fiesta-del-Agua\/IMG_3305.jpg\"\n\t\t\tdata-thumbnail=\"https:\/\/blogsaverroes.juntadeandalucia.es\/ceipalvarocecilia\/wp-content\/uploads\/sites\/1188\/nggallery\/Fiesta-del-Agua\/thumbs\/thumbs_IMG_3305.jpg\"\n\t\t\tdata-image-id=\"4089\"\n\t\t\tdata-title=\"IMG_3305\"\n\t\t\tdata-description=\"\"\n\t\t\tclass=\"ngg-fancybox\" rel=\"754941554ffcdf22da8fda91791678ec\">\n\n\t\t\t<img data-image-id='4089'\n\t\t\t\ttitle=\"\"\n\t\t\t\talt=\"IMG_3305\"\n\t\t\t\tsrc=\"https:\/\/blogsaverroes.juntadeandalucia.es\/ceipalvarocecilia\/wp-content\/uploads\/sites\/1188\/nggallery\/Fiesta-del-Agua\/IMG_3305.jpg\"\n\t\t\t\tstyle=\"max-height: 380px;\"\/>\n\t\t<\/a>\n\n\t\t\n\t\t<a href=\"https:\/\/blogsaverroes.juntadeandalucia.es\/ceipalvarocecilia\/wp-content\/uploads\/sites\/1188\/nggallery\/Fiesta-del-Agua\/IMG_3306.jpg\"\n\t\t\ttitle=\"\"\n\t\t\tdata-src=\"https:\/\/blogsaverroes.juntadeandalucia.es\/ceipalvarocecilia\/wp-content\/uploads\/sites\/1188\/nggallery\/Fiesta-del-Agua\/IMG_3306.jpg\"\n\t\t\tdata-thumbnail=\"https:\/\/blogsaverroes.juntadeandalucia.es\/ceipalvarocecilia\/wp-content\/uploads\/sites\/1188\/nggallery\/Fiesta-del-Agua\/thumbs\/thumbs_IMG_3306.jpg\"\n\t\t\tdata-image-id=\"4090\"\n\t\t\tdata-title=\"IMG_3306\"\n\t\t\tdata-description=\"\"\n\t\t\tclass=\"ngg-fancybox\" rel=\"754941554ffcdf22da8fda91791678ec\">\n\n\t\t\t<img data-image-id='4090'\n\t\t\t\ttitle=\"\"\n\t\t\t\talt=\"IMG_3306\"\n\t\t\t\tsrc=\"https:\/\/blogsaverroes.juntadeandalucia.es\/ceipalvarocecilia\/wp-content\/uploads\/sites\/1188\/nggallery\/Fiesta-del-Agua\/IMG_3306.jpg\"\n\t\t\t\tstyle=\"max-height: 380px;\"\/>\n\t\t<\/a>\n\n\t\t\n\t\t<a href=\"https:\/\/blogsaverroes.juntadeandalucia.es\/ceipalvarocecilia\/wp-content\/uploads\/sites\/1188\/nggallery\/Fiesta-del-Agua\/IMG_3307.jpg\"\n\t\t\ttitle=\"\"\n\t\t\tdata-src=\"https:\/\/blogsaverroes.juntadeandalucia.es\/ceipalvarocecilia\/wp-content\/uploads\/sites\/1188\/nggallery\/Fiesta-del-Agua\/IMG_3307.jpg\"\n\t\t\tdata-thumbnail=\"https:\/\/blogsaverroes.juntadeandalucia.es\/ceipalvarocecilia\/wp-content\/uploads\/sites\/1188\/nggallery\/Fiesta-del-Agua\/thumbs\/thumbs_IMG_3307.jpg\"\n\t\t\tdata-image-id=\"4091\"\n\t\t\tdata-title=\"IMG_3307\"\n\t\t\tdata-description=\"\"\n\t\t\tclass=\"ngg-fancybox\" rel=\"754941554ffcdf22da8fda91791678ec\">\n\n\t\t\t<img data-image-id='4091'\n\t\t\t\ttitle=\"\"\n\t\t\t\talt=\"IMG_3307\"\n\t\t\t\tsrc=\"https:\/\/blogsaverroes.juntadeandalucia.es\/ceipalvarocecilia\/wp-content\/uploads\/sites\/1188\/nggallery\/Fiesta-del-Agua\/IMG_3307.jpg\"\n\t\t\t\tstyle=\"max-height: 380px;\"\/>\n\t\t<\/a>\n\n\t\t\n\t\t<a href=\"https:\/\/blogsaverroes.juntadeandalucia.es\/ceipalvarocecilia\/wp-content\/uploads\/sites\/1188\/nggallery\/Fiesta-del-Agua\/IMG_3308.jpg\"\n\t\t\ttitle=\"\"\n\t\t\tdata-src=\"https:\/\/blogsaverroes.juntadeandalucia.es\/ceipalvarocecilia\/wp-content\/uploads\/sites\/1188\/nggallery\/Fiesta-del-Agua\/IMG_3308.jpg\"\n\t\t\tdata-thumbnail=\"https:\/\/blogsaverroes.juntadeandalucia.es\/ceipalvarocecilia\/wp-content\/uploads\/sites\/1188\/nggallery\/Fiesta-del-Agua\/thumbs\/thumbs_IMG_3308.jpg\"\n\t\t\tdata-image-id=\"4092\"\n\t\t\tdata-title=\"IMG_3308\"\n\t\t\tdata-description=\"\"\n\t\t\tclass=\"ngg-fancybox\" rel=\"754941554ffcdf22da8fda91791678ec\">\n\n\t\t\t<img data-image-id='4092'\n\t\t\t\ttitle=\"\"\n\t\t\t\talt=\"IMG_3308\"\n\t\t\t\tsrc=\"https:\/\/blogsaverroes.juntadeandalucia.es\/ceipalvarocecilia\/wp-content\/uploads\/sites\/1188\/nggallery\/Fiesta-del-Agua\/IMG_3308.jpg\"\n\t\t\t\tstyle=\"max-height: 380px;\"\/>\n\t\t<\/a>\n\n\t\t\n\t\t<a href=\"https:\/\/blogsaverroes.juntadeandalucia.es\/ceipalvarocecilia\/wp-content\/uploads\/sites\/1188\/nggallery\/Fiesta-del-Agua\/IMG_3309.jpg\"\n\t\t\ttitle=\"\"\n\t\t\tdata-src=\"https:\/\/blogsaverroes.juntadeandalucia.es\/ceipalvarocecilia\/wp-content\/uploads\/sites\/1188\/nggallery\/Fiesta-del-Agua\/IMG_3309.jpg\"\n\t\t\tdata-thumbnail=\"https:\/\/blogsaverroes.juntadeandalucia.es\/ceipalvarocecilia\/wp-content\/uploads\/sites\/1188\/nggallery\/Fiesta-del-Agua\/thumbs\/thumbs_IMG_3309.jpg\"\n\t\t\tdata-image-id=\"4093\"\n\t\t\tdata-title=\"IMG_3309\"\n\t\t\tdata-description=\"\"\n\t\t\tclass=\"ngg-fancybox\" rel=\"754941554ffcdf22da8fda91791678ec\">\n\n\t\t\t<img data-image-id='4093'\n\t\t\t\ttitle=\"\"\n\t\t\t\talt=\"IMG_3309\"\n\t\t\t\tsrc=\"https:\/\/blogsaverroes.juntadeandalucia.es\/ceipalvarocecilia\/wp-content\/uploads\/sites\/1188\/nggallery\/Fiesta-del-Agua\/IMG_3309.jpg\"\n\t\t\t\tstyle=\"max-height: 380px;\"\/>\n\t\t<\/a>\n\n\t\t\n\t\t<a href=\"https:\/\/blogsaverroes.juntadeandalucia.es\/ceipalvarocecilia\/wp-content\/uploads\/sites\/1188\/nggallery\/Fiesta-del-Agua\/IMG_3310.jpg\"\n\t\t\ttitle=\"\"\n\t\t\tdata-src=\"https:\/\/blogsaverroes.juntadeandalucia.es\/ceipalvarocecilia\/wp-content\/uploads\/sites\/1188\/nggallery\/Fiesta-del-Agua\/IMG_3310.jpg\"\n\t\t\tdata-thumbnail=\"https:\/\/blogsaverroes.juntadeandalucia.es\/ceipalvarocecilia\/wp-content\/uploads\/sites\/1188\/nggallery\/Fiesta-del-Agua\/thumbs\/thumbs_IMG_3310.jpg\"\n\t\t\tdata-image-id=\"4094\"\n\t\t\tdata-title=\"IMG_3310\"\n\t\t\tdata-description=\"\"\n\t\t\tclass=\"ngg-fancybox\" rel=\"754941554ffcdf22da8fda91791678ec\">\n\n\t\t\t<img data-image-id='4094'\n\t\t\t\ttitle=\"\"\n\t\t\t\talt=\"IMG_3310\"\n\t\t\t\tsrc=\"https:\/\/blogsaverroes.juntadeandalucia.es\/ceipalvarocecilia\/wp-content\/uploads\/sites\/1188\/nggallery\/Fiesta-del-Agua\/IMG_3310.jpg\"\n\t\t\t\tstyle=\"max-height: 380px;\"\/>\n\t\t<\/a>\n\n\t\t\n\t\t<a href=\"https:\/\/blogsaverroes.juntadeandalucia.es\/ceipalvarocecilia\/wp-content\/uploads\/sites\/1188\/nggallery\/Fiesta-del-Agua\/IMG_3311.jpg\"\n\t\t\ttitle=\"\"\n\t\t\tdata-src=\"https:\/\/blogsaverroes.juntadeandalucia.es\/ceipalvarocecilia\/wp-content\/uploads\/sites\/1188\/nggallery\/Fiesta-del-Agua\/IMG_3311.jpg\"\n\t\t\tdata-thumbnail=\"https:\/\/blogsaverroes.juntadeandalucia.es\/ceipalvarocecilia\/wp-content\/uploads\/sites\/1188\/nggallery\/Fiesta-del-Agua\/thumbs\/thumbs_IMG_3311.jpg\"\n\t\t\tdata-image-id=\"4095\"\n\t\t\tdata-title=\"IMG_3311\"\n\t\t\tdata-description=\"\"\n\t\t\tclass=\"ngg-fancybox\" rel=\"754941554ffcdf22da8fda91791678ec\">\n\n\t\t\t<img data-image-id='4095'\n\t\t\t\ttitle=\"\"\n\t\t\t\talt=\"IMG_3311\"\n\t\t\t\tsrc=\"https:\/\/blogsaverroes.juntadeandalucia.es\/ceipalvarocecilia\/wp-content\/uploads\/sites\/1188\/nggallery\/Fiesta-del-Agua\/IMG_3311.jpg\"\n\t\t\t\tstyle=\"max-height: 380px;\"\/>\n\t\t<\/a>\n\n\t\t\n\t\t<a href=\"https:\/\/blogsaverroes.juntadeandalucia.es\/ceipalvarocecilia\/wp-content\/uploads\/sites\/1188\/nggallery\/Fiesta-del-Agua\/IMG_3312.jpg\"\n\t\t\ttitle=\"\"\n\t\t\tdata-src=\"https:\/\/blogsaverroes.juntadeandalucia.es\/ceipalvarocecilia\/wp-content\/uploads\/sites\/1188\/nggallery\/Fiesta-del-Agua\/IMG_3312.jpg\"\n\t\t\tdata-thumbnail=\"https:\/\/blogsaverroes.juntadeandalucia.es\/ceipalvarocecilia\/wp-content\/uploads\/sites\/1188\/nggallery\/Fiesta-del-Agua\/thumbs\/thumbs_IMG_3312.jpg\"\n\t\t\tdata-image-id=\"4096\"\n\t\t\tdata-title=\"IMG_3312\"\n\t\t\tdata-description=\"\"\n\t\t\tclass=\"ngg-fancybox\" rel=\"754941554ffcdf22da8fda91791678ec\">\n\n\t\t\t<img data-image-id='4096'\n\t\t\t\ttitle=\"\"\n\t\t\t\talt=\"IMG_3312\"\n\t\t\t\tsrc=\"https:\/\/blogsaverroes.juntadeandalucia.es\/ceipalvarocecilia\/wp-content\/uploads\/sites\/1188\/nggallery\/Fiesta-del-Agua\/IMG_3312.jpg\"\n\t\t\t\tstyle=\"max-height: 380px;\"\/>\n\t\t<\/a>\n\n\t\t\n\t\t<a href=\"https:\/\/blogsaverroes.juntadeandalucia.es\/ceipalvarocecilia\/wp-content\/uploads\/sites\/1188\/nggallery\/Fiesta-del-Agua\/IMG_3313.jpg\"\n\t\t\ttitle=\"\"\n\t\t\tdata-src=\"https:\/\/blogsaverroes.juntadeandalucia.es\/ceipalvarocecilia\/wp-content\/uploads\/sites\/1188\/nggallery\/Fiesta-del-Agua\/IMG_3313.jpg\"\n\t\t\tdata-thumbnail=\"https:\/\/blogsaverroes.juntadeandalucia.es\/ceipalvarocecilia\/wp-content\/uploads\/sites\/1188\/nggallery\/Fiesta-del-Agua\/thumbs\/thumbs_IMG_3313.jpg\"\n\t\t\tdata-image-id=\"4097\"\n\t\t\tdata-title=\"IMG_3313\"\n\t\t\tdata-description=\"\"\n\t\t\tclass=\"ngg-fancybox\" rel=\"754941554ffcdf22da8fda91791678ec\">\n\n\t\t\t<img data-image-id='4097'\n\t\t\t\ttitle=\"\"\n\t\t\t\talt=\"IMG_3313\"\n\t\t\t\tsrc=\"https:\/\/blogsaverroes.juntadeandalucia.es\/ceipalvarocecilia\/wp-content\/uploads\/sites\/1188\/nggallery\/Fiesta-del-Agua\/IMG_3313.jpg\"\n\t\t\t\tstyle=\"max-height: 380px;\"\/>\n\t\t<\/a>\n\n\t\t\n\t\t<a href=\"https:\/\/blogsaverroes.juntadeandalucia.es\/ceipalvarocecilia\/wp-content\/uploads\/sites\/1188\/nggallery\/Fiesta-del-Agua\/IMG_3314.jpg\"\n\t\t\ttitle=\"\"\n\t\t\tdata-src=\"https:\/\/blogsaverroes.juntadeandalucia.es\/ceipalvarocecilia\/wp-content\/uploads\/sites\/1188\/nggallery\/Fiesta-del-Agua\/IMG_3314.jpg\"\n\t\t\tdata-thumbnail=\"https:\/\/blogsaverroes.juntadeandalucia.es\/ceipalvarocecilia\/wp-content\/uploads\/sites\/1188\/nggallery\/Fiesta-del-Agua\/thumbs\/thumbs_IMG_3314.jpg\"\n\t\t\tdata-image-id=\"4098\"\n\t\t\tdata-title=\"IMG_3314\"\n\t\t\tdata-description=\"\"\n\t\t\tclass=\"ngg-fancybox\" rel=\"754941554ffcdf22da8fda91791678ec\">\n\n\t\t\t<img data-image-id='4098'\n\t\t\t\ttitle=\"\"\n\t\t\t\talt=\"IMG_3314\"\n\t\t\t\tsrc=\"https:\/\/blogsaverroes.juntadeandalucia.es\/ceipalvarocecilia\/wp-content\/uploads\/sites\/1188\/nggallery\/Fiesta-del-Agua\/IMG_3314.jpg\"\n\t\t\t\tstyle=\"max-height: 380px;\"\/>\n\t\t<\/a>\n\n\t\t\n\t\t<a href=\"https:\/\/blogsaverroes.juntadeandalucia.es\/ceipalvarocecilia\/wp-content\/uploads\/sites\/1188\/nggallery\/Fiesta-del-Agua\/IMG_3315.jpg\"\n\t\t\ttitle=\"\"\n\t\t\tdata-src=\"https:\/\/blogsaverroes.juntadeandalucia.es\/ceipalvarocecilia\/wp-content\/uploads\/sites\/1188\/nggallery\/Fiesta-del-Agua\/IMG_3315.jpg\"\n\t\t\tdata-thumbnail=\"https:\/\/blogsaverroes.juntadeandalucia.es\/ceipalvarocecilia\/wp-content\/uploads\/sites\/1188\/nggallery\/Fiesta-del-Agua\/thumbs\/thumbs_IMG_3315.jpg\"\n\t\t\tdata-image-id=\"4099\"\n\t\t\tdata-title=\"IMG_3315\"\n\t\t\tdata-description=\"\"\n\t\t\tclass=\"ngg-fancybox\" rel=\"754941554ffcdf22da8fda91791678ec\">\n\n\t\t\t<img data-image-id='4099'\n\t\t\t\ttitle=\"\"\n\t\t\t\talt=\"IMG_3315\"\n\t\t\t\tsrc=\"https:\/\/blogsaverroes.juntadeandalucia.es\/ceipalvarocecilia\/wp-content\/uploads\/sites\/1188\/nggallery\/Fiesta-del-Agua\/IMG_3315.jpg\"\n\t\t\t\tstyle=\"max-height: 380px;\"\/>\n\t\t<\/a>\n\n\t\t\n\t\t<a href=\"https:\/\/blogsaverroes.juntadeandalucia.es\/ceipalvarocecilia\/wp-content\/uploads\/sites\/1188\/nggallery\/Fiesta-del-Agua\/IMG_3316.jpg\"\n\t\t\ttitle=\"\"\n\t\t\tdata-src=\"https:\/\/blogsaverroes.juntadeandalucia.es\/ceipalvarocecilia\/wp-content\/uploads\/sites\/1188\/nggallery\/Fiesta-del-Agua\/IMG_3316.jpg\"\n\t\t\tdata-thumbnail=\"https:\/\/blogsaverroes.juntadeandalucia.es\/ceipalvarocecilia\/wp-content\/uploads\/sites\/1188\/nggallery\/Fiesta-del-Agua\/thumbs\/thumbs_IMG_3316.jpg\"\n\t\t\tdata-image-id=\"4100\"\n\t\t\tdata-title=\"IMG_3316\"\n\t\t\tdata-description=\"\"\n\t\t\tclass=\"ngg-fancybox\" rel=\"754941554ffcdf22da8fda91791678ec\">\n\n\t\t\t<img data-image-id='4100'\n\t\t\t\ttitle=\"\"\n\t\t\t\talt=\"IMG_3316\"\n\t\t\t\tsrc=\"https:\/\/blogsaverroes.juntadeandalucia.es\/ceipalvarocecilia\/wp-content\/uploads\/sites\/1188\/nggallery\/Fiesta-del-Agua\/IMG_3316.jpg\"\n\t\t\t\tstyle=\"max-height: 380px;\"\/>\n\t\t<\/a>\n\n\t\t\n\t\t<a href=\"https:\/\/blogsaverroes.juntadeandalucia.es\/ceipalvarocecilia\/wp-content\/uploads\/sites\/1188\/nggallery\/Fiesta-del-Agua\/IMG_3317.jpg\"\n\t\t\ttitle=\"\"\n\t\t\tdata-src=\"https:\/\/blogsaverroes.juntadeandalucia.es\/ceipalvarocecilia\/wp-content\/uploads\/sites\/1188\/nggallery\/Fiesta-del-Agua\/IMG_3317.jpg\"\n\t\t\tdata-thumbnail=\"https:\/\/blogsaverroes.juntadeandalucia.es\/ceipalvarocecilia\/wp-content\/uploads\/sites\/1188\/nggallery\/Fiesta-del-Agua\/thumbs\/thumbs_IMG_3317.jpg\"\n\t\t\tdata-image-id=\"4101\"\n\t\t\tdata-title=\"IMG_3317\"\n\t\t\tdata-description=\"\"\n\t\t\tclass=\"ngg-fancybox\" rel=\"754941554ffcdf22da8fda91791678ec\">\n\n\t\t\t<img data-image-id='4101'\n\t\t\t\ttitle=\"\"\n\t\t\t\talt=\"IMG_3317\"\n\t\t\t\tsrc=\"https:\/\/blogsaverroes.juntadeandalucia.es\/ceipalvarocecilia\/wp-content\/uploads\/sites\/1188\/nggallery\/Fiesta-del-Agua\/IMG_3317.jpg\"\n\t\t\t\tstyle=\"max-height: 380px;\"\/>\n\t\t<\/a>\n\n\t\t\n\t\t<a href=\"https:\/\/blogsaverroes.juntadeandalucia.es\/ceipalvarocecilia\/wp-content\/uploads\/sites\/1188\/nggallery\/Fiesta-del-Agua\/IMG_3318.jpg\"\n\t\t\ttitle=\"\"\n\t\t\tdata-src=\"https:\/\/blogsaverroes.juntadeandalucia.es\/ceipalvarocecilia\/wp-content\/uploads\/sites\/1188\/nggallery\/Fiesta-del-Agua\/IMG_3318.jpg\"\n\t\t\tdata-thumbnail=\"https:\/\/blogsaverroes.juntadeandalucia.es\/ceipalvarocecilia\/wp-content\/uploads\/sites\/1188\/nggallery\/Fiesta-del-Agua\/thumbs\/thumbs_IMG_3318.jpg\"\n\t\t\tdata-image-id=\"4102\"\n\t\t\tdata-title=\"IMG_3318\"\n\t\t\tdata-description=\"\"\n\t\t\tclass=\"ngg-fancybox\" rel=\"754941554ffcdf22da8fda91791678ec\">\n\n\t\t\t<img data-image-id='4102'\n\t\t\t\ttitle=\"\"\n\t\t\t\talt=\"IMG_3318\"\n\t\t\t\tsrc=\"https:\/\/blogsaverroes.juntadeandalucia.es\/ceipalvarocecilia\/wp-content\/uploads\/sites\/1188\/nggallery\/Fiesta-del-Agua\/IMG_3318.jpg\"\n\t\t\t\tstyle=\"max-height: 380px;\"\/>\n\t\t<\/a>\n\n\t\t\n\t\t<a href=\"https:\/\/blogsaverroes.juntadeandalucia.es\/ceipalvarocecilia\/wp-content\/uploads\/sites\/1188\/nggallery\/Fiesta-del-Agua\/IMG_3319.jpg\"\n\t\t\ttitle=\"\"\n\t\t\tdata-src=\"https:\/\/blogsaverroes.juntadeandalucia.es\/ceipalvarocecilia\/wp-content\/uploads\/sites\/1188\/nggallery\/Fiesta-del-Agua\/IMG_3319.jpg\"\n\t\t\tdata-thumbnail=\"https:\/\/blogsaverroes.juntadeandalucia.es\/ceipalvarocecilia\/wp-content\/uploads\/sites\/1188\/nggallery\/Fiesta-del-Agua\/thumbs\/thumbs_IMG_3319.jpg\"\n\t\t\tdata-image-id=\"4103\"\n\t\t\tdata-title=\"IMG_3319\"\n\t\t\tdata-description=\"\"\n\t\t\tclass=\"ngg-fancybox\" rel=\"754941554ffcdf22da8fda91791678ec\">\n\n\t\t\t<img data-image-id='4103'\n\t\t\t\ttitle=\"\"\n\t\t\t\talt=\"IMG_3319\"\n\t\t\t\tsrc=\"https:\/\/blogsaverroes.juntadeandalucia.es\/ceipalvarocecilia\/wp-content\/uploads\/sites\/1188\/nggallery\/Fiesta-del-Agua\/IMG_3319.jpg\"\n\t\t\t\tstyle=\"max-height: 380px;\"\/>\n\t\t<\/a>\n\n\t\t\n\t\t<a href=\"https:\/\/blogsaverroes.juntadeandalucia.es\/ceipalvarocecilia\/wp-content\/uploads\/sites\/1188\/nggallery\/Fiesta-del-Agua\/IMG_3320.jpg\"\n\t\t\ttitle=\"\"\n\t\t\tdata-src=\"https:\/\/blogsaverroes.juntadeandalucia.es\/ceipalvarocecilia\/wp-content\/uploads\/sites\/1188\/nggallery\/Fiesta-del-Agua\/IMG_3320.jpg\"\n\t\t\tdata-thumbnail=\"https:\/\/blogsaverroes.juntadeandalucia.es\/ceipalvarocecilia\/wp-content\/uploads\/sites\/1188\/nggallery\/Fiesta-del-Agua\/thumbs\/thumbs_IMG_3320.jpg\"\n\t\t\tdata-image-id=\"4104\"\n\t\t\tdata-title=\"IMG_3320\"\n\t\t\tdata-description=\"\"\n\t\t\tclass=\"ngg-fancybox\" rel=\"754941554ffcdf22da8fda91791678ec\">\n\n\t\t\t<img data-image-id='4104'\n\t\t\t\ttitle=\"\"\n\t\t\t\talt=\"IMG_3320\"\n\t\t\t\tsrc=\"https:\/\/blogsaverroes.juntadeandalucia.es\/ceipalvarocecilia\/wp-content\/uploads\/sites\/1188\/nggallery\/Fiesta-del-Agua\/IMG_3320.jpg\"\n\t\t\t\tstyle=\"max-height: 380px;\"\/>\n\t\t<\/a>\n\n\t\t\n\t\t<a href=\"https:\/\/blogsaverroes.juntadeandalucia.es\/ceipalvarocecilia\/wp-content\/uploads\/sites\/1188\/nggallery\/Fiesta-del-Agua\/IMG_3321.jpg\"\n\t\t\ttitle=\"\"\n\t\t\tdata-src=\"https:\/\/blogsaverroes.juntadeandalucia.es\/ceipalvarocecilia\/wp-content\/uploads\/sites\/1188\/nggallery\/Fiesta-del-Agua\/IMG_3321.jpg\"\n\t\t\tdata-thumbnail=\"https:\/\/blogsaverroes.juntadeandalucia.es\/ceipalvarocecilia\/wp-content\/uploads\/sites\/1188\/nggallery\/Fiesta-del-Agua\/thumbs\/thumbs_IMG_3321.jpg\"\n\t\t\tdata-image-id=\"4105\"\n\t\t\tdata-title=\"IMG_3321\"\n\t\t\tdata-description=\"\"\n\t\t\tclass=\"ngg-fancybox\" rel=\"754941554ffcdf22da8fda91791678ec\">\n\n\t\t\t<img data-image-id='4105'\n\t\t\t\ttitle=\"\"\n\t\t\t\talt=\"IMG_3321\"\n\t\t\t\tsrc=\"https:\/\/blogsaverroes.juntadeandalucia.es\/ceipalvarocecilia\/wp-content\/uploads\/sites\/1188\/nggallery\/Fiesta-del-Agua\/IMG_3321.jpg\"\n\t\t\t\tstyle=\"max-height: 380px;\"\/>\n\t\t<\/a>\n\n\t\t\n\t\t<a href=\"https:\/\/blogsaverroes.juntadeandalucia.es\/ceipalvarocecilia\/wp-content\/uploads\/sites\/1188\/nggallery\/Fiesta-del-Agua\/IMG_3322.jpg\"\n\t\t\ttitle=\"\"\n\t\t\tdata-src=\"https:\/\/blogsaverroes.juntadeandalucia.es\/ceipalvarocecilia\/wp-content\/uploads\/sites\/1188\/nggallery\/Fiesta-del-Agua\/IMG_3322.jpg\"\n\t\t\tdata-thumbnail=\"https:\/\/blogsaverroes.juntadeandalucia.es\/ceipalvarocecilia\/wp-content\/uploads\/sites\/1188\/nggallery\/Fiesta-del-Agua\/thumbs\/thumbs_IMG_3322.jpg\"\n\t\t\tdata-image-id=\"4106\"\n\t\t\tdata-title=\"IMG_3322\"\n\t\t\tdata-description=\"\"\n\t\t\tclass=\"ngg-fancybox\" rel=\"754941554ffcdf22da8fda91791678ec\">\n\n\t\t\t<img data-image-id='4106'\n\t\t\t\ttitle=\"\"\n\t\t\t\talt=\"IMG_3322\"\n\t\t\t\tsrc=\"https:\/\/blogsaverroes.juntadeandalucia.es\/ceipalvarocecilia\/wp-content\/uploads\/sites\/1188\/nggallery\/Fiesta-del-Agua\/IMG_3322.jpg\"\n\t\t\t\tstyle=\"max-height: 380px;\"\/>\n\t\t<\/a>\n\n\t\t\n\t\t<a href=\"https:\/\/blogsaverroes.juntadeandalucia.es\/ceipalvarocecilia\/wp-content\/uploads\/sites\/1188\/nggallery\/Fiesta-del-Agua\/IMG_3323.jpg\"\n\t\t\ttitle=\"\"\n\t\t\tdata-src=\"https:\/\/blogsaverroes.juntadeandalucia.es\/ceipalvarocecilia\/wp-content\/uploads\/sites\/1188\/nggallery\/Fiesta-del-Agua\/IMG_3323.jpg\"\n\t\t\tdata-thumbnail=\"https:\/\/blogsaverroes.juntadeandalucia.es\/ceipalvarocecilia\/wp-content\/uploads\/sites\/1188\/nggallery\/Fiesta-del-Agua\/thumbs\/thumbs_IMG_3323.jpg\"\n\t\t\tdata-image-id=\"4107\"\n\t\t\tdata-title=\"IMG_3323\"\n\t\t\tdata-description=\"\"\n\t\t\tclass=\"ngg-fancybox\" rel=\"754941554ffcdf22da8fda91791678ec\">\n\n\t\t\t<img data-image-id='4107'\n\t\t\t\ttitle=\"\"\n\t\t\t\talt=\"IMG_3323\"\n\t\t\t\tsrc=\"https:\/\/blogsaverroes.juntadeandalucia.es\/ceipalvarocecilia\/wp-content\/uploads\/sites\/1188\/nggallery\/Fiesta-del-Agua\/IMG_3323.jpg\"\n\t\t\t\tstyle=\"max-height: 380px;\"\/>\n\t\t<\/a>\n\n\t\t\n\t\t<a href=\"https:\/\/blogsaverroes.juntadeandalucia.es\/ceipalvarocecilia\/wp-content\/uploads\/sites\/1188\/nggallery\/Fiesta-del-Agua\/IMG_3324.jpg\"\n\t\t\ttitle=\"\"\n\t\t\tdata-src=\"https:\/\/blogsaverroes.juntadeandalucia.es\/ceipalvarocecilia\/wp-content\/uploads\/sites\/1188\/nggallery\/Fiesta-del-Agua\/IMG_3324.jpg\"\n\t\t\tdata-thumbnail=\"https:\/\/blogsaverroes.juntadeandalucia.es\/ceipalvarocecilia\/wp-content\/uploads\/sites\/1188\/nggallery\/Fiesta-del-Agua\/thumbs\/thumbs_IMG_3324.jpg\"\n\t\t\tdata-image-id=\"4108\"\n\t\t\tdata-title=\"IMG_3324\"\n\t\t\tdata-description=\"\"\n\t\t\tclass=\"ngg-fancybox\" rel=\"754941554ffcdf22da8fda91791678ec\">\n\n\t\t\t<img data-image-id='4108'\n\t\t\t\ttitle=\"\"\n\t\t\t\talt=\"IMG_3324\"\n\t\t\t\tsrc=\"https:\/\/blogsaverroes.juntadeandalucia.es\/ceipalvarocecilia\/wp-content\/uploads\/sites\/1188\/nggallery\/Fiesta-del-Agua\/IMG_3324.jpg\"\n\t\t\t\tstyle=\"max-height: 380px;\"\/>\n\t\t<\/a>\n\n\t\t\n\t\t<a href=\"https:\/\/blogsaverroes.juntadeandalucia.es\/ceipalvarocecilia\/wp-content\/uploads\/sites\/1188\/nggallery\/Fiesta-del-Agua\/IMG_3325.jpg\"\n\t\t\ttitle=\"\"\n\t\t\tdata-src=\"https:\/\/blogsaverroes.juntadeandalucia.es\/ceipalvarocecilia\/wp-content\/uploads\/sites\/1188\/nggallery\/Fiesta-del-Agua\/IMG_3325.jpg\"\n\t\t\tdata-thumbnail=\"https:\/\/blogsaverroes.juntadeandalucia.es\/ceipalvarocecilia\/wp-content\/uploads\/sites\/1188\/nggallery\/Fiesta-del-Agua\/thumbs\/thumbs_IMG_3325.jpg\"\n\t\t\tdata-image-id=\"4109\"\n\t\t\tdata-title=\"IMG_3325\"\n\t\t\tdata-description=\"\"\n\t\t\tclass=\"ngg-fancybox\" rel=\"754941554ffcdf22da8fda91791678ec\">\n\n\t\t\t<img data-image-id='4109'\n\t\t\t\ttitle=\"\"\n\t\t\t\talt=\"IMG_3325\"\n\t\t\t\tsrc=\"https:\/\/blogsaverroes.juntadeandalucia.es\/ceipalvarocecilia\/wp-content\/uploads\/sites\/1188\/nggallery\/Fiesta-del-Agua\/IMG_3325.jpg\"\n\t\t\t\tstyle=\"max-height: 380px;\"\/>\n\t\t<\/a>\n\n\t\t\n\t\t<a href=\"https:\/\/blogsaverroes.juntadeandalucia.es\/ceipalvarocecilia\/wp-content\/uploads\/sites\/1188\/nggallery\/Fiesta-del-Agua\/IMG_3326.jpg\"\n\t\t\ttitle=\"\"\n\t\t\tdata-src=\"https:\/\/blogsaverroes.juntadeandalucia.es\/ceipalvarocecilia\/wp-content\/uploads\/sites\/1188\/nggallery\/Fiesta-del-Agua\/IMG_3326.jpg\"\n\t\t\tdata-thumbnail=\"https:\/\/blogsaverroes.juntadeandalucia.es\/ceipalvarocecilia\/wp-content\/uploads\/sites\/1188\/nggallery\/Fiesta-del-Agua\/thumbs\/thumbs_IMG_3326.jpg\"\n\t\t\tdata-image-id=\"4110\"\n\t\t\tdata-title=\"IMG_3326\"\n\t\t\tdata-description=\"\"\n\t\t\tclass=\"ngg-fancybox\" rel=\"754941554ffcdf22da8fda91791678ec\">\n\n\t\t\t<img data-image-id='4110'\n\t\t\t\ttitle=\"\"\n\t\t\t\talt=\"IMG_3326\"\n\t\t\t\tsrc=\"https:\/\/blogsaverroes.juntadeandalucia.es\/ceipalvarocecilia\/wp-content\/uploads\/sites\/1188\/nggallery\/Fiesta-del-Agua\/IMG_3326.jpg\"\n\t\t\t\tstyle=\"max-height: 380px;\"\/>\n\t\t<\/a>\n\n\t\t\n\t\t<a href=\"https:\/\/blogsaverroes.juntadeandalucia.es\/ceipalvarocecilia\/wp-content\/uploads\/sites\/1188\/nggallery\/Fiesta-del-Agua\/IMG_3327.jpg\"\n\t\t\ttitle=\"\"\n\t\t\tdata-src=\"https:\/\/blogsaverroes.juntadeandalucia.es\/ceipalvarocecilia\/wp-content\/uploads\/sites\/1188\/nggallery\/Fiesta-del-Agua\/IMG_3327.jpg\"\n\t\t\tdata-thumbnail=\"https:\/\/blogsaverroes.juntadeandalucia.es\/ceipalvarocecilia\/wp-content\/uploads\/sites\/1188\/nggallery\/Fiesta-del-Agua\/thumbs\/thumbs_IMG_3327.jpg\"\n\t\t\tdata-image-id=\"4111\"\n\t\t\tdata-title=\"IMG_3327\"\n\t\t\tdata-description=\"\"\n\t\t\tclass=\"ngg-fancybox\" rel=\"754941554ffcdf22da8fda91791678ec\">\n\n\t\t\t<img data-image-id='4111'\n\t\t\t\ttitle=\"\"\n\t\t\t\talt=\"IMG_3327\"\n\t\t\t\tsrc=\"https:\/\/blogsaverroes.juntadeandalucia.es\/ceipalvarocecilia\/wp-content\/uploads\/sites\/1188\/nggallery\/Fiesta-del-Agua\/IMG_3327.jpg\"\n\t\t\t\tstyle=\"max-height: 380px;\"\/>\n\t\t<\/a>\n\n\t\t\n\t\t<a href=\"https:\/\/blogsaverroes.juntadeandalucia.es\/ceipalvarocecilia\/wp-content\/uploads\/sites\/1188\/nggallery\/Fiesta-del-Agua\/IMG_3328.jpg\"\n\t\t\ttitle=\"\"\n\t\t\tdata-src=\"https:\/\/blogsaverroes.juntadeandalucia.es\/ceipalvarocecilia\/wp-content\/uploads\/sites\/1188\/nggallery\/Fiesta-del-Agua\/IMG_3328.jpg\"\n\t\t\tdata-thumbnail=\"https:\/\/blogsaverroes.juntadeandalucia.es\/ceipalvarocecilia\/wp-content\/uploads\/sites\/1188\/nggallery\/Fiesta-del-Agua\/thumbs\/thumbs_IMG_3328.jpg\"\n\t\t\tdata-image-id=\"4112\"\n\t\t\tdata-title=\"IMG_3328\"\n\t\t\tdata-description=\"\"\n\t\t\tclass=\"ngg-fancybox\" rel=\"754941554ffcdf22da8fda91791678ec\">\n\n\t\t\t<img data-image-id='4112'\n\t\t\t\ttitle=\"\"\n\t\t\t\talt=\"IMG_3328\"\n\t\t\t\tsrc=\"https:\/\/blogsaverroes.juntadeandalucia.es\/ceipalvarocecilia\/wp-content\/uploads\/sites\/1188\/nggallery\/Fiesta-del-Agua\/IMG_3328.jpg\"\n\t\t\t\tstyle=\"max-height: 380px;\"\/>\n\t\t<\/a>\n\n\t\t\n\t\t<a href=\"https:\/\/blogsaverroes.juntadeandalucia.es\/ceipalvarocecilia\/wp-content\/uploads\/sites\/1188\/nggallery\/Fiesta-del-Agua\/IMG_3329.jpg\"\n\t\t\ttitle=\"\"\n\t\t\tdata-src=\"https:\/\/blogsaverroes.juntadeandalucia.es\/ceipalvarocecilia\/wp-content\/uploads\/sites\/1188\/nggallery\/Fiesta-del-Agua\/IMG_3329.jpg\"\n\t\t\tdata-thumbnail=\"https:\/\/blogsaverroes.juntadeandalucia.es\/ceipalvarocecilia\/wp-content\/uploads\/sites\/1188\/nggallery\/Fiesta-del-Agua\/thumbs\/thumbs_IMG_3329.jpg\"\n\t\t\tdata-image-id=\"4113\"\n\t\t\tdata-title=\"IMG_3329\"\n\t\t\tdata-description=\"\"\n\t\t\tclass=\"ngg-fancybox\" rel=\"754941554ffcdf22da8fda91791678ec\">\n\n\t\t\t<img data-image-id='4113'\n\t\t\t\ttitle=\"\"\n\t\t\t\talt=\"IMG_3329\"\n\t\t\t\tsrc=\"https:\/\/blogsaverroes.juntadeandalucia.es\/ceipalvarocecilia\/wp-content\/uploads\/sites\/1188\/nggallery\/Fiesta-del-Agua\/IMG_3329.jpg\"\n\t\t\t\tstyle=\"max-height: 380px;\"\/>\n\t\t<\/a>\n\n\t\t\n\t\t<a href=\"https:\/\/blogsaverroes.juntadeandalucia.es\/ceipalvarocecilia\/wp-content\/uploads\/sites\/1188\/nggallery\/Fiesta-del-Agua\/IMG_3330.jpg\"\n\t\t\ttitle=\"\"\n\t\t\tdata-src=\"https:\/\/blogsaverroes.juntadeandalucia.es\/ceipalvarocecilia\/wp-content\/uploads\/sites\/1188\/nggallery\/Fiesta-del-Agua\/IMG_3330.jpg\"\n\t\t\tdata-thumbnail=\"https:\/\/blogsaverroes.juntadeandalucia.es\/ceipalvarocecilia\/wp-content\/uploads\/sites\/1188\/nggallery\/Fiesta-del-Agua\/thumbs\/thumbs_IMG_3330.jpg\"\n\t\t\tdata-image-id=\"4114\"\n\t\t\tdata-title=\"IMG_3330\"\n\t\t\tdata-description=\"\"\n\t\t\tclass=\"ngg-fancybox\" rel=\"754941554ffcdf22da8fda91791678ec\">\n\n\t\t\t<img data-image-id='4114'\n\t\t\t\ttitle=\"\"\n\t\t\t\talt=\"IMG_3330\"\n\t\t\t\tsrc=\"https:\/\/blogsaverroes.juntadeandalucia.es\/ceipalvarocecilia\/wp-content\/uploads\/sites\/1188\/nggallery\/Fiesta-del-Agua\/IMG_3330.jpg\"\n\t\t\t\tstyle=\"max-height: 380px;\"\/>\n\t\t<\/a>\n\n\t\t\n\t\t<a href=\"https:\/\/blogsaverroes.juntadeandalucia.es\/ceipalvarocecilia\/wp-content\/uploads\/sites\/1188\/nggallery\/Fiesta-del-Agua\/IMG_3331.jpg\"\n\t\t\ttitle=\"\"\n\t\t\tdata-src=\"https:\/\/blogsaverroes.juntadeandalucia.es\/ceipalvarocecilia\/wp-content\/uploads\/sites\/1188\/nggallery\/Fiesta-del-Agua\/IMG_3331.jpg\"\n\t\t\tdata-thumbnail=\"https:\/\/blogsaverroes.juntadeandalucia.es\/ceipalvarocecilia\/wp-content\/uploads\/sites\/1188\/nggallery\/Fiesta-del-Agua\/thumbs\/thumbs_IMG_3331.jpg\"\n\t\t\tdata-image-id=\"4115\"\n\t\t\tdata-title=\"IMG_3331\"\n\t\t\tdata-description=\"\"\n\t\t\tclass=\"ngg-fancybox\" rel=\"754941554ffcdf22da8fda91791678ec\">\n\n\t\t\t<img data-image-id='4115'\n\t\t\t\ttitle=\"\"\n\t\t\t\talt=\"IMG_3331\"\n\t\t\t\tsrc=\"https:\/\/blogsaverroes.juntadeandalucia.es\/ceipalvarocecilia\/wp-content\/uploads\/sites\/1188\/nggallery\/Fiesta-del-Agua\/IMG_3331.jpg\"\n\t\t\t\tstyle=\"max-height: 380px;\"\/>\n\t\t<\/a>\n\n\t\t\n\t\t<a href=\"https:\/\/blogsaverroes.juntadeandalucia.es\/ceipalvarocecilia\/wp-content\/uploads\/sites\/1188\/nggallery\/Fiesta-del-Agua\/IMG_3332.jpg\"\n\t\t\ttitle=\"\"\n\t\t\tdata-src=\"https:\/\/blogsaverroes.juntadeandalucia.es\/ceipalvarocecilia\/wp-content\/uploads\/sites\/1188\/nggallery\/Fiesta-del-Agua\/IMG_3332.jpg\"\n\t\t\tdata-thumbnail=\"https:\/\/blogsaverroes.juntadeandalucia.es\/ceipalvarocecilia\/wp-content\/uploads\/sites\/1188\/nggallery\/Fiesta-del-Agua\/thumbs\/thumbs_IMG_3332.jpg\"\n\t\t\tdata-image-id=\"4116\"\n\t\t\tdata-title=\"IMG_3332\"\n\t\t\tdata-description=\"\"\n\t\t\tclass=\"ngg-fancybox\" rel=\"754941554ffcdf22da8fda91791678ec\">\n\n\t\t\t<img data-image-id='4116'\n\t\t\t\ttitle=\"\"\n\t\t\t\talt=\"IMG_3332\"\n\t\t\t\tsrc=\"https:\/\/blogsaverroes.juntadeandalucia.es\/ceipalvarocecilia\/wp-content\/uploads\/sites\/1188\/nggallery\/Fiesta-del-Agua\/IMG_3332.jpg\"\n\t\t\t\tstyle=\"max-height: 380px;\"\/>\n\t\t<\/a>\n\n\t\t\n\t\t<a href=\"https:\/\/blogsaverroes.juntadeandalucia.es\/ceipalvarocecilia\/wp-content\/uploads\/sites\/1188\/nggallery\/Fiesta-del-Agua\/IMG_3333.jpg\"\n\t\t\ttitle=\"\"\n\t\t\tdata-src=\"https:\/\/blogsaverroes.juntadeandalucia.es\/ceipalvarocecilia\/wp-content\/uploads\/sites\/1188\/nggallery\/Fiesta-del-Agua\/IMG_3333.jpg\"\n\t\t\tdata-thumbnail=\"https:\/\/blogsaverroes.juntadeandalucia.es\/ceipalvarocecilia\/wp-content\/uploads\/sites\/1188\/nggallery\/Fiesta-del-Agua\/thumbs\/thumbs_IMG_3333.jpg\"\n\t\t\tdata-image-id=\"4117\"\n\t\t\tdata-title=\"IMG_3333\"\n\t\t\tdata-description=\"\"\n\t\t\tclass=\"ngg-fancybox\" rel=\"754941554ffcdf22da8fda91791678ec\">\n\n\t\t\t<img data-image-id='4117'\n\t\t\t\ttitle=\"\"\n\t\t\t\talt=\"IMG_3333\"\n\t\t\t\tsrc=\"https:\/\/blogsaverroes.juntadeandalucia.es\/ceipalvarocecilia\/wp-content\/uploads\/sites\/1188\/nggallery\/Fiesta-del-Agua\/IMG_3333.jpg\"\n\t\t\t\tstyle=\"max-height: 380px;\"\/>\n\t\t<\/a>\n\n\t\t\n\t\t<a href=\"https:\/\/blogsaverroes.juntadeandalucia.es\/ceipalvarocecilia\/wp-content\/uploads\/sites\/1188\/nggallery\/Fiesta-del-Agua\/IMG_3334.jpg\"\n\t\t\ttitle=\"\"\n\t\t\tdata-src=\"https:\/\/blogsaverroes.juntadeandalucia.es\/ceipalvarocecilia\/wp-content\/uploads\/sites\/1188\/nggallery\/Fiesta-del-Agua\/IMG_3334.jpg\"\n\t\t\tdata-thumbnail=\"https:\/\/blogsaverroes.juntadeandalucia.es\/ceipalvarocecilia\/wp-content\/uploads\/sites\/1188\/nggallery\/Fiesta-del-Agua\/thumbs\/thumbs_IMG_3334.jpg\"\n\t\t\tdata-image-id=\"4118\"\n\t\t\tdata-title=\"IMG_3334\"\n\t\t\tdata-description=\"\"\n\t\t\tclass=\"ngg-fancybox\" rel=\"754941554ffcdf22da8fda91791678ec\">\n\n\t\t\t<img data-image-id='4118'\n\t\t\t\ttitle=\"\"\n\t\t\t\talt=\"IMG_3334\"\n\t\t\t\tsrc=\"https:\/\/blogsaverroes.juntadeandalucia.es\/ceipalvarocecilia\/wp-content\/uploads\/sites\/1188\/nggallery\/Fiesta-del-Agua\/IMG_3334.jpg\"\n\t\t\t\tstyle=\"max-height: 380px;\"\/>\n\t\t<\/a>\n\n\t\t\n\t\t<a href=\"https:\/\/blogsaverroes.juntadeandalucia.es\/ceipalvarocecilia\/wp-content\/uploads\/sites\/1188\/nggallery\/Fiesta-del-Agua\/IMG_3335.jpg\"\n\t\t\ttitle=\"\"\n\t\t\tdata-src=\"https:\/\/blogsaverroes.juntadeandalucia.es\/ceipalvarocecilia\/wp-content\/uploads\/sites\/1188\/nggallery\/Fiesta-del-Agua\/IMG_3335.jpg\"\n\t\t\tdata-thumbnail=\"https:\/\/blogsaverroes.juntadeandalucia.es\/ceipalvarocecilia\/wp-content\/uploads\/sites\/1188\/nggallery\/Fiesta-del-Agua\/thumbs\/thumbs_IMG_3335.jpg\"\n\t\t\tdata-image-id=\"4119\"\n\t\t\tdata-title=\"IMG_3335\"\n\t\t\tdata-description=\"\"\n\t\t\tclass=\"ngg-fancybox\" rel=\"754941554ffcdf22da8fda91791678ec\">\n\n\t\t\t<img data-image-id='4119'\n\t\t\t\ttitle=\"\"\n\t\t\t\talt=\"IMG_3335\"\n\t\t\t\tsrc=\"https:\/\/blogsaverroes.juntadeandalucia.es\/ceipalvarocecilia\/wp-content\/uploads\/sites\/1188\/nggallery\/Fiesta-del-Agua\/IMG_3335.jpg\"\n\t\t\t\tstyle=\"max-height: 380px;\"\/>\n\t\t<\/a>\n\n\t\t\n\t\t<a href=\"https:\/\/blogsaverroes.juntadeandalucia.es\/ceipalvarocecilia\/wp-content\/uploads\/sites\/1188\/nggallery\/Fiesta-del-Agua\/IMG_3336.jpg\"\n\t\t\ttitle=\"\"\n\t\t\tdata-src=\"https:\/\/blogsaverroes.juntadeandalucia.es\/ceipalvarocecilia\/wp-content\/uploads\/sites\/1188\/nggallery\/Fiesta-del-Agua\/IMG_3336.jpg\"\n\t\t\tdata-thumbnail=\"https:\/\/blogsaverroes.juntadeandalucia.es\/ceipalvarocecilia\/wp-content\/uploads\/sites\/1188\/nggallery\/Fiesta-del-Agua\/thumbs\/thumbs_IMG_3336.jpg\"\n\t\t\tdata-image-id=\"4120\"\n\t\t\tdata-title=\"IMG_3336\"\n\t\t\tdata-description=\"\"\n\t\t\tclass=\"ngg-fancybox\" rel=\"754941554ffcdf22da8fda91791678ec\">\n\n\t\t\t<img data-image-id='4120'\n\t\t\t\ttitle=\"\"\n\t\t\t\talt=\"IMG_3336\"\n\t\t\t\tsrc=\"https:\/\/blogsaverroes.juntadeandalucia.es\/ceipalvarocecilia\/wp-content\/uploads\/sites\/1188\/nggallery\/Fiesta-del-Agua\/IMG_3336.jpg\"\n\t\t\t\tstyle=\"max-height: 380px;\"\/>\n\t\t<\/a>\n\n\t\t\n\t\t<a href=\"https:\/\/blogsaverroes.juntadeandalucia.es\/ceipalvarocecilia\/wp-content\/uploads\/sites\/1188\/nggallery\/Fiesta-del-Agua\/IMG_3337.jpg\"\n\t\t\ttitle=\"\"\n\t\t\tdata-src=\"https:\/\/blogsaverroes.juntadeandalucia.es\/ceipalvarocecilia\/wp-content\/uploads\/sites\/1188\/nggallery\/Fiesta-del-Agua\/IMG_3337.jpg\"\n\t\t\tdata-thumbnail=\"https:\/\/blogsaverroes.juntadeandalucia.es\/ceipalvarocecilia\/wp-content\/uploads\/sites\/1188\/nggallery\/Fiesta-del-Agua\/thumbs\/thumbs_IMG_3337.jpg\"\n\t\t\tdata-image-id=\"4121\"\n\t\t\tdata-title=\"IMG_3337\"\n\t\t\tdata-description=\"\"\n\t\t\tclass=\"ngg-fancybox\" rel=\"754941554ffcdf22da8fda91791678ec\">\n\n\t\t\t<img data-image-id='4121'\n\t\t\t\ttitle=\"\"\n\t\t\t\talt=\"IMG_3337\"\n\t\t\t\tsrc=\"https:\/\/blogsaverroes.juntadeandalucia.es\/ceipalvarocecilia\/wp-content\/uploads\/sites\/1188\/nggallery\/Fiesta-del-Agua\/IMG_3337.jpg\"\n\t\t\t\tstyle=\"max-height: 380px;\"\/>\n\t\t<\/a>\n\n\t\t\n\t\t<a href=\"https:\/\/blogsaverroes.juntadeandalucia.es\/ceipalvarocecilia\/wp-content\/uploads\/sites\/1188\/nggallery\/Fiesta-del-Agua\/IMG_3338.jpg\"\n\t\t\ttitle=\"\"\n\t\t\tdata-src=\"https:\/\/blogsaverroes.juntadeandalucia.es\/ceipalvarocecilia\/wp-content\/uploads\/sites\/1188\/nggallery\/Fiesta-del-Agua\/IMG_3338.jpg\"\n\t\t\tdata-thumbnail=\"https:\/\/blogsaverroes.juntadeandalucia.es\/ceipalvarocecilia\/wp-content\/uploads\/sites\/1188\/nggallery\/Fiesta-del-Agua\/thumbs\/thumbs_IMG_3338.jpg\"\n\t\t\tdata-image-id=\"4122\"\n\t\t\tdata-title=\"IMG_3338\"\n\t\t\tdata-description=\"\"\n\t\t\tclass=\"ngg-fancybox\" rel=\"754941554ffcdf22da8fda91791678ec\">\n\n\t\t\t<img data-image-id='4122'\n\t\t\t\ttitle=\"\"\n\t\t\t\talt=\"IMG_3338\"\n\t\t\t\tsrc=\"https:\/\/blogsaverroes.juntadeandalucia.es\/ceipalvarocecilia\/wp-content\/uploads\/sites\/1188\/nggallery\/Fiesta-del-Agua\/IMG_3338.jpg\"\n\t\t\t\tstyle=\"max-height: 380px;\"\/>\n\t\t<\/a>\n\n\t\t\n\t\t<a href=\"https:\/\/blogsaverroes.juntadeandalucia.es\/ceipalvarocecilia\/wp-content\/uploads\/sites\/1188\/nggallery\/Fiesta-del-Agua\/IMG_3339.jpg\"\n\t\t\ttitle=\"\"\n\t\t\tdata-src=\"https:\/\/blogsaverroes.juntadeandalucia.es\/ceipalvarocecilia\/wp-content\/uploads\/sites\/1188\/nggallery\/Fiesta-del-Agua\/IMG_3339.jpg\"\n\t\t\tdata-thumbnail=\"https:\/\/blogsaverroes.juntadeandalucia.es\/ceipalvarocecilia\/wp-content\/uploads\/sites\/1188\/nggallery\/Fiesta-del-Agua\/thumbs\/thumbs_IMG_3339.jpg\"\n\t\t\tdata-image-id=\"4123\"\n\t\t\tdata-title=\"IMG_3339\"\n\t\t\tdata-description=\"\"\n\t\t\tclass=\"ngg-fancybox\" rel=\"754941554ffcdf22da8fda91791678ec\">\n\n\t\t\t<img data-image-id='4123'\n\t\t\t\ttitle=\"\"\n\t\t\t\talt=\"IMG_3339\"\n\t\t\t\tsrc=\"https:\/\/blogsaverroes.juntadeandalucia.es\/ceipalvarocecilia\/wp-content\/uploads\/sites\/1188\/nggallery\/Fiesta-del-Agua\/IMG_3339.jpg\"\n\t\t\t\tstyle=\"max-height: 380px;\"\/>\n\t\t<\/a>\n\n\t\t\n\t\t<a href=\"https:\/\/blogsaverroes.juntadeandalucia.es\/ceipalvarocecilia\/wp-content\/uploads\/sites\/1188\/nggallery\/Fiesta-del-Agua\/IMG_3340.jpg\"\n\t\t\ttitle=\"\"\n\t\t\tdata-src=\"https:\/\/blogsaverroes.juntadeandalucia.es\/ceipalvarocecilia\/wp-content\/uploads\/sites\/1188\/nggallery\/Fiesta-del-Agua\/IMG_3340.jpg\"\n\t\t\tdata-thumbnail=\"https:\/\/blogsaverroes.juntadeandalucia.es\/ceipalvarocecilia\/wp-content\/uploads\/sites\/1188\/nggallery\/Fiesta-del-Agua\/thumbs\/thumbs_IMG_3340.jpg\"\n\t\t\tdata-image-id=\"4124\"\n\t\t\tdata-title=\"IMG_3340\"\n\t\t\tdata-description=\"\"\n\t\t\tclass=\"ngg-fancybox\" rel=\"754941554ffcdf22da8fda91791678ec\">\n\n\t\t\t<img data-image-id='4124'\n\t\t\t\ttitle=\"\"\n\t\t\t\talt=\"IMG_3340\"\n\t\t\t\tsrc=\"https:\/\/blogsaverroes.juntadeandalucia.es\/ceipalvarocecilia\/wp-content\/uploads\/sites\/1188\/nggallery\/Fiesta-del-Agua\/IMG_3340.jpg\"\n\t\t\t\tstyle=\"max-height: 380px;\"\/>\n\t\t<\/a>\n\n\t\t\n\t\t<a href=\"https:\/\/blogsaverroes.juntadeandalucia.es\/ceipalvarocecilia\/wp-content\/uploads\/sites\/1188\/nggallery\/Fiesta-del-Agua\/IMG_3341.jpg\"\n\t\t\ttitle=\"\"\n\t\t\tdata-src=\"https:\/\/blogsaverroes.juntadeandalucia.es\/ceipalvarocecilia\/wp-content\/uploads\/sites\/1188\/nggallery\/Fiesta-del-Agua\/IMG_3341.jpg\"\n\t\t\tdata-thumbnail=\"https:\/\/blogsaverroes.juntadeandalucia.es\/ceipalvarocecilia\/wp-content\/uploads\/sites\/1188\/nggallery\/Fiesta-del-Agua\/thumbs\/thumbs_IMG_3341.jpg\"\n\t\t\tdata-image-id=\"4125\"\n\t\t\tdata-title=\"IMG_3341\"\n\t\t\tdata-description=\"\"\n\t\t\tclass=\"ngg-fancybox\" rel=\"754941554ffcdf22da8fda91791678ec\">\n\n\t\t\t<img data-image-id='4125'\n\t\t\t\ttitle=\"\"\n\t\t\t\talt=\"IMG_3341\"\n\t\t\t\tsrc=\"https:\/\/blogsaverroes.juntadeandalucia.es\/ceipalvarocecilia\/wp-content\/uploads\/sites\/1188\/nggallery\/Fiesta-del-Agua\/IMG_3341.jpg\"\n\t\t\t\tstyle=\"max-height: 380px;\"\/>\n\t\t<\/a>\n\n\t\t\n\t\t<a href=\"https:\/\/blogsaverroes.juntadeandalucia.es\/ceipalvarocecilia\/wp-content\/uploads\/sites\/1188\/nggallery\/Fiesta-del-Agua\/IMG_3342.jpg\"\n\t\t\ttitle=\"\"\n\t\t\tdata-src=\"https:\/\/blogsaverroes.juntadeandalucia.es\/ceipalvarocecilia\/wp-content\/uploads\/sites\/1188\/nggallery\/Fiesta-del-Agua\/IMG_3342.jpg\"\n\t\t\tdata-thumbnail=\"https:\/\/blogsaverroes.juntadeandalucia.es\/ceipalvarocecilia\/wp-content\/uploads\/sites\/1188\/nggallery\/Fiesta-del-Agua\/thumbs\/thumbs_IMG_3342.jpg\"\n\t\t\tdata-image-id=\"4126\"\n\t\t\tdata-title=\"IMG_3342\"\n\t\t\tdata-description=\"\"\n\t\t\tclass=\"ngg-fancybox\" rel=\"754941554ffcdf22da8fda91791678ec\">\n\n\t\t\t<img data-image-id='4126'\n\t\t\t\ttitle=\"\"\n\t\t\t\talt=\"IMG_3342\"\n\t\t\t\tsrc=\"https:\/\/blogsaverroes.juntadeandalucia.es\/ceipalvarocecilia\/wp-content\/uploads\/sites\/1188\/nggallery\/Fiesta-del-Agua\/IMG_3342.jpg\"\n\t\t\t\tstyle=\"max-height: 380px;\"\/>\n\t\t<\/a>\n\n\t\t\n\t\t<a href=\"https:\/\/blogsaverroes.juntadeandalucia.es\/ceipalvarocecilia\/wp-content\/uploads\/sites\/1188\/nggallery\/Fiesta-del-Agua\/IMG_3343.jpg\"\n\t\t\ttitle=\"\"\n\t\t\tdata-src=\"https:\/\/blogsaverroes.juntadeandalucia.es\/ceipalvarocecilia\/wp-content\/uploads\/sites\/1188\/nggallery\/Fiesta-del-Agua\/IMG_3343.jpg\"\n\t\t\tdata-thumbnail=\"https:\/\/blogsaverroes.juntadeandalucia.es\/ceipalvarocecilia\/wp-content\/uploads\/sites\/1188\/nggallery\/Fiesta-del-Agua\/thumbs\/thumbs_IMG_3343.jpg\"\n\t\t\tdata-image-id=\"4127\"\n\t\t\tdata-title=\"IMG_3343\"\n\t\t\tdata-description=\"\"\n\t\t\tclass=\"ngg-fancybox\" rel=\"754941554ffcdf22da8fda91791678ec\">\n\n\t\t\t<img data-image-id='4127'\n\t\t\t\ttitle=\"\"\n\t\t\t\talt=\"IMG_3343\"\n\t\t\t\tsrc=\"https:\/\/blogsaverroes.juntadeandalucia.es\/ceipalvarocecilia\/wp-content\/uploads\/sites\/1188\/nggallery\/Fiesta-del-Agua\/IMG_3343.jpg\"\n\t\t\t\tstyle=\"max-height: 380px;\"\/>\n\t\t<\/a>\n\n\t\t\n\t\t<a href=\"https:\/\/blogsaverroes.juntadeandalucia.es\/ceipalvarocecilia\/wp-content\/uploads\/sites\/1188\/nggallery\/Fiesta-del-Agua\/IMG_3344.jpg\"\n\t\t\ttitle=\"\"\n\t\t\tdata-src=\"https:\/\/blogsaverroes.juntadeandalucia.es\/ceipalvarocecilia\/wp-content\/uploads\/sites\/1188\/nggallery\/Fiesta-del-Agua\/IMG_3344.jpg\"\n\t\t\tdata-thumbnail=\"https:\/\/blogsaverroes.juntadeandalucia.es\/ceipalvarocecilia\/wp-content\/uploads\/sites\/1188\/nggallery\/Fiesta-del-Agua\/thumbs\/thumbs_IMG_3344.jpg\"\n\t\t\tdata-image-id=\"4128\"\n\t\t\tdata-title=\"IMG_3344\"\n\t\t\tdata-description=\"\"\n\t\t\tclass=\"ngg-fancybox\" rel=\"754941554ffcdf22da8fda91791678ec\">\n\n\t\t\t<img data-image-id='4128'\n\t\t\t\ttitle=\"\"\n\t\t\t\talt=\"IMG_3344\"\n\t\t\t\tsrc=\"https:\/\/blogsaverroes.juntadeandalucia.es\/ceipalvarocecilia\/wp-content\/uploads\/sites\/1188\/nggallery\/Fiesta-del-Agua\/IMG_3344.jpg\"\n\t\t\t\tstyle=\"max-height: 380px;\"\/>\n\t\t<\/a>\n\n\t\t\n\t\t<a href=\"https:\/\/blogsaverroes.juntadeandalucia.es\/ceipalvarocecilia\/wp-content\/uploads\/sites\/1188\/nggallery\/Fiesta-del-Agua\/IMG_3345.jpg\"\n\t\t\ttitle=\"\"\n\t\t\tdata-src=\"https:\/\/blogsaverroes.juntadeandalucia.es\/ceipalvarocecilia\/wp-content\/uploads\/sites\/1188\/nggallery\/Fiesta-del-Agua\/IMG_3345.jpg\"\n\t\t\tdata-thumbnail=\"https:\/\/blogsaverroes.juntadeandalucia.es\/ceipalvarocecilia\/wp-content\/uploads\/sites\/1188\/nggallery\/Fiesta-del-Agua\/thumbs\/thumbs_IMG_3345.jpg\"\n\t\t\tdata-image-id=\"4129\"\n\t\t\tdata-title=\"IMG_3345\"\n\t\t\tdata-description=\"\"\n\t\t\tclass=\"ngg-fancybox\" rel=\"754941554ffcdf22da8fda91791678ec\">\n\n\t\t\t<img data-image-id='4129'\n\t\t\t\ttitle=\"\"\n\t\t\t\talt=\"IMG_3345\"\n\t\t\t\tsrc=\"https:\/\/blogsaverroes.juntadeandalucia.es\/ceipalvarocecilia\/wp-content\/uploads\/sites\/1188\/nggallery\/Fiesta-del-Agua\/IMG_3345.jpg\"\n\t\t\t\tstyle=\"max-height: 380px;\"\/>\n\t\t<\/a>\n\n\t\t\n\t\t<a href=\"https:\/\/blogsaverroes.juntadeandalucia.es\/ceipalvarocecilia\/wp-content\/uploads\/sites\/1188\/nggallery\/Fiesta-del-Agua\/IMG_3346.jpg\"\n\t\t\ttitle=\"\"\n\t\t\tdata-src=\"https:\/\/blogsaverroes.juntadeandalucia.es\/ceipalvarocecilia\/wp-content\/uploads\/sites\/1188\/nggallery\/Fiesta-del-Agua\/IMG_3346.jpg\"\n\t\t\tdata-thumbnail=\"https:\/\/blogsaverroes.juntadeandalucia.es\/ceipalvarocecilia\/wp-content\/uploads\/sites\/1188\/nggallery\/Fiesta-del-Agua\/thumbs\/thumbs_IMG_3346.jpg\"\n\t\t\tdata-image-id=\"4130\"\n\t\t\tdata-title=\"IMG_3346\"\n\t\t\tdata-description=\"\"\n\t\t\tclass=\"ngg-fancybox\" rel=\"754941554ffcdf22da8fda91791678ec\">\n\n\t\t\t<img data-image-id='4130'\n\t\t\t\ttitle=\"\"\n\t\t\t\talt=\"IMG_3346\"\n\t\t\t\tsrc=\"https:\/\/blogsaverroes.juntadeandalucia.es\/ceipalvarocecilia\/wp-content\/uploads\/sites\/1188\/nggallery\/Fiesta-del-Agua\/IMG_3346.jpg\"\n\t\t\t\tstyle=\"max-height: 380px;\"\/>\n\t\t<\/a>\n\n\t\t\n\t\t<a href=\"https:\/\/blogsaverroes.juntadeandalucia.es\/ceipalvarocecilia\/wp-content\/uploads\/sites\/1188\/nggallery\/Fiesta-del-Agua\/IMG_3347.jpg\"\n\t\t\ttitle=\"\"\n\t\t\tdata-src=\"https:\/\/blogsaverroes.juntadeandalucia.es\/ceipalvarocecilia\/wp-content\/uploads\/sites\/1188\/nggallery\/Fiesta-del-Agua\/IMG_3347.jpg\"\n\t\t\tdata-thumbnail=\"https:\/\/blogsaverroes.juntadeandalucia.es\/ceipalvarocecilia\/wp-content\/uploads\/sites\/1188\/nggallery\/Fiesta-del-Agua\/thumbs\/thumbs_IMG_3347.jpg\"\n\t\t\tdata-image-id=\"4131\"\n\t\t\tdata-title=\"IMG_3347\"\n\t\t\tdata-description=\"\"\n\t\t\tclass=\"ngg-fancybox\" rel=\"754941554ffcdf22da8fda91791678ec\">\n\n\t\t\t<img data-image-id='4131'\n\t\t\t\ttitle=\"\"\n\t\t\t\talt=\"IMG_3347\"\n\t\t\t\tsrc=\"https:\/\/blogsaverroes.juntadeandalucia.es\/ceipalvarocecilia\/wp-content\/uploads\/sites\/1188\/nggallery\/Fiesta-del-Agua\/IMG_3347.jpg\"\n\t\t\t\tstyle=\"max-height: 380px;\"\/>\n\t\t<\/a>\n\n\t\t\n\t\t<a href=\"https:\/\/blogsaverroes.juntadeandalucia.es\/ceipalvarocecilia\/wp-content\/uploads\/sites\/1188\/nggallery\/Fiesta-del-Agua\/IMG_3348.jpg\"\n\t\t\ttitle=\"\"\n\t\t\tdata-src=\"https:\/\/blogsaverroes.juntadeandalucia.es\/ceipalvarocecilia\/wp-content\/uploads\/sites\/1188\/nggallery\/Fiesta-del-Agua\/IMG_3348.jpg\"\n\t\t\tdata-thumbnail=\"https:\/\/blogsaverroes.juntadeandalucia.es\/ceipalvarocecilia\/wp-content\/uploads\/sites\/1188\/nggallery\/Fiesta-del-Agua\/thumbs\/thumbs_IMG_3348.jpg\"\n\t\t\tdata-image-id=\"4132\"\n\t\t\tdata-title=\"IMG_3348\"\n\t\t\tdata-description=\"\"\n\t\t\tclass=\"ngg-fancybox\" rel=\"754941554ffcdf22da8fda91791678ec\">\n\n\t\t\t<img data-image-id='4132'\n\t\t\t\ttitle=\"\"\n\t\t\t\talt=\"IMG_3348\"\n\t\t\t\tsrc=\"https:\/\/blogsaverroes.juntadeandalucia.es\/ceipalvarocecilia\/wp-content\/uploads\/sites\/1188\/nggallery\/Fiesta-del-Agua\/IMG_3348.jpg\"\n\t\t\t\tstyle=\"max-height: 380px;\"\/>\n\t\t<\/a>\n\n\t\t\n\t\t<a href=\"https:\/\/blogsaverroes.juntadeandalucia.es\/ceipalvarocecilia\/wp-content\/uploads\/sites\/1188\/nggallery\/Fiesta-del-Agua\/IMG_3349.jpg\"\n\t\t\ttitle=\"\"\n\t\t\tdata-src=\"https:\/\/blogsaverroes.juntadeandalucia.es\/ceipalvarocecilia\/wp-content\/uploads\/sites\/1188\/nggallery\/Fiesta-del-Agua\/IMG_3349.jpg\"\n\t\t\tdata-thumbnail=\"https:\/\/blogsaverroes.juntadeandalucia.es\/ceipalvarocecilia\/wp-content\/uploads\/sites\/1188\/nggallery\/Fiesta-del-Agua\/thumbs\/thumbs_IMG_3349.jpg\"\n\t\t\tdata-image-id=\"4133\"\n\t\t\tdata-title=\"IMG_3349\"\n\t\t\tdata-description=\"\"\n\t\t\tclass=\"ngg-fancybox\" rel=\"754941554ffcdf22da8fda91791678ec\">\n\n\t\t\t<img data-image-id='4133'\n\t\t\t\ttitle=\"\"\n\t\t\t\talt=\"IMG_3349\"\n\t\t\t\tsrc=\"https:\/\/blogsaverroes.juntadeandalucia.es\/ceipalvarocecilia\/wp-content\/uploads\/sites\/1188\/nggallery\/Fiesta-del-Agua\/IMG_3349.jpg\"\n\t\t\t\tstyle=\"max-height: 380px;\"\/>\n\t\t<\/a>\n\n\t\t\n\t\t<a href=\"https:\/\/blogsaverroes.juntadeandalucia.es\/ceipalvarocecilia\/wp-content\/uploads\/sites\/1188\/nggallery\/Fiesta-del-Agua\/IMG_3350.jpg\"\n\t\t\ttitle=\"\"\n\t\t\tdata-src=\"https:\/\/blogsaverroes.juntadeandalucia.es\/ceipalvarocecilia\/wp-content\/uploads\/sites\/1188\/nggallery\/Fiesta-del-Agua\/IMG_3350.jpg\"\n\t\t\tdata-thumbnail=\"https:\/\/blogsaverroes.juntadeandalucia.es\/ceipalvarocecilia\/wp-content\/uploads\/sites\/1188\/nggallery\/Fiesta-del-Agua\/thumbs\/thumbs_IMG_3350.jpg\"\n\t\t\tdata-image-id=\"4134\"\n\t\t\tdata-title=\"IMG_3350\"\n\t\t\tdata-description=\"\"\n\t\t\tclass=\"ngg-fancybox\" rel=\"754941554ffcdf22da8fda91791678ec\">\n\n\t\t\t<img data-image-id='4134'\n\t\t\t\ttitle=\"\"\n\t\t\t\talt=\"IMG_3350\"\n\t\t\t\tsrc=\"https:\/\/blogsaverroes.juntadeandalucia.es\/ceipalvarocecilia\/wp-content\/uploads\/sites\/1188\/nggallery\/Fiesta-del-Agua\/IMG_3350.jpg\"\n\t\t\t\tstyle=\"max-height: 380px;\"\/>\n\t\t<\/a>\n\n\t\t\n\t\t<a href=\"https:\/\/blogsaverroes.juntadeandalucia.es\/ceipalvarocecilia\/wp-content\/uploads\/sites\/1188\/nggallery\/Fiesta-del-Agua\/IMG_3351.jpg\"\n\t\t\ttitle=\"\"\n\t\t\tdata-src=\"https:\/\/blogsaverroes.juntadeandalucia.es\/ceipalvarocecilia\/wp-content\/uploads\/sites\/1188\/nggallery\/Fiesta-del-Agua\/IMG_3351.jpg\"\n\t\t\tdata-thumbnail=\"https:\/\/blogsaverroes.juntadeandalucia.es\/ceipalvarocecilia\/wp-content\/uploads\/sites\/1188\/nggallery\/Fiesta-del-Agua\/thumbs\/thumbs_IMG_3351.jpg\"\n\t\t\tdata-image-id=\"4135\"\n\t\t\tdata-title=\"IMG_3351\"\n\t\t\tdata-description=\"\"\n\t\t\tclass=\"ngg-fancybox\" rel=\"754941554ffcdf22da8fda91791678ec\">\n\n\t\t\t<img data-image-id='4135'\n\t\t\t\ttitle=\"\"\n\t\t\t\talt=\"IMG_3351\"\n\t\t\t\tsrc=\"https:\/\/blogsaverroes.juntadeandalucia.es\/ceipalvarocecilia\/wp-content\/uploads\/sites\/1188\/nggallery\/Fiesta-del-Agua\/IMG_3351.jpg\"\n\t\t\t\tstyle=\"max-height: 380px;\"\/>\n\t\t<\/a>\n\n\t\t\n\t\t<a href=\"https:\/\/blogsaverroes.juntadeandalucia.es\/ceipalvarocecilia\/wp-content\/uploads\/sites\/1188\/nggallery\/Fiesta-del-Agua\/IMG_3352.jpg\"\n\t\t\ttitle=\"\"\n\t\t\tdata-src=\"https:\/\/blogsaverroes.juntadeandalucia.es\/ceipalvarocecilia\/wp-content\/uploads\/sites\/1188\/nggallery\/Fiesta-del-Agua\/IMG_3352.jpg\"\n\t\t\tdata-thumbnail=\"https:\/\/blogsaverroes.juntadeandalucia.es\/ceipalvarocecilia\/wp-content\/uploads\/sites\/1188\/nggallery\/Fiesta-del-Agua\/thumbs\/thumbs_IMG_3352.jpg\"\n\t\t\tdata-image-id=\"4136\"\n\t\t\tdata-title=\"IMG_3352\"\n\t\t\tdata-description=\"\"\n\t\t\tclass=\"ngg-fancybox\" rel=\"754941554ffcdf22da8fda91791678ec\">\n\n\t\t\t<img data-image-id='4136'\n\t\t\t\ttitle=\"\"\n\t\t\t\talt=\"IMG_3352\"\n\t\t\t\tsrc=\"https:\/\/blogsaverroes.juntadeandalucia.es\/ceipalvarocecilia\/wp-content\/uploads\/sites\/1188\/nggallery\/Fiesta-del-Agua\/IMG_3352.jpg\"\n\t\t\t\tstyle=\"max-height: 380px;\"\/>\n\t\t<\/a>\n\n\t\t\n\t\t<a href=\"https:\/\/blogsaverroes.juntadeandalucia.es\/ceipalvarocecilia\/wp-content\/uploads\/sites\/1188\/nggallery\/Fiesta-del-Agua\/IMG_3353.jpg\"\n\t\t\ttitle=\"\"\n\t\t\tdata-src=\"https:\/\/blogsaverroes.juntadeandalucia.es\/ceipalvarocecilia\/wp-content\/uploads\/sites\/1188\/nggallery\/Fiesta-del-Agua\/IMG_3353.jpg\"\n\t\t\tdata-thumbnail=\"https:\/\/blogsaverroes.juntadeandalucia.es\/ceipalvarocecilia\/wp-content\/uploads\/sites\/1188\/nggallery\/Fiesta-del-Agua\/thumbs\/thumbs_IMG_3353.jpg\"\n\t\t\tdata-image-id=\"4137\"\n\t\t\tdata-title=\"IMG_3353\"\n\t\t\tdata-description=\"\"\n\t\t\tclass=\"ngg-fancybox\" rel=\"754941554ffcdf22da8fda91791678ec\">\n\n\t\t\t<img data-image-id='4137'\n\t\t\t\ttitle=\"\"\n\t\t\t\talt=\"IMG_3353\"\n\t\t\t\tsrc=\"https:\/\/blogsaverroes.juntadeandalucia.es\/ceipalvarocecilia\/wp-content\/uploads\/sites\/1188\/nggallery\/Fiesta-del-Agua\/IMG_3353.jpg\"\n\t\t\t\tstyle=\"max-height: 380px;\"\/>\n\t\t<\/a>\n\n\t\t\n\t\t<a href=\"https:\/\/blogsaverroes.juntadeandalucia.es\/ceipalvarocecilia\/wp-content\/uploads\/sites\/1188\/nggallery\/Fiesta-del-Agua\/IMG_3354.jpg\"\n\t\t\ttitle=\"\"\n\t\t\tdata-src=\"https:\/\/blogsaverroes.juntadeandalucia.es\/ceipalvarocecilia\/wp-content\/uploads\/sites\/1188\/nggallery\/Fiesta-del-Agua\/IMG_3354.jpg\"\n\t\t\tdata-thumbnail=\"https:\/\/blogsaverroes.juntadeandalucia.es\/ceipalvarocecilia\/wp-content\/uploads\/sites\/1188\/nggallery\/Fiesta-del-Agua\/thumbs\/thumbs_IMG_3354.jpg\"\n\t\t\tdata-image-id=\"4138\"\n\t\t\tdata-title=\"IMG_3354\"\n\t\t\tdata-description=\"\"\n\t\t\tclass=\"ngg-fancybox\" rel=\"754941554ffcdf22da8fda91791678ec\">\n\n\t\t\t<img data-image-id='4138'\n\t\t\t\ttitle=\"\"\n\t\t\t\talt=\"IMG_3354\"\n\t\t\t\tsrc=\"https:\/\/blogsaverroes.juntadeandalucia.es\/ceipalvarocecilia\/wp-content\/uploads\/sites\/1188\/nggallery\/Fiesta-del-Agua\/IMG_3354.jpg\"\n\t\t\t\tstyle=\"max-height: 380px;\"\/>\n\t\t<\/a>\n\n\t\t\n\t\t<a href=\"https:\/\/blogsaverroes.juntadeandalucia.es\/ceipalvarocecilia\/wp-content\/uploads\/sites\/1188\/nggallery\/Fiesta-del-Agua\/IMG_3355.jpg\"\n\t\t\ttitle=\"\"\n\t\t\tdata-src=\"https:\/\/blogsaverroes.juntadeandalucia.es\/ceipalvarocecilia\/wp-content\/uploads\/sites\/1188\/nggallery\/Fiesta-del-Agua\/IMG_3355.jpg\"\n\t\t\tdata-thumbnail=\"https:\/\/blogsaverroes.juntadeandalucia.es\/ceipalvarocecilia\/wp-content\/uploads\/sites\/1188\/nggallery\/Fiesta-del-Agua\/thumbs\/thumbs_IMG_3355.jpg\"\n\t\t\tdata-image-id=\"4139\"\n\t\t\tdata-title=\"IMG_3355\"\n\t\t\tdata-description=\"\"\n\t\t\tclass=\"ngg-fancybox\" rel=\"754941554ffcdf22da8fda91791678ec\">\n\n\t\t\t<img data-image-id='4139'\n\t\t\t\ttitle=\"\"\n\t\t\t\talt=\"IMG_3355\"\n\t\t\t\tsrc=\"https:\/\/blogsaverroes.juntadeandalucia.es\/ceipalvarocecilia\/wp-content\/uploads\/sites\/1188\/nggallery\/Fiesta-del-Agua\/IMG_3355.jpg\"\n\t\t\t\tstyle=\"max-height: 380px;\"\/>\n\t\t<\/a>\n\n\t\t\n\t\t<a href=\"https:\/\/blogsaverroes.juntadeandalucia.es\/ceipalvarocecilia\/wp-content\/uploads\/sites\/1188\/nggallery\/Fiesta-del-Agua\/IMG_3356.jpg\"\n\t\t\ttitle=\"\"\n\t\t\tdata-src=\"https:\/\/blogsaverroes.juntadeandalucia.es\/ceipalvarocecilia\/wp-content\/uploads\/sites\/1188\/nggallery\/Fiesta-del-Agua\/IMG_3356.jpg\"\n\t\t\tdata-thumbnail=\"https:\/\/blogsaverroes.juntadeandalucia.es\/ceipalvarocecilia\/wp-content\/uploads\/sites\/1188\/nggallery\/Fiesta-del-Agua\/thumbs\/thumbs_IMG_3356.jpg\"\n\t\t\tdata-image-id=\"4140\"\n\t\t\tdata-title=\"IMG_3356\"\n\t\t\tdata-description=\"\"\n\t\t\tclass=\"ngg-fancybox\" rel=\"754941554ffcdf22da8fda91791678ec\">\n\n\t\t\t<img data-image-id='4140'\n\t\t\t\ttitle=\"\"\n\t\t\t\talt=\"IMG_3356\"\n\t\t\t\tsrc=\"https:\/\/blogsaverroes.juntadeandalucia.es\/ceipalvarocecilia\/wp-content\/uploads\/sites\/1188\/nggallery\/Fiesta-del-Agua\/IMG_3356.jpg\"\n\t\t\t\tstyle=\"max-height: 380px;\"\/>\n\t\t<\/a>\n\n\t\t\n\t\t<a href=\"https:\/\/blogsaverroes.juntadeandalucia.es\/ceipalvarocecilia\/wp-content\/uploads\/sites\/1188\/nggallery\/Fiesta-del-Agua\/IMG_3357.jpg\"\n\t\t\ttitle=\"\"\n\t\t\tdata-src=\"https:\/\/blogsaverroes.juntadeandalucia.es\/ceipalvarocecilia\/wp-content\/uploads\/sites\/1188\/nggallery\/Fiesta-del-Agua\/IMG_3357.jpg\"\n\t\t\tdata-thumbnail=\"https:\/\/blogsaverroes.juntadeandalucia.es\/ceipalvarocecilia\/wp-content\/uploads\/sites\/1188\/nggallery\/Fiesta-del-Agua\/thumbs\/thumbs_IMG_3357.jpg\"\n\t\t\tdata-image-id=\"4141\"\n\t\t\tdata-title=\"IMG_3357\"\n\t\t\tdata-description=\"\"\n\t\t\tclass=\"ngg-fancybox\" rel=\"754941554ffcdf22da8fda91791678ec\">\n\n\t\t\t<img data-image-id='4141'\n\t\t\t\ttitle=\"\"\n\t\t\t\talt=\"IMG_3357\"\n\t\t\t\tsrc=\"https:\/\/blogsaverroes.juntadeandalucia.es\/ceipalvarocecilia\/wp-content\/uploads\/sites\/1188\/nggallery\/Fiesta-del-Agua\/IMG_3357.jpg\"\n\t\t\t\tstyle=\"max-height: 380px;\"\/>\n\t\t<\/a>\n\n\t\t\n\t\t<a href=\"https:\/\/blogsaverroes.juntadeandalucia.es\/ceipalvarocecilia\/wp-content\/uploads\/sites\/1188\/nggallery\/Fiesta-del-Agua\/IMG_3358.jpg\"\n\t\t\ttitle=\"\"\n\t\t\tdata-src=\"https:\/\/blogsaverroes.juntadeandalucia.es\/ceipalvarocecilia\/wp-content\/uploads\/sites\/1188\/nggallery\/Fiesta-del-Agua\/IMG_3358.jpg\"\n\t\t\tdata-thumbnail=\"https:\/\/blogsaverroes.juntadeandalucia.es\/ceipalvarocecilia\/wp-content\/uploads\/sites\/1188\/nggallery\/Fiesta-del-Agua\/thumbs\/thumbs_IMG_3358.jpg\"\n\t\t\tdata-image-id=\"4142\"\n\t\t\tdata-title=\"IMG_3358\"\n\t\t\tdata-description=\"\"\n\t\t\tclass=\"ngg-fancybox\" rel=\"754941554ffcdf22da8fda91791678ec\">\n\n\t\t\t<img data-image-id='4142'\n\t\t\t\ttitle=\"\"\n\t\t\t\talt=\"IMG_3358\"\n\t\t\t\tsrc=\"https:\/\/blogsaverroes.juntadeandalucia.es\/ceipalvarocecilia\/wp-content\/uploads\/sites\/1188\/nggallery\/Fiesta-del-Agua\/IMG_3358.jpg\"\n\t\t\t\tstyle=\"max-height: 380px;\"\/>\n\t\t<\/a>\n\n\t\t<\/div>\n\n\t\t<!-- Thumbnails Link -->\n\t<div class=\"slideshowlink\" style=\"max-width: 600px;\">\n\t\t<a href='https:\/\/blogsaverroes.juntadeandalucia.es\/ceipalvarocecilia\/2016\/06\/22\/fiesta-del-agua\/nggallery\/thumbnails'>[Mostrar miniaturas]<\/a>\n\t<\/div>\n\nEl \u00faltimo d\u00eda de curso lo celebramos con una magn\u00edfica fiesta del agua.<!--more-->Ademas de pasarlo bien y divertirnos, nos refrescamos con globos, juguetes de agua, y por supuesto la divertida goma.<\/p>\n","protected":false},"excerpt":{"rendered":"<p>[Mostrar miniaturas] El \u00faltimo d\u00eda de curso lo celebramos con una magn\u00edfica fiesta del agua.<\/p>\n","protected":false},"author":2169,"featured_media":10176,"comment_status":"open","ping_status":"open","sticky":false,"template":"","format":"standard","meta":{"ngg_post_thumbnail":0,"footnotes":""},"categories":[809625],"tags":[],"aioseo_notices":[],"_links":{"self":[{"href":"https:\/\/blogsaverroes.juntadeandalucia.es\/ceipalvarocecilia\/wp-json\/wp\/v2\/posts\/10173"}],"collection":[{"href":"https:\/\/blogsaverroes.juntadeandalucia.es\/ceipalvarocecilia\/wp-json\/wp\/v2\/posts"}],"about":[{"href":"https:\/\/blogsaverroes.juntadeandalucia.es\/ceipalvarocecilia\/wp-json\/wp\/v2\/types\/post"}],"author":[{"embeddable":true,"href":"https:\/\/blogsaverroes.juntadeandalucia.es\/ceipalvarocecilia\/wp-json\/wp\/v2\/users\/2169"}],"replies":[{"embeddable":true,"href":"https:\/\/blogsaverroes.juntadeandalucia.es\/ceipalvarocecilia\/wp-json\/wp\/v2\/comments?post=10173"}],"version-history":[{"count":1,"href":"https:\/\/blogsaverroes.juntadeandalucia.es\/ceipalvarocecilia\/wp-json\/wp\/v2\/posts\/10173\/revisions"}],"predecessor-version":[{"id":10175,"href":"https:\/\/blogsaverroes.juntadeandalucia.es\/ceipalvarocecilia\/wp-json\/wp\/v2\/posts\/10173\/revisions\/10175"}],"wp:featuredmedia":[{"embeddable":true,"href":"https:\/\/blogsaverroes.juntadeandalucia.es\/ceipalvarocecilia\/wp-json\/wp\/v2\/media\/10176"}],"wp:attachment":[{"href":"https:\/\/blogsaverroes.juntadeandalucia.es\/ceipalvarocecilia\/wp-json\/wp\/v2\/media?parent=10173"}],"wp:term":[{"taxonomy":"category","embeddable":true,"href":"https:\/\/blogsaverroes.juntadeandalucia.es\/ceipalvarocecilia\/wp-json\/wp\/v2\/categories?post=10173"},{"taxonomy":"post_tag","embeddable":true,"href":"https:\/\/blogsaverroes.juntadeandalucia.es\/ceipalvarocecilia\/wp-json\/wp\/v2\/tags?post=10173"}],"curies":[{"name":"wp","href":"https:\/\/api.w.org\/{rel}","templated":true}]}}