{"id":24979,"date":"2019-11-01T10:38:11","date_gmt":"2019-11-01T10:38:11","guid":{"rendered":"https:\/\/blogsaverroes.juntadeandalucia.es\/ceipalvarocecilia\/?p=24979"},"modified":"2019-11-01T10:43:43","modified_gmt":"2019-11-01T10:43:43","slug":"donacion-de-material-deportivo","status":"publish","type":"post","link":"https:\/\/blogsaverroes.juntadeandalucia.es\/ceipalvarocecilia\/2019\/11\/01\/donacion-de-material-deportivo\/","title":{"rendered":"Donaci\u00f3n de material deportivo"},"content":{"rendered":"<p style=\"text-align: justify\"><a href=\"https:\/\/blogsaverroes.juntadeandalucia.es\/ceipalvarocecilia\/files\/2019\/11\/IMG-20191101-WA0002.jpg\"><img loading=\"lazy\" decoding=\"async\" class=\"wp-image-24976 alignleft\" src=\"https:\/\/blogsaverroes.juntadeandalucia.es\/ceipalvarocecilia\/files\/2019\/11\/IMG-20191101-WA0002-245x300.jpg\" alt=\"\" width=\"179\" height=\"218\" srcset=\"https:\/\/blogsaverroes.juntadeandalucia.es\/ceipalvarocecilia\/files\/2019\/11\/IMG-20191101-WA0002-245x300.jpg 245w, https:\/\/blogsaverroes.juntadeandalucia.es\/ceipalvarocecilia\/files\/2019\/11\/IMG-20191101-WA0002-768x941.jpg 768w, https:\/\/blogsaverroes.juntadeandalucia.es\/ceipalvarocecilia\/files\/2019\/11\/IMG-20191101-WA0002-836x1024.jpg 836w, https:\/\/blogsaverroes.juntadeandalucia.es\/ceipalvarocecilia\/files\/2019\/11\/IMG-20191101-WA0002-20x24.jpg 20w, https:\/\/blogsaverroes.juntadeandalucia.es\/ceipalvarocecilia\/files\/2019\/11\/IMG-20191101-WA0002-29x36.jpg 29w, https:\/\/blogsaverroes.juntadeandalucia.es\/ceipalvarocecilia\/files\/2019\/11\/IMG-20191101-WA0002-39x48.jpg 39w, https:\/\/blogsaverroes.juntadeandalucia.es\/ceipalvarocecilia\/files\/2019\/11\/IMG-20191101-WA0002.jpg 1224w\" sizes=\"(max-width: 179px) 100vw, 179px\" \/><\/a>Siguiendo la l\u00ednea de colaboraci\u00f3n del AMPA, para con el centro, a principio de curso se ha procedido a la entrega de un lote de material deportivo para su uso en las clases de psicomotricidad y de Educaci\u00f3n F\u00edsica en general.<\/p>\n<p style=\"text-align: justify\">El lote ha sido entregado por representantes de la directiva del AMPA y recepcionado por la directora del centro y el profesorado de Educaci\u00f3n F\u00edsica.<\/p>\n<p style=\"text-align: justify\">Con este tipo de actos pretendemos colaborar con el centro en la dotaci\u00f3n de material para mejorar la calidad de la ense\u00f1anza de nuestros alumnos y alumnas.<\/p>\n<p style=\"text-align: justify\">&nbsp;<\/p>\n<table style=\"height: 344px;width: 714.042px\">\n<tbody>\n<tr>\n<td style=\"width: 356px;text-align: justify;vertical-align: middle\"><a href=\"https:\/\/blogsaverroes.juntadeandalucia.es\/ceipalvarocecilia\/files\/2019\/11\/IMG-20191101-WA0002.jpg\"><img loading=\"lazy\" decoding=\"async\" class=\"size-medium wp-image-24976\" src=\"https:\/\/blogsaverroes.juntadeandalucia.es\/ceipalvarocecilia\/files\/2019\/11\/IMG-20191101-WA0002-245x300.jpg\" alt=\"\" width=\"245\" height=\"300\" srcset=\"https:\/\/blogsaverroes.juntadeandalucia.es\/ceipalvarocecilia\/files\/2019\/11\/IMG-20191101-WA0002-245x300.jpg 245w, https:\/\/blogsaverroes.juntadeandalucia.es\/ceipalvarocecilia\/files\/2019\/11\/IMG-20191101-WA0002-768x941.jpg 768w, https:\/\/blogsaverroes.juntadeandalucia.es\/ceipalvarocecilia\/files\/2019\/11\/IMG-20191101-WA0002-836x1024.jpg 836w, https:\/\/blogsaverroes.juntadeandalucia.es\/ceipalvarocecilia\/files\/2019\/11\/IMG-20191101-WA0002-20x24.jpg 20w, https:\/\/blogsaverroes.juntadeandalucia.es\/ceipalvarocecilia\/files\/2019\/11\/IMG-20191101-WA0002-29x36.jpg 29w, https:\/\/blogsaverroes.juntadeandalucia.es\/ceipalvarocecilia\/files\/2019\/11\/IMG-20191101-WA0002-39x48.jpg 39w, https:\/\/blogsaverroes.juntadeandalucia.es\/ceipalvarocecilia\/files\/2019\/11\/IMG-20191101-WA0002.jpg 1224w\" sizes=\"(max-width: 245px) 100vw, 245px\" \/><\/a><\/td>\n<td style=\"width: 5px\">&nbsp;<\/td>\n<td style=\"width: 314.042px;text-align: center;vertical-align: middle\"><a href=\"https:\/\/blogsaverroes.juntadeandalucia.es\/ceipalvarocecilia\/files\/2019\/11\/IMG-20191101-WA0003.jpg\"><img loading=\"lazy\" decoding=\"async\" class=\"aligncenter size-medium wp-image-24981\" src=\"https:\/\/blogsaverroes.juntadeandalucia.es\/ceipalvarocecilia\/files\/2019\/11\/IMG-20191101-WA0003-259x300.jpg\" alt=\"\" width=\"259\" height=\"300\" srcset=\"https:\/\/blogsaverroes.juntadeandalucia.es\/ceipalvarocecilia\/files\/2019\/11\/IMG-20191101-WA0003-259x300.jpg 259w, https:\/\/blogsaverroes.juntadeandalucia.es\/ceipalvarocecilia\/files\/2019\/11\/IMG-20191101-WA0003-768x888.jpg 768w, https:\/\/blogsaverroes.juntadeandalucia.es\/ceipalvarocecilia\/files\/2019\/11\/IMG-20191101-WA0003-885x1024.jpg 885w, https:\/\/blogsaverroes.juntadeandalucia.es\/ceipalvarocecilia\/files\/2019\/11\/IMG-20191101-WA0003-21x24.jpg 21w, https:\/\/blogsaverroes.juntadeandalucia.es\/ceipalvarocecilia\/files\/2019\/11\/IMG-20191101-WA0003-31x36.jpg 31w, https:\/\/blogsaverroes.juntadeandalucia.es\/ceipalvarocecilia\/files\/2019\/11\/IMG-20191101-WA0003-41x48.jpg 41w, https:\/\/blogsaverroes.juntadeandalucia.es\/ceipalvarocecilia\/files\/2019\/11\/IMG-20191101-WA0003.jpg 1262w\" sizes=\"(max-width: 259px) 100vw, 259px\" \/><\/a><\/td>\n<\/tr>\n<\/tbody>\n<\/table>\n<p>&nbsp;<\/p>\n","protected":false},"excerpt":{"rendered":"<p>Donaci\u00f3n por parte del AMPA de material de Educaci\u00f3n F\u00edsica y psicomotricidad.<\/p>\n","protected":false},"author":2169,"featured_media":24976,"comment_status":"closed","ping_status":"open","sticky":false,"template":"","format":"standard","meta":{"ngg_post_thumbnail":0,"footnotes":""},"categories":[1514699],"tags":[],"aioseo_notices":[],"_links":{"self":[{"href":"https:\/\/blogsaverroes.juntadeandalucia.es\/ceipalvarocecilia\/wp-json\/wp\/v2\/posts\/24979"}],"collection":[{"href":"https:\/\/blogsaverroes.juntadeandalucia.es\/ceipalvarocecilia\/wp-json\/wp\/v2\/posts"}],"about":[{"href":"https:\/\/blogsaverroes.juntadeandalucia.es\/ceipalvarocecilia\/wp-json\/wp\/v2\/types\/post"}],"author":[{"embeddable":true,"href":"https:\/\/blogsaverroes.juntadeandalucia.es\/ceipalvarocecilia\/wp-json\/wp\/v2\/users\/2169"}],"replies":[{"embeddable":true,"href":"https:\/\/blogsaverroes.juntadeandalucia.es\/ceipalvarocecilia\/wp-json\/wp\/v2\/comments?post=24979"}],"version-history":[{"count":7,"href":"https:\/\/blogsaverroes.juntadeandalucia.es\/ceipalvarocecilia\/wp-json\/wp\/v2\/posts\/24979\/revisions"}],"predecessor-version":[{"id":24988,"href":"https:\/\/blogsaverroes.juntadeandalucia.es\/ceipalvarocecilia\/wp-json\/wp\/v2\/posts\/24979\/revisions\/24988"}],"wp:featuredmedia":[{"embeddable":true,"href":"https:\/\/blogsaverroes.juntadeandalucia.es\/ceipalvarocecilia\/wp-json\/wp\/v2\/media\/24976"}],"wp:attachment":[{"href":"https:\/\/blogsaverroes.juntadeandalucia.es\/ceipalvarocecilia\/wp-json\/wp\/v2\/media?parent=24979"}],"wp:term":[{"taxonomy":"category","embeddable":true,"href":"https:\/\/blogsaverroes.juntadeandalucia.es\/ceipalvarocecilia\/wp-json\/wp\/v2\/categories?post=24979"},{"taxonomy":"post_tag","embeddable":true,"href":"https:\/\/blogsaverroes.juntadeandalucia.es\/ceipalvarocecilia\/wp-json\/wp\/v2\/tags?post=24979"}],"curies":[{"name":"wp","href":"https:\/\/api.w.org\/{rel}","templated":true}]}}