{"id":26932,"date":"2020-03-14T19:25:20","date_gmt":"2020-03-14T19:25:20","guid":{"rendered":"https:\/\/blogsaverroes.juntadeandalucia.es\/ceipalvarocecilia\/?p=26932"},"modified":"2020-03-14T19:25:20","modified_gmt":"2020-03-14T19:25:20","slug":"rincon-violeta-edificio-de-la-redonda","status":"publish","type":"post","link":"https:\/\/blogsaverroes.juntadeandalucia.es\/ceipalvarocecilia\/2020\/03\/14\/rincon-violeta-edificio-de-la-redonda\/","title":{"rendered":"Rinc\u00f3n Violeta edificio de la Redonda"},"content":{"rendered":"<p>Gracias al programa de prevenci\u00f3n hemos podido montar 2 rincones violetas en nuestro colegio (uno en cada edificio de primaria), cada rinc\u00f3n&nbsp; tiene la finalidad de crear un espacio donde poder llevar al alumnado y leerles libros sobre educaci\u00f3n emocional, puesto que hemos hecho una buena dotaci\u00f3n de libros en ambos espacios. Adem\u00e1s hemos realizado unas mochilas violetas para que los distintos cursos puedan llevarse un libro a su clase para trabajarlo, hay 2 lotes de libros y 2 rincones, porque la idea es que puedan trabajar los dos cursos dentro del mismo nivel. Ya se han trabajado intensamente algunos libros como \u00abEl monstuo de colores\u00bb, \u00abYo voy conmigo\u00bb, \u00abAdivina cuanto te quiero\u00bb, \u00abEl club de los raros\u00bb&#8230;. pero seguiremos trabajando y descubriendo estos magn\u00edficos libros.<\/p>\n<p>&nbsp;<\/p>\nngg_shortcode_0_placeholder\n","protected":false},"excerpt":{"rendered":"<p>Rinc\u00f3n violeta Redonda financiado por el programa<\/p>\n","protected":false},"author":2169,"featured_media":25958,"comment_status":"closed","ping_status":"open","sticky":false,"template":"","format":"standard","meta":{"ngg_post_thumbnail":0,"footnotes":""},"categories":[10047],"tags":[],"aioseo_notices":[],"_links":{"self":[{"href":"https:\/\/blogsaverroes.juntadeandalucia.es\/ceipalvarocecilia\/wp-json\/wp\/v2\/posts\/26932"}],"collection":[{"href":"https:\/\/blogsaverroes.juntadeandalucia.es\/ceipalvarocecilia\/wp-json\/wp\/v2\/posts"}],"about":[{"href":"https:\/\/blogsaverroes.juntadeandalucia.es\/ceipalvarocecilia\/wp-json\/wp\/v2\/types\/post"}],"author":[{"embeddable":true,"href":"https:\/\/blogsaverroes.juntadeandalucia.es\/ceipalvarocecilia\/wp-json\/wp\/v2\/users\/2169"}],"replies":[{"embeddable":true,"href":"https:\/\/blogsaverroes.juntadeandalucia.es\/ceipalvarocecilia\/wp-json\/wp\/v2\/comments?post=26932"}],"version-history":[{"count":1,"href":"https:\/\/blogsaverroes.juntadeandalucia.es\/ceipalvarocecilia\/wp-json\/wp\/v2\/posts\/26932\/revisions"}],"predecessor-version":[{"id":26933,"href":"https:\/\/blogsaverroes.juntadeandalucia.es\/ceipalvarocecilia\/wp-json\/wp\/v2\/posts\/26932\/revisions\/26933"}],"wp:featuredmedia":[{"embeddable":true,"href":"https:\/\/blogsaverroes.juntadeandalucia.es\/ceipalvarocecilia\/wp-json\/wp\/v2\/media\/25958"}],"wp:attachment":[{"href":"https:\/\/blogsaverroes.juntadeandalucia.es\/ceipalvarocecilia\/wp-json\/wp\/v2\/media?parent=26932"}],"wp:term":[{"taxonomy":"category","embeddable":true,"href":"https:\/\/blogsaverroes.juntadeandalucia.es\/ceipalvarocecilia\/wp-json\/wp\/v2\/categories?post=26932"},{"taxonomy":"post_tag","embeddable":true,"href":"https:\/\/blogsaverroes.juntadeandalucia.es\/ceipalvarocecilia\/wp-json\/wp\/v2\/tags?post=26932"}],"curies":[{"name":"wp","href":"https:\/\/api.w.org\/{rel}","templated":true}]}}