{"id":28186,"date":"2021-05-21T14:08:01","date_gmt":"2021-05-21T14:08:01","guid":{"rendered":"https:\/\/blogsaverroes.juntadeandalucia.es\/ceipalvarocecilia\/?p=28186"},"modified":"2021-05-21T14:08:01","modified_gmt":"2021-05-21T14:08:01","slug":"a-dos-ruedas","status":"publish","type":"post","link":"https:\/\/blogsaverroes.juntadeandalucia.es\/ceipalvarocecilia\/2021\/05\/21\/a-dos-ruedas\/","title":{"rendered":"A dos Ruedas"},"content":{"rendered":"<p><a href=\"https:\/\/blogsaverroes.juntadeandalucia.es\/ceipalvarocecilia\/files\/2021\/05\/IMG-20210521-WA0010.jpg\"><img loading=\"lazy\" decoding=\"async\" class=\" wp-image-28185 alignleft\" src=\"https:\/\/blogsaverroes.juntadeandalucia.es\/ceipalvarocecilia\/files\/2021\/05\/IMG-20210521-WA0010-300x225.jpg\" alt=\"\" width=\"214\" height=\"161\" srcset=\"https:\/\/blogsaverroes.juntadeandalucia.es\/ceipalvarocecilia\/files\/2021\/05\/IMG-20210521-WA0010-300x225.jpg 300w, https:\/\/blogsaverroes.juntadeandalucia.es\/ceipalvarocecilia\/files\/2021\/05\/IMG-20210521-WA0010-1024x768.jpg 1024w, https:\/\/blogsaverroes.juntadeandalucia.es\/ceipalvarocecilia\/files\/2021\/05\/IMG-20210521-WA0010-768x576.jpg 768w, https:\/\/blogsaverroes.juntadeandalucia.es\/ceipalvarocecilia\/files\/2021\/05\/IMG-20210521-WA0010-1536x1152.jpg 1536w, https:\/\/blogsaverroes.juntadeandalucia.es\/ceipalvarocecilia\/files\/2021\/05\/IMG-20210521-WA0010.jpg 1600w\" sizes=\"(max-width: 214px) 100vw, 214px\" \/><\/a>Durante el mes de mayo, dentro del \u00c1rea de Educaci\u00f3n F\u00edsica, el alumnado de 6\u00ba curso ha estado estado desarrollando la Unidad Did\u00e1ctica \u00ab<strong><em>A dos Ruedas<\/em><\/strong>\u00ab, trabajando la Educaci\u00f3n vial y los h\u00e1bitos de vida saludable, a la vez que fomentando el uso de la bici como medio de transporte.<\/p>\n<p>Las im\u00e1genes de la actividad se encuentran disponibles en nuestra <strong><a href=\"https:\/\/blogsaverroes.juntadeandalucia.es\/ceipalvarocecilia\/category\/fotos\/galeria\/galeria-fotos-2020-21\/\">GALER\u00cdA<\/a>.&nbsp;&nbsp;<\/strong>Tambi\u00e9n se pueden visualizar pulsando <a href=\"https:\/\/blogsaverroes.juntadeandalucia.es\/ceipalvarocecilia\/2021\/05\/21\/a-dos-ruedas-en-imagenes\/\"><strong>AQUI<\/strong><\/a>.<\/p>\n","protected":false},"excerpt":{"rendered":"<p>Unidad Did\u00e1ctica \u00abA dos ruedas\u00bb<\/p>\n","protected":false},"author":2169,"featured_media":28185,"comment_status":"closed","ping_status":"open","sticky":false,"template":"","format":"standard","meta":{"ngg_post_thumbnail":0,"footnotes":""},"categories":[1514717],"tags":[],"aioseo_notices":[],"_links":{"self":[{"href":"https:\/\/blogsaverroes.juntadeandalucia.es\/ceipalvarocecilia\/wp-json\/wp\/v2\/posts\/28186"}],"collection":[{"href":"https:\/\/blogsaverroes.juntadeandalucia.es\/ceipalvarocecilia\/wp-json\/wp\/v2\/posts"}],"about":[{"href":"https:\/\/blogsaverroes.juntadeandalucia.es\/ceipalvarocecilia\/wp-json\/wp\/v2\/types\/post"}],"author":[{"embeddable":true,"href":"https:\/\/blogsaverroes.juntadeandalucia.es\/ceipalvarocecilia\/wp-json\/wp\/v2\/users\/2169"}],"replies":[{"embeddable":true,"href":"https:\/\/blogsaverroes.juntadeandalucia.es\/ceipalvarocecilia\/wp-json\/wp\/v2\/comments?post=28186"}],"version-history":[{"count":4,"href":"https:\/\/blogsaverroes.juntadeandalucia.es\/ceipalvarocecilia\/wp-json\/wp\/v2\/posts\/28186\/revisions"}],"predecessor-version":[{"id":28193,"href":"https:\/\/blogsaverroes.juntadeandalucia.es\/ceipalvarocecilia\/wp-json\/wp\/v2\/posts\/28186\/revisions\/28193"}],"wp:featuredmedia":[{"embeddable":true,"href":"https:\/\/blogsaverroes.juntadeandalucia.es\/ceipalvarocecilia\/wp-json\/wp\/v2\/media\/28185"}],"wp:attachment":[{"href":"https:\/\/blogsaverroes.juntadeandalucia.es\/ceipalvarocecilia\/wp-json\/wp\/v2\/media?parent=28186"}],"wp:term":[{"taxonomy":"category","embeddable":true,"href":"https:\/\/blogsaverroes.juntadeandalucia.es\/ceipalvarocecilia\/wp-json\/wp\/v2\/categories?post=28186"},{"taxonomy":"post_tag","embeddable":true,"href":"https:\/\/blogsaverroes.juntadeandalucia.es\/ceipalvarocecilia\/wp-json\/wp\/v2\/tags?post=28186"}],"curies":[{"name":"wp","href":"https:\/\/api.w.org\/{rel}","templated":true}]}}