{"id":29280,"date":"2021-12-26T15:57:54","date_gmt":"2021-12-26T15:57:54","guid":{"rendered":"https:\/\/blogsaverroes.juntadeandalucia.es\/ceipalvarocecilia\/?p=29280"},"modified":"2021-12-26T15:57:54","modified_gmt":"2021-12-26T15:57:54","slug":"visita-de-los-reyes-magos-2","status":"publish","type":"post","link":"https:\/\/blogsaverroes.juntadeandalucia.es\/ceipalvarocecilia\/2021\/12\/26\/visita-de-los-reyes-magos-2\/","title":{"rendered":"Visita de los Reyes Magos"},"content":{"rendered":"<p style=\"text-align: justify\"><a href=\"https:\/\/blogsaverroes.juntadeandalucia.es\/ceipalvarocecilia\/files\/2021\/12\/WhatsApp-Image-2021-12-21-at-19.45.48.jpeg\"><img loading=\"lazy\" decoding=\"async\" class=\" wp-image-29573 alignleft\" src=\"https:\/\/blogsaverroes.juntadeandalucia.es\/ceipalvarocecilia\/files\/2021\/12\/WhatsApp-Image-2021-12-21-at-19.45.48-300x225.jpeg\" alt=\"\" width=\"207\" height=\"155\" srcset=\"https:\/\/blogsaverroes.juntadeandalucia.es\/ceipalvarocecilia\/files\/2021\/12\/WhatsApp-Image-2021-12-21-at-19.45.48-300x225.jpeg 300w, https:\/\/blogsaverroes.juntadeandalucia.es\/ceipalvarocecilia\/files\/2021\/12\/WhatsApp-Image-2021-12-21-at-19.45.48-1024x768.jpeg 1024w, https:\/\/blogsaverroes.juntadeandalucia.es\/ceipalvarocecilia\/files\/2021\/12\/WhatsApp-Image-2021-12-21-at-19.45.48-768x576.jpeg 768w, https:\/\/blogsaverroes.juntadeandalucia.es\/ceipalvarocecilia\/files\/2021\/12\/WhatsApp-Image-2021-12-21-at-19.45.48-1536x1152.jpeg 1536w, https:\/\/blogsaverroes.juntadeandalucia.es\/ceipalvarocecilia\/files\/2021\/12\/WhatsApp-Image-2021-12-21-at-19.45.48.jpeg 1600w\" sizes=\"(max-width: 207px) 100vw, 207px\" \/><\/a>Como todos los a\u00f1os, hemos recibido la visita de los Reyes Magos en nuestro cole. Esta vez sus Majestades de Oriente han visitado cada una de nuestras clases. Nos han obsequiado con un regalito y les hemos hecho entrega de nuestras cartas. En los enlaces que dejamos a continuaci\u00f3n est\u00e1n disponibles&nbsp; las im\u00e1genes de esta esperada visita.&nbsp;<\/p>\n<p>&nbsp;<\/p>\n<table style=\"border-collapse: collapse;width: 100%\">\n<tbody>\n<tr>\n<td style=\"width: 16.6667%;text-align: center\" colspan=\"6\"><strong>INFANTIL<\/strong><\/td>\n<\/tr>\n<tr>\n<td style=\"width: 16.6667%;text-align: center\"><a href=\"https:\/\/blogsaverroes.juntadeandalucia.es\/ceipalvarocecilia\/2021\/12\/26\/visita-de-los-reyes-magos-infantil-de-3-anos-a\/\"><strong>3 A\u00f1os A<\/strong><\/a><\/td>\n<td style=\"width: 16.6667%;text-align: center\"><a href=\"https:\/\/blogsaverroes.juntadeandalucia.es\/ceipalvarocecilia\/2021\/12\/26\/visita-de-los-reyes-magos-a-infantil-de-3-anos-b\/\"><strong>3 A\u00f1os B<\/strong><\/a><\/td>\n<td style=\"width: 16.6667%;text-align: center\"><a href=\"https:\/\/blogsaverroes.juntadeandalucia.es\/ceipalvarocecilia\/2021\/12\/26\/visita-de-los-reyes-magos-a-infantil-de-4-anos-a\/\"><strong>4 A\u00f1os A<\/strong><\/a><\/td>\n<td style=\"width: 16.6667%;text-align: center\"><a href=\"https:\/\/blogsaverroes.juntadeandalucia.es\/ceipalvarocecilia\/2021\/12\/26\/visita-de-los-reyes-a-infantil-de-4-anos-b\/\"><strong>4 A\u00f1os B<\/strong><\/a><\/td>\n<td style=\"width: 16.6667%;text-align: center\"><a href=\"https:\/\/blogsaverroes.juntadeandalucia.es\/ceipalvarocecilia\/2021\/12\/26\/visita-de-los-reyes-a-infantil-de-5-anos-a\/\"><strong>5 A\u00f1os A<\/strong><\/a><\/td>\n<td style=\"width: 16.6667%;text-align: center\"><a href=\"https:\/\/blogsaverroes.juntadeandalucia.es\/ceipalvarocecilia\/2021\/12\/26\/visita-de-los-reyes-a-infantil-de-5-anos-b\/\"><strong>5 A\u00f1os B<\/strong><\/a><\/td>\n<\/tr>\n<\/tbody>\n<\/table>\n<table style=\"border-collapse: collapse;width: 100%\">\n<tbody>\n<tr>\n<td style=\"width: 16.6667%;text-align: center\" colspan=\"6\"><strong>PRIMARIA<\/strong><\/td>\n<\/tr>\n<tr>\n<td style=\"width: 16.6667%;text-align: center\"><a href=\"https:\/\/blogsaverroes.juntadeandalucia.es\/ceipalvarocecilia\/2021\/12\/26\/visita-de-los-reyes-a-1oa\/\"><strong>1\u00ba A<\/strong><\/a><\/td>\n<td style=\"width: 16.6667%;text-align: center\"><a href=\"https:\/\/blogsaverroes.juntadeandalucia.es\/ceipalvarocecilia\/2021\/12\/26\/visita-de-los-reyes-a-1ob\/\"><strong>1\u00ba B<\/strong><\/a><\/td>\n<td style=\"width: 16.6667%;text-align: center\"><a href=\"https:\/\/blogsaverroes.juntadeandalucia.es\/ceipalvarocecilia\/2021\/12\/26\/visita-de-los-reyes-a-2oa\/\"><strong>2\u00ba A<\/strong><\/a><\/td>\n<td style=\"width: 16.6667%;text-align: center\"><a href=\"https:\/\/blogsaverroes.juntadeandalucia.es\/ceipalvarocecilia\/2021\/12\/26\/visita-de-los-reyes-a-2ob\/\"><strong>2\u00ba B<\/strong><\/a><\/td>\n<td style=\"width: 16.6667%;text-align: center\"><a href=\"https:\/\/blogsaverroes.juntadeandalucia.es\/ceipalvarocecilia\/2021\/12\/26\/visita-de-los-reyes-a-3oa\/\"><strong>3\u00ba A<\/strong><\/a><\/td>\n<td style=\"width: 16.6667%;text-align: center\"><a href=\"https:\/\/blogsaverroes.juntadeandalucia.es\/ceipalvarocecilia\/2021\/12\/26\/visita-de-los-reyes-a-3ob\/\"><strong>3\u00ba B<\/strong><\/a><\/td>\n<\/tr>\n<tr>\n<td style=\"width: 16.6667%;text-align: center\"><a href=\"https:\/\/blogsaverroes.juntadeandalucia.es\/ceipalvarocecilia\/2021\/12\/26\/visita-de-los-reyes-a-4oa\/\"><strong>4\u00ba A<\/strong><\/a><\/td>\n<td style=\"width: 16.6667%;text-align: center\"><a href=\"https:\/\/blogsaverroes.juntadeandalucia.es\/ceipalvarocecilia\/2021\/12\/26\/visita-de-los-reyes-a-4ob\/\"><strong>4\u00ba B<\/strong><\/a><\/td>\n<td style=\"width: 16.6667%;text-align: center\"><a href=\"https:\/\/blogsaverroes.juntadeandalucia.es\/ceipalvarocecilia\/2021\/12\/26\/visita-de-los-reyes-a-5oa\/\"><strong>5\u00ba A<\/strong><\/a><\/td>\n<td style=\"width: 16.6667%;text-align: center\"><a href=\"https:\/\/blogsaverroes.juntadeandalucia.es\/ceipalvarocecilia\/2021\/12\/26\/visita-de-los-reyes-a-5ob\/\"><strong>5\u00ba B<\/strong><\/a><\/td>\n<td style=\"width: 16.6667%;text-align: center\"><a href=\"https:\/\/blogsaverroes.juntadeandalucia.es\/ceipalvarocecilia\/2021\/12\/26\/visita-de-los-reyes-a-6oa\/\"><strong>6\u00ba A<\/strong><\/a><\/td>\n<td style=\"width: 16.6667%;text-align: center\"><a href=\"https:\/\/blogsaverroes.juntadeandalucia.es\/ceipalvarocecilia\/2021\/12\/26\/visita-de-los-reyes-a-6ob\/\"><strong>6\u00ba B<\/strong><\/a><\/td>\n<\/tr>\n<\/tbody>\n<\/table>\n","protected":false},"excerpt":{"rendered":"<p>Visita de los Reyes Magos<\/p>\n","protected":false},"author":2169,"featured_media":29573,"comment_status":"closed","ping_status":"open","sticky":false,"template":"","format":"standard","meta":{"ngg_post_thumbnail":0,"footnotes":""},"categories":[1514720],"tags":[],"aioseo_notices":[],"_links":{"self":[{"href":"https:\/\/blogsaverroes.juntadeandalucia.es\/ceipalvarocecilia\/wp-json\/wp\/v2\/posts\/29280"}],"collection":[{"href":"https:\/\/blogsaverroes.juntadeandalucia.es\/ceipalvarocecilia\/wp-json\/wp\/v2\/posts"}],"about":[{"href":"https:\/\/blogsaverroes.juntadeandalucia.es\/ceipalvarocecilia\/wp-json\/wp\/v2\/types\/post"}],"author":[{"embeddable":true,"href":"https:\/\/blogsaverroes.juntadeandalucia.es\/ceipalvarocecilia\/wp-json\/wp\/v2\/users\/2169"}],"replies":[{"embeddable":true,"href":"https:\/\/blogsaverroes.juntadeandalucia.es\/ceipalvarocecilia\/wp-json\/wp\/v2\/comments?post=29280"}],"version-history":[{"count":21,"href":"https:\/\/blogsaverroes.juntadeandalucia.es\/ceipalvarocecilia\/wp-json\/wp\/v2\/posts\/29280\/revisions"}],"predecessor-version":[{"id":29901,"href":"https:\/\/blogsaverroes.juntadeandalucia.es\/ceipalvarocecilia\/wp-json\/wp\/v2\/posts\/29280\/revisions\/29901"}],"wp:featuredmedia":[{"embeddable":true,"href":"https:\/\/blogsaverroes.juntadeandalucia.es\/ceipalvarocecilia\/wp-json\/wp\/v2\/media\/29573"}],"wp:attachment":[{"href":"https:\/\/blogsaverroes.juntadeandalucia.es\/ceipalvarocecilia\/wp-json\/wp\/v2\/media?parent=29280"}],"wp:term":[{"taxonomy":"category","embeddable":true,"href":"https:\/\/blogsaverroes.juntadeandalucia.es\/ceipalvarocecilia\/wp-json\/wp\/v2\/categories?post=29280"},{"taxonomy":"post_tag","embeddable":true,"href":"https:\/\/blogsaverroes.juntadeandalucia.es\/ceipalvarocecilia\/wp-json\/wp\/v2\/tags?post=29280"}],"curies":[{"name":"wp","href":"https:\/\/api.w.org\/{rel}","templated":true}]}}