{"id":44882,"date":"2025-12-01T15:46:03","date_gmt":"2025-12-01T15:46:03","guid":{"rendered":"https:\/\/blogsaverroes.juntadeandalucia.es\/ceipalvarocecilia\/?p=44882"},"modified":"2026-02-19T07:14:31","modified_gmt":"2026-02-19T07:14:31","slug":"dia-internacional-del-flamenco-2025","status":"publish","type":"post","link":"https:\/\/blogsaverroes.juntadeandalucia.es\/ceipalvarocecilia\/2025\/12\/01\/dia-internacional-del-flamenco-2025\/","title":{"rendered":"D\u00eda Internacional del Flamenco 2025"},"content":{"rendered":"<p style=\"text-align: justify\"><a href=\"https:\/\/blogsaverroes.juntadeandalucia.es\/ceipalvarocecilia\/files\/2025\/12\/Cartel-flamenco.jpeg\"><img loading=\"lazy\" decoding=\"async\" class=\"size-medium wp-image-44881 alignleft\" src=\"https:\/\/blogsaverroes.juntadeandalucia.es\/ceipalvarocecilia\/files\/2025\/12\/Cartel-flamenco-212x300.jpeg\" alt=\"\" width=\"212\" height=\"300\" srcset=\"https:\/\/blogsaverroes.juntadeandalucia.es\/ceipalvarocecilia\/files\/2025\/12\/Cartel-flamenco-212x300.jpeg 212w, https:\/\/blogsaverroes.juntadeandalucia.es\/ceipalvarocecilia\/files\/2025\/12\/Cartel-flamenco-724x1024.jpeg 724w, https:\/\/blogsaverroes.juntadeandalucia.es\/ceipalvarocecilia\/files\/2025\/12\/Cartel-flamenco-768x1086.jpeg 768w, https:\/\/blogsaverroes.juntadeandalucia.es\/ceipalvarocecilia\/files\/2025\/12\/Cartel-flamenco-1086x1536.jpeg 1086w, https:\/\/blogsaverroes.juntadeandalucia.es\/ceipalvarocecilia\/files\/2025\/12\/Cartel-flamenco.jpeg 1131w\" sizes=\"(max-width: 212px) 100vw, 212px\" \/><\/a>El 17 de noviembre celebraremos el <strong>d\u00eda Internacional del Flamenco<\/strong> en el \u00c1lvaro Cecilia Moreno desde la especialidad de m\u00fasica.<\/p>\n<p style=\"text-align: justify\">Este curso 25\/26 seguimos trabajando el palo del flamenco de car\u00e1cter festivo, las buler\u00edas para celebrar este d\u00eda. Pero este curso adem\u00e1s de las buler\u00edas rock con el tema del grupo Triana, lo ampliamos a las buler\u00edas de Jerez.<\/p>\n<p style=\"text-align: justify\">M\u00e1s adelante tendremos una sorpresa flamenca en la Radio, una entrevista muy especial a Juan Mar\u00edn, Guitarrista y padre de nuestro centro.<\/p>\n<p style=\"text-align: justify\">Se expondr\u00e1 todo lo trabajado en clase de m\u00fasica, para ese d\u00eda podr\u00e1n traer complementos flamencos. 1\u00ba y 2\u00ba baile por buler\u00edas. 3\u00ba y 4\u00ba instrumentamos y cantamos por buler\u00edas. 5\u00ba y 6\u00ba Flauta dulce por buler\u00edas de Jerez.<\/p>\n<p style=\"text-align: justify\">Adjuntamos el cartel informativo, y algunas im\u00e1genes alusivas.<\/p>\n<p style=\"text-align: justify\">Un saludo.<\/p>\n<table style=\"border-collapse: collapse;width: 100%\">\n<tbody>\n<tr>\n<td style=\"width: 50%;text-align: center\"><a href=\"https:\/\/blogsaverroes.juntadeandalucia.es\/ceipalvarocecilia\/files\/2025\/12\/Flmenco-25-1.jpeg\"><img loading=\"lazy\" decoding=\"async\" class=\"alignnone size-medium wp-image-44880\" src=\"https:\/\/blogsaverroes.juntadeandalucia.es\/ceipalvarocecilia\/files\/2025\/12\/Flmenco-25-1-300x225.jpeg\" alt=\"\" width=\"300\" height=\"225\" srcset=\"https:\/\/blogsaverroes.juntadeandalucia.es\/ceipalvarocecilia\/files\/2025\/12\/Flmenco-25-1-300x225.jpeg 300w, https:\/\/blogsaverroes.juntadeandalucia.es\/ceipalvarocecilia\/files\/2025\/12\/Flmenco-25-1-1024x768.jpeg 1024w, https:\/\/blogsaverroes.juntadeandalucia.es\/ceipalvarocecilia\/files\/2025\/12\/Flmenco-25-1-768x576.jpeg 768w, https:\/\/blogsaverroes.juntadeandalucia.es\/ceipalvarocecilia\/files\/2025\/12\/Flmenco-25-1-1536x1152.jpeg 1536w, https:\/\/blogsaverroes.juntadeandalucia.es\/ceipalvarocecilia\/files\/2025\/12\/Flmenco-25-1.jpeg 1600w\" sizes=\"(max-width: 300px) 100vw, 300px\" \/><\/a><\/td>\n<td style=\"width: 50%;text-align: center\"><a href=\"https:\/\/blogsaverroes.juntadeandalucia.es\/ceipalvarocecilia\/files\/2025\/12\/flamenco-25.jpeg\"><img loading=\"lazy\" decoding=\"async\" class=\"alignnone size-medium wp-image-44879\" src=\"https:\/\/blogsaverroes.juntadeandalucia.es\/ceipalvarocecilia\/files\/2025\/12\/flamenco-25-300x225.jpeg\" alt=\"\" width=\"300\" height=\"225\" srcset=\"https:\/\/blogsaverroes.juntadeandalucia.es\/ceipalvarocecilia\/files\/2025\/12\/flamenco-25-300x225.jpeg 300w, https:\/\/blogsaverroes.juntadeandalucia.es\/ceipalvarocecilia\/files\/2025\/12\/flamenco-25-1024x768.jpeg 1024w, https:\/\/blogsaverroes.juntadeandalucia.es\/ceipalvarocecilia\/files\/2025\/12\/flamenco-25-768x576.jpeg 768w, https:\/\/blogsaverroes.juntadeandalucia.es\/ceipalvarocecilia\/files\/2025\/12\/flamenco-25-1536x1152.jpeg 1536w, https:\/\/blogsaverroes.juntadeandalucia.es\/ceipalvarocecilia\/files\/2025\/12\/flamenco-25.jpeg 1600w\" sizes=\"(max-width: 300px) 100vw, 300px\" \/><\/a><\/td>\n<\/tr>\n<\/tbody>\n<\/table>\n<p>ngg_shortcode_0_placeholder<div style=\"width: 848px;\" class=\"wp-video\"><!--[if lt IE 9]><script>document.createElement('video');<\/script><![endif]-->\n<video class=\"wp-video-shortcode\" id=\"video-44882-1\" width=\"848\" height=\"478\" preload=\"metadata\" controls=\"controls\"><source type=\"video\/mp4\" src=\"https:\/\/blogsaverroes.juntadeandalucia.es\/ceipalvarocecilia\/files\/2025\/12\/WhatsApp-Video-2025-12-01-at-14.18.16.mp4?_=1\" \/><a href=\"https:\/\/blogsaverroes.juntadeandalucia.es\/ceipalvarocecilia\/files\/2025\/12\/WhatsApp-Video-2025-12-01-at-14.18.16.mp4\">https:\/\/blogsaverroes.juntadeandalucia.es\/ceipalvarocecilia\/files\/2025\/12\/WhatsApp-Video-2025-12-01-at-14.18.16.mp4<\/a><\/video><\/div><\/p>\n","protected":false},"excerpt":{"rendered":"<p>D\u00eda Internacional del Flamenco<\/p>\n","protected":false},"author":2169,"featured_media":44881,"comment_status":"closed","ping_status":"open","sticky":false,"template":"","format":"standard","meta":{"ngg_post_thumbnail":0,"footnotes":""},"categories":[1514730,1514731],"tags":[],"aioseo_notices":[],"_links":{"self":[{"href":"https:\/\/blogsaverroes.juntadeandalucia.es\/ceipalvarocecilia\/wp-json\/wp\/v2\/posts\/44882"}],"collection":[{"href":"https:\/\/blogsaverroes.juntadeandalucia.es\/ceipalvarocecilia\/wp-json\/wp\/v2\/posts"}],"about":[{"href":"https:\/\/blogsaverroes.juntadeandalucia.es\/ceipalvarocecilia\/wp-json\/wp\/v2\/types\/post"}],"author":[{"embeddable":true,"href":"https:\/\/blogsaverroes.juntadeandalucia.es\/ceipalvarocecilia\/wp-json\/wp\/v2\/users\/2169"}],"replies":[{"embeddable":true,"href":"https:\/\/blogsaverroes.juntadeandalucia.es\/ceipalvarocecilia\/wp-json\/wp\/v2\/comments?post=44882"}],"version-history":[{"count":4,"href":"https:\/\/blogsaverroes.juntadeandalucia.es\/ceipalvarocecilia\/wp-json\/wp\/v2\/posts\/44882\/revisions"}],"predecessor-version":[{"id":44942,"href":"https:\/\/blogsaverroes.juntadeandalucia.es\/ceipalvarocecilia\/wp-json\/wp\/v2\/posts\/44882\/revisions\/44942"}],"wp:featuredmedia":[{"embeddable":true,"href":"https:\/\/blogsaverroes.juntadeandalucia.es\/ceipalvarocecilia\/wp-json\/wp\/v2\/media\/44881"}],"wp:attachment":[{"href":"https:\/\/blogsaverroes.juntadeandalucia.es\/ceipalvarocecilia\/wp-json\/wp\/v2\/media?parent=44882"}],"wp:term":[{"taxonomy":"category","embeddable":true,"href":"https:\/\/blogsaverroes.juntadeandalucia.es\/ceipalvarocecilia\/wp-json\/wp\/v2\/categories?post=44882"},{"taxonomy":"post_tag","embeddable":true,"href":"https:\/\/blogsaverroes.juntadeandalucia.es\/ceipalvarocecilia\/wp-json\/wp\/v2\/tags?post=44882"}],"curies":[{"name":"wp","href":"https:\/\/api.w.org\/{rel}","templated":true}]}}