{"id":2583,"date":"2022-04-24T16:36:01","date_gmt":"2022-04-24T16:36:01","guid":{"rendered":"https:\/\/blogsaverroes.juntadeandalucia.es\/ceipamgrazalema\/?p=2583"},"modified":"2022-04-24T16:36:01","modified_gmt":"2022-04-24T16:36:01","slug":"decoracion-de-pasillos","status":"publish","type":"post","link":"https:\/\/blogsaverroes.juntadeandalucia.es\/ceipamgrazalema\/decoracion-de-pasillos\/","title":{"rendered":"Decoraci\u00f3n de pasillos"},"content":{"rendered":"<p>Seguimos con la modernizaci\u00f3n y decoraci\u00f3n de nuestro centro y en esta ocasi\u00f3n en colaboraci\u00f3n con la coordinadora de nuestro proyecto \u00abEscuela Espacio de Paz\u00bb y como actividad programada dentro del mismo se ha llevado a cabo la colocaci\u00f3n vinilos con mensajes para la convivencia escolar y la no violencia en los escalones del pasillo de la planta superior del edificio.&nbsp;<\/p>\n<p>En ellos expresamos los valores y pensamientos que deben reinar en nuestra comunidad educativa y como muestra de ellos, los ofrecemos a la vista de todos\/as.<\/p>\n<p><img loading=\"lazy\" decoding=\"async\" class=\"wp-image-2584 aligncenter\" src=\"https:\/\/blogsaverroes.juntadeandalucia.es\/ceipamgrazalema\/files\/2022\/04\/IMG_0817-225x300.jpg\" alt=\"\" width=\"342\" height=\"456\" srcset=\"https:\/\/blogsaverroes.juntadeandalucia.es\/ceipamgrazalema\/files\/2022\/04\/IMG_0817-225x300.jpg 225w, https:\/\/blogsaverroes.juntadeandalucia.es\/ceipamgrazalema\/files\/2022\/04\/IMG_0817-768x1024.jpg 768w, https:\/\/blogsaverroes.juntadeandalucia.es\/ceipamgrazalema\/files\/2022\/04\/IMG_0817-1152x1536.jpg 1152w, https:\/\/blogsaverroes.juntadeandalucia.es\/ceipamgrazalema\/files\/2022\/04\/IMG_0817-1536x2048.jpg 1536w, https:\/\/blogsaverroes.juntadeandalucia.es\/ceipamgrazalema\/files\/2022\/04\/IMG_0817-scaled.jpg 1200w\" sizes=\"(max-width: 342px) 100vw, 342px\" \/><\/p>\n","protected":false},"excerpt":{"rendered":"<p>Seguimos con la modernizaci\u00f3n y decoraci\u00f3n de nuestro centro y en esta ocasi\u00f3n en colaboraci\u00f3n con la coordinadora de nuestro proyecto \u00abEscuela Espacio de Paz\u00bb y como actividad programada dentro del mismo se ha&#46;&#46;&#46;<\/p>\n","protected":false},"author":10758,"featured_media":2555,"comment_status":"open","ping_status":"open","sticky":false,"template":"","format":"standard","meta":{"ngg_post_thumbnail":0,"footnotes":""},"categories":[526],"tags":[],"aioseo_notices":[],"_links":{"self":[{"href":"https:\/\/blogsaverroes.juntadeandalucia.es\/ceipamgrazalema\/wp-json\/wp\/v2\/posts\/2583"}],"collection":[{"href":"https:\/\/blogsaverroes.juntadeandalucia.es\/ceipamgrazalema\/wp-json\/wp\/v2\/posts"}],"about":[{"href":"https:\/\/blogsaverroes.juntadeandalucia.es\/ceipamgrazalema\/wp-json\/wp\/v2\/types\/post"}],"author":[{"embeddable":true,"href":"https:\/\/blogsaverroes.juntadeandalucia.es\/ceipamgrazalema\/wp-json\/wp\/v2\/users\/10758"}],"replies":[{"embeddable":true,"href":"https:\/\/blogsaverroes.juntadeandalucia.es\/ceipamgrazalema\/wp-json\/wp\/v2\/comments?post=2583"}],"version-history":[{"count":1,"href":"https:\/\/blogsaverroes.juntadeandalucia.es\/ceipamgrazalema\/wp-json\/wp\/v2\/posts\/2583\/revisions"}],"predecessor-version":[{"id":2585,"href":"https:\/\/blogsaverroes.juntadeandalucia.es\/ceipamgrazalema\/wp-json\/wp\/v2\/posts\/2583\/revisions\/2585"}],"wp:featuredmedia":[{"embeddable":true,"href":"https:\/\/blogsaverroes.juntadeandalucia.es\/ceipamgrazalema\/wp-json\/wp\/v2\/media\/2555"}],"wp:attachment":[{"href":"https:\/\/blogsaverroes.juntadeandalucia.es\/ceipamgrazalema\/wp-json\/wp\/v2\/media?parent=2583"}],"wp:term":[{"taxonomy":"category","embeddable":true,"href":"https:\/\/blogsaverroes.juntadeandalucia.es\/ceipamgrazalema\/wp-json\/wp\/v2\/categories?post=2583"},{"taxonomy":"post_tag","embeddable":true,"href":"https:\/\/blogsaverroes.juntadeandalucia.es\/ceipamgrazalema\/wp-json\/wp\/v2\/tags?post=2583"}],"curies":[{"name":"wp","href":"https:\/\/api.w.org\/{rel}","templated":true}]}}