{"id":2591,"date":"2022-04-24T16:52:39","date_gmt":"2022-04-24T16:52:39","guid":{"rendered":"https:\/\/blogsaverroes.juntadeandalucia.es\/ceipamgrazalema\/?p=2591"},"modified":"2022-04-24T16:52:39","modified_gmt":"2022-04-24T16:52:39","slug":"exposicion-semana-santa","status":"publish","type":"post","link":"https:\/\/blogsaverroes.juntadeandalucia.es\/ceipamgrazalema\/exposicion-semana-santa\/","title":{"rendered":"Exposici\u00f3n Semana Santa"},"content":{"rendered":"<p>Con motivo de la celebraci\u00f3n de la Semana Santa el alumnado de la asignatura de Religi\u00f3n elaboraron con la participaci\u00f3n y colaboraci\u00f3n de las familias diferentes pasos procesionales escenificando aquellas escenas religiosas que m\u00e1s llaman su atenci\u00f3n.<\/p>\n<p>Se ha realizado una bonita exposici\u00f3n en la entrada principal de nuestro centro con los excelentes trabajos aportados.<\/p>\n<p style=\"text-align: center\">\u00a1Muchas gracias a todos!<\/p>\n<p>&nbsp;<\/p>\n<p><img loading=\"lazy\" decoding=\"async\" class=\"alignnone size-medium wp-image-2592\" src=\"https:\/\/blogsaverroes.juntadeandalucia.es\/ceipamgrazalema\/files\/2022\/04\/IMG_0894-300x225.jpg\" alt=\"\" width=\"300\" height=\"225\" srcset=\"https:\/\/blogsaverroes.juntadeandalucia.es\/ceipamgrazalema\/files\/2022\/04\/IMG_0894-300x225.jpg 300w, https:\/\/blogsaverroes.juntadeandalucia.es\/ceipamgrazalema\/files\/2022\/04\/IMG_0894-1024x768.jpg 1024w, https:\/\/blogsaverroes.juntadeandalucia.es\/ceipamgrazalema\/files\/2022\/04\/IMG_0894-768x576.jpg 768w, https:\/\/blogsaverroes.juntadeandalucia.es\/ceipamgrazalema\/files\/2022\/04\/IMG_0894-1536x1152.jpg 1536w, https:\/\/blogsaverroes.juntadeandalucia.es\/ceipamgrazalema\/files\/2022\/04\/IMG_0894-2048x1536.jpg 2048w, https:\/\/blogsaverroes.juntadeandalucia.es\/ceipamgrazalema\/files\/2022\/04\/IMG_0894-scaled.jpg 1600w\" sizes=\"(max-width: 300px) 100vw, 300px\" \/> <img loading=\"lazy\" decoding=\"async\" class=\"alignnone size-medium wp-image-2593\" src=\"https:\/\/blogsaverroes.juntadeandalucia.es\/ceipamgrazalema\/files\/2022\/04\/IMG_0895-300x225.jpg\" alt=\"\" width=\"300\" height=\"225\" srcset=\"https:\/\/blogsaverroes.juntadeandalucia.es\/ceipamgrazalema\/files\/2022\/04\/IMG_0895-300x225.jpg 300w, https:\/\/blogsaverroes.juntadeandalucia.es\/ceipamgrazalema\/files\/2022\/04\/IMG_0895-1024x768.jpg 1024w, https:\/\/blogsaverroes.juntadeandalucia.es\/ceipamgrazalema\/files\/2022\/04\/IMG_0895-768x576.jpg 768w, https:\/\/blogsaverroes.juntadeandalucia.es\/ceipamgrazalema\/files\/2022\/04\/IMG_0895-1536x1152.jpg 1536w, https:\/\/blogsaverroes.juntadeandalucia.es\/ceipamgrazalema\/files\/2022\/04\/IMG_0895-2048x1536.jpg 2048w, https:\/\/blogsaverroes.juntadeandalucia.es\/ceipamgrazalema\/files\/2022\/04\/IMG_0895-scaled.jpg 1600w\" sizes=\"(max-width: 300px) 100vw, 300px\" \/> <img loading=\"lazy\" decoding=\"async\" class=\"size-medium wp-image-2594 aligncenter\" src=\"https:\/\/blogsaverroes.juntadeandalucia.es\/ceipamgrazalema\/files\/2022\/04\/IMG_0896-300x225.jpg\" alt=\"\" width=\"300\" height=\"225\" srcset=\"https:\/\/blogsaverroes.juntadeandalucia.es\/ceipamgrazalema\/files\/2022\/04\/IMG_0896-300x225.jpg 300w, https:\/\/blogsaverroes.juntadeandalucia.es\/ceipamgrazalema\/files\/2022\/04\/IMG_0896-1024x768.jpg 1024w, https:\/\/blogsaverroes.juntadeandalucia.es\/ceipamgrazalema\/files\/2022\/04\/IMG_0896-768x576.jpg 768w, https:\/\/blogsaverroes.juntadeandalucia.es\/ceipamgrazalema\/files\/2022\/04\/IMG_0896-1536x1152.jpg 1536w, https:\/\/blogsaverroes.juntadeandalucia.es\/ceipamgrazalema\/files\/2022\/04\/IMG_0896-2048x1536.jpg 2048w, https:\/\/blogsaverroes.juntadeandalucia.es\/ceipamgrazalema\/files\/2022\/04\/IMG_0896-scaled.jpg 1600w\" sizes=\"(max-width: 300px) 100vw, 300px\" \/><\/p>\n","protected":false},"excerpt":{"rendered":"<p>Con motivo de la celebraci\u00f3n de la Semana Santa el alumnado de la asignatura de Religi\u00f3n elaboraron con la participaci\u00f3n y colaboraci\u00f3n de las familias diferentes pasos procesionales escenificando aquellas escenas religiosas que m\u00e1s&#46;&#46;&#46;<\/p>\n","protected":false},"author":10758,"featured_media":2595,"comment_status":"open","ping_status":"open","sticky":false,"template":"","format":"standard","meta":{"ngg_post_thumbnail":0,"footnotes":""},"categories":[526],"tags":[],"aioseo_notices":[],"_links":{"self":[{"href":"https:\/\/blogsaverroes.juntadeandalucia.es\/ceipamgrazalema\/wp-json\/wp\/v2\/posts\/2591"}],"collection":[{"href":"https:\/\/blogsaverroes.juntadeandalucia.es\/ceipamgrazalema\/wp-json\/wp\/v2\/posts"}],"about":[{"href":"https:\/\/blogsaverroes.juntadeandalucia.es\/ceipamgrazalema\/wp-json\/wp\/v2\/types\/post"}],"author":[{"embeddable":true,"href":"https:\/\/blogsaverroes.juntadeandalucia.es\/ceipamgrazalema\/wp-json\/wp\/v2\/users\/10758"}],"replies":[{"embeddable":true,"href":"https:\/\/blogsaverroes.juntadeandalucia.es\/ceipamgrazalema\/wp-json\/wp\/v2\/comments?post=2591"}],"version-history":[{"count":1,"href":"https:\/\/blogsaverroes.juntadeandalucia.es\/ceipamgrazalema\/wp-json\/wp\/v2\/posts\/2591\/revisions"}],"predecessor-version":[{"id":2596,"href":"https:\/\/blogsaverroes.juntadeandalucia.es\/ceipamgrazalema\/wp-json\/wp\/v2\/posts\/2591\/revisions\/2596"}],"wp:featuredmedia":[{"embeddable":true,"href":"https:\/\/blogsaverroes.juntadeandalucia.es\/ceipamgrazalema\/wp-json\/wp\/v2\/media\/2595"}],"wp:attachment":[{"href":"https:\/\/blogsaverroes.juntadeandalucia.es\/ceipamgrazalema\/wp-json\/wp\/v2\/media?parent=2591"}],"wp:term":[{"taxonomy":"category","embeddable":true,"href":"https:\/\/blogsaverroes.juntadeandalucia.es\/ceipamgrazalema\/wp-json\/wp\/v2\/categories?post=2591"},{"taxonomy":"post_tag","embeddable":true,"href":"https:\/\/blogsaverroes.juntadeandalucia.es\/ceipamgrazalema\/wp-json\/wp\/v2\/tags?post=2591"}],"curies":[{"name":"wp","href":"https:\/\/api.w.org\/{rel}","templated":true}]}}