{"id":2917,"date":"2025-12-05T12:30:00","date_gmt":"2025-12-05T12:30:00","guid":{"rendered":"https:\/\/blogsaverroes.juntadeandalucia.es\/ceipamgrazalema\/?p=2917"},"modified":"2025-12-05T12:30:00","modified_gmt":"2025-12-05T12:30:00","slug":"dia-discapacidad","status":"publish","type":"post","link":"https:\/\/blogsaverroes.juntadeandalucia.es\/ceipamgrazalema\/dia-discapacidad\/","title":{"rendered":"D\u00cdA DISCAPACIDAD"},"content":{"rendered":"<p>El mes de diciembre siempre es una contrarreloj para terminar el trimestre y adem\u00e1s viene cargado de efem\u00e9rides que tambi\u00e9n se reflejan en clase en mayor o menor medida.<\/p>\n<p>El pasado d\u00eda 3 de diciembre se conmemor\u00f3 el D\u00eda Internacional de las Personas con Discapacidad.<\/p>\n<p>Como actividades entre los distintos cursos tenemos la presentaci\u00f3n de la Lengua de Signos, visualizaci\u00f3n y reflexi\u00f3n de v\u00eddeos para sensibilizar ante algunas de las discapacidades, etc.&nbsp;<\/p>\n<p>Os dejamos algunas im\u00e1genes e informaci\u00f3n sobre este d\u00eda.<\/p>\n<p><a href=\"https:\/\/drive.google.com\/file\/d\/1HqOXOJCFCtb2PSQSpm0Ep20y78Rm2Kmr\/view?usp=drive_link\">https:\/\/drive.google.com\/file\/d\/1HqOXOJCFCtb2PSQSpm0Ep20y78Rm2Kmr\/view?usp=drive_link<\/a><\/p>\n<p>&nbsp;<\/p>\n<p><img loading=\"lazy\" decoding=\"async\" class=\"aligncenter size-medium wp-image-2918\" src=\"https:\/\/blogsaverroes.juntadeandalucia.es\/ceipamgrazalema\/files\/2025\/12\/WhatsApp-Image-2025-12-04-at-20.27.56-225x300.jpeg\" alt=\"\" width=\"225\" height=\"300\" srcset=\"https:\/\/blogsaverroes.juntadeandalucia.es\/ceipamgrazalema\/files\/2025\/12\/WhatsApp-Image-2025-12-04-at-20.27.56-225x300.jpeg 225w, https:\/\/blogsaverroes.juntadeandalucia.es\/ceipamgrazalema\/files\/2025\/12\/WhatsApp-Image-2025-12-04-at-20.27.56-768x1024.jpeg 768w, https:\/\/blogsaverroes.juntadeandalucia.es\/ceipamgrazalema\/files\/2025\/12\/WhatsApp-Image-2025-12-04-at-20.27.56-1152x1536.jpeg 1152w, https:\/\/blogsaverroes.juntadeandalucia.es\/ceipamgrazalema\/files\/2025\/12\/WhatsApp-Image-2025-12-04-at-20.27.56.jpeg 1200w\" sizes=\"(max-width: 225px) 100vw, 225px\" \/><\/p>\n<p><img loading=\"lazy\" decoding=\"async\" class=\"aligncenter size-medium wp-image-2919\" src=\"https:\/\/blogsaverroes.juntadeandalucia.es\/ceipamgrazalema\/files\/2025\/12\/WhatsApp-Image-2025-12-03-at-10.33.19-300x225.jpeg\" alt=\"\" width=\"300\" height=\"225\" srcset=\"https:\/\/blogsaverroes.juntadeandalucia.es\/ceipamgrazalema\/files\/2025\/12\/WhatsApp-Image-2025-12-03-at-10.33.19-300x225.jpeg 300w, https:\/\/blogsaverroes.juntadeandalucia.es\/ceipamgrazalema\/files\/2025\/12\/WhatsApp-Image-2025-12-03-at-10.33.19-1024x768.jpeg 1024w, https:\/\/blogsaverroes.juntadeandalucia.es\/ceipamgrazalema\/files\/2025\/12\/WhatsApp-Image-2025-12-03-at-10.33.19-768x576.jpeg 768w, https:\/\/blogsaverroes.juntadeandalucia.es\/ceipamgrazalema\/files\/2025\/12\/WhatsApp-Image-2025-12-03-at-10.33.19-1536x1152.jpeg 1536w, https:\/\/blogsaverroes.juntadeandalucia.es\/ceipamgrazalema\/files\/2025\/12\/WhatsApp-Image-2025-12-03-at-10.33.19.jpeg 1600w\" sizes=\"(max-width: 300px) 100vw, 300px\" \/><\/p>\n<p>&nbsp;<\/p>\n<p>&nbsp;<\/p>\n<div style=\"width: 478px;\" class=\"wp-video\"><!--[if lt IE 9]><script>document.createElement('video');<\/script><![endif]-->\n<video class=\"wp-video-shortcode\" id=\"video-2917-1\" width=\"478\" height=\"850\" preload=\"metadata\" controls=\"controls\"><source type=\"video\/mp4\" src=\"https:\/\/blogsaverroes.juntadeandalucia.es\/ceipamgrazalema\/files\/2025\/12\/WhatsApp-Video-2025-12-03-at-10.33.18.mp4?_=1\" \/><a href=\"https:\/\/blogsaverroes.juntadeandalucia.es\/ceipamgrazalema\/files\/2025\/12\/WhatsApp-Video-2025-12-03-at-10.33.18.mp4\">https:\/\/blogsaverroes.juntadeandalucia.es\/ceipamgrazalema\/files\/2025\/12\/WhatsApp-Video-2025-12-03-at-10.33.18.mp4<\/a><\/video><\/div>\n<p>&nbsp;<\/p>\n<p>&nbsp;<\/p>\n<p>&nbsp;<\/p>\n<p><a href=\"https:\/\/www.juntadeandalucia.es\/organismos\/inclusionsocialjuventudfamiliaseigualdad\/discapacidad\/informacion\/paginas\/dia-discapacidad.html\">https:\/\/www.juntadeandalucia.es\/organismos\/inclusionsocialjuventudfamiliaseigualdad\/discapacidad\/informacion\/paginas\/dia-discapacidad.html<\/a><\/p>\n<p>&nbsp;<\/p>\n<p>&nbsp;<\/p>\n","protected":false},"excerpt":{"rendered":"<p>El mes de diciembre siempre es una contrarreloj para terminar el trimestre y adem\u00e1s viene cargado de efem\u00e9rides que tambi\u00e9n se reflejan en clase en mayor o menor medida. El pasado d\u00eda 3 de&#46;&#46;&#46;<\/p>\n","protected":false},"author":10758,"featured_media":2918,"comment_status":"open","ping_status":"open","sticky":false,"template":"","format":"standard","meta":{"ngg_post_thumbnail":0,"footnotes":""},"categories":[5991,784,2351663,2351670,307438,2351667],"tags":[],"aioseo_notices":[],"_links":{"self":[{"href":"https:\/\/blogsaverroes.juntadeandalucia.es\/ceipamgrazalema\/wp-json\/wp\/v2\/posts\/2917"}],"collection":[{"href":"https:\/\/blogsaverroes.juntadeandalucia.es\/ceipamgrazalema\/wp-json\/wp\/v2\/posts"}],"about":[{"href":"https:\/\/blogsaverroes.juntadeandalucia.es\/ceipamgrazalema\/wp-json\/wp\/v2\/types\/post"}],"author":[{"embeddable":true,"href":"https:\/\/blogsaverroes.juntadeandalucia.es\/ceipamgrazalema\/wp-json\/wp\/v2\/users\/10758"}],"replies":[{"embeddable":true,"href":"https:\/\/blogsaverroes.juntadeandalucia.es\/ceipamgrazalema\/wp-json\/wp\/v2\/comments?post=2917"}],"version-history":[{"count":2,"href":"https:\/\/blogsaverroes.juntadeandalucia.es\/ceipamgrazalema\/wp-json\/wp\/v2\/posts\/2917\/revisions"}],"predecessor-version":[{"id":2936,"href":"https:\/\/blogsaverroes.juntadeandalucia.es\/ceipamgrazalema\/wp-json\/wp\/v2\/posts\/2917\/revisions\/2936"}],"wp:featuredmedia":[{"embeddable":true,"href":"https:\/\/blogsaverroes.juntadeandalucia.es\/ceipamgrazalema\/wp-json\/wp\/v2\/media\/2918"}],"wp:attachment":[{"href":"https:\/\/blogsaverroes.juntadeandalucia.es\/ceipamgrazalema\/wp-json\/wp\/v2\/media?parent=2917"}],"wp:term":[{"taxonomy":"category","embeddable":true,"href":"https:\/\/blogsaverroes.juntadeandalucia.es\/ceipamgrazalema\/wp-json\/wp\/v2\/categories?post=2917"},{"taxonomy":"post_tag","embeddable":true,"href":"https:\/\/blogsaverroes.juntadeandalucia.es\/ceipamgrazalema\/wp-json\/wp\/v2\/tags?post=2917"}],"curies":[{"name":"wp","href":"https:\/\/api.w.org\/{rel}","templated":true}]}}