{"id":1142,"date":"2025-12-04T14:10:20","date_gmt":"2025-12-04T13:10:20","guid":{"rendered":"https:\/\/blogsaverroes.juntadeandalucia.es\/ceipandaluciacanada\/?p=1142"},"modified":"2025-12-04T14:10:20","modified_gmt":"2025-12-04T13:10:20","slug":"dia-de-la-diversidad-funcional","status":"publish","type":"post","link":"https:\/\/blogsaverroes.juntadeandalucia.es\/ceipandaluciacanada\/dia-de-la-diversidad-funcional\/","title":{"rendered":"D\u00eda de la Diversidad Funcional"},"content":{"rendered":"<p><span class=\"ILfuVd\" lang=\"es\"><span class=\"hgKElc pOOWX\">Cada <strong><span style=\"color: #ff6600\">3 de diciembre<\/span><\/strong> se celebra el<span style=\"color: #ff6600\"><strong> D\u00eda Internacional de la Diversidad Funcional<\/strong><\/span>, esa que nos ense\u00f1a que <span style=\"color: #0000ff\"><b>cada persona aporta algo \u00fanico y valioso <\/b><\/span>a nuestra sociedad, sea cual sea su condici\u00f3n. <\/span><\/span><span class=\"ILfuVd\" lang=\"es\"><span class=\"hgKElc pOOWX\">No se trata solo de <strong><span style=\"color: #ff00ff\">superar limitaciones<\/span><\/strong>, sino de <strong><span style=\"color: #008000\">reconocer y valorar las capacidades de todas las personas.<\/span><\/strong><\/span><\/span><\/p>\n<div style=\"width: 848px;\" class=\"wp-video\"><!--[if lt IE 9]><script>document.createElement('video');<\/script><![endif]-->\n<video class=\"wp-video-shortcode\" id=\"video-1142-1\" width=\"848\" height=\"480\" preload=\"metadata\" controls=\"controls\"><source type=\"video\/mp4\" src=\"https:\/\/blogsaverroes.juntadeandalucia.es\/ceipandaluciacanada\/files\/2025\/12\/WhatsApp-Video-2025-12-03-at-20.36.47.mp4?_=1\" \/><a href=\"https:\/\/blogsaverroes.juntadeandalucia.es\/ceipandaluciacanada\/files\/2025\/12\/WhatsApp-Video-2025-12-03-at-20.36.47.mp4\">https:\/\/blogsaverroes.juntadeandalucia.es\/ceipandaluciacanada\/files\/2025\/12\/WhatsApp-Video-2025-12-03-at-20.36.47.mp4<\/a><\/video><\/div>\n","protected":false},"excerpt":{"rendered":"<p>Cada 3 de diciembre se celebra el D\u00eda Internacional de la Diversidad Funcional, esa que nos ense\u00f1a que cada persona aporta algo \u00fanico y valioso a nuestra sociedad, sea cual sea su condici\u00f3n. No&#46;&#46;&#46;<\/p>\n","protected":false},"author":19532,"featured_media":1143,"comment_status":"open","ping_status":"open","sticky":false,"template":"","format":"image","meta":{"ngg_post_thumbnail":0,"footnotes":""},"categories":[11968],"tags":[],"aioseo_notices":[],"_links":{"self":[{"href":"https:\/\/blogsaverroes.juntadeandalucia.es\/ceipandaluciacanada\/wp-json\/wp\/v2\/posts\/1142"}],"collection":[{"href":"https:\/\/blogsaverroes.juntadeandalucia.es\/ceipandaluciacanada\/wp-json\/wp\/v2\/posts"}],"about":[{"href":"https:\/\/blogsaverroes.juntadeandalucia.es\/ceipandaluciacanada\/wp-json\/wp\/v2\/types\/post"}],"author":[{"embeddable":true,"href":"https:\/\/blogsaverroes.juntadeandalucia.es\/ceipandaluciacanada\/wp-json\/wp\/v2\/users\/19532"}],"replies":[{"embeddable":true,"href":"https:\/\/blogsaverroes.juntadeandalucia.es\/ceipandaluciacanada\/wp-json\/wp\/v2\/comments?post=1142"}],"version-history":[{"count":3,"href":"https:\/\/blogsaverroes.juntadeandalucia.es\/ceipandaluciacanada\/wp-json\/wp\/v2\/posts\/1142\/revisions"}],"predecessor-version":[{"id":1147,"href":"https:\/\/blogsaverroes.juntadeandalucia.es\/ceipandaluciacanada\/wp-json\/wp\/v2\/posts\/1142\/revisions\/1147"}],"wp:featuredmedia":[{"embeddable":true,"href":"https:\/\/blogsaverroes.juntadeandalucia.es\/ceipandaluciacanada\/wp-json\/wp\/v2\/media\/1143"}],"wp:attachment":[{"href":"https:\/\/blogsaverroes.juntadeandalucia.es\/ceipandaluciacanada\/wp-json\/wp\/v2\/media?parent=1142"}],"wp:term":[{"taxonomy":"category","embeddable":true,"href":"https:\/\/blogsaverroes.juntadeandalucia.es\/ceipandaluciacanada\/wp-json\/wp\/v2\/categories?post=1142"},{"taxonomy":"post_tag","embeddable":true,"href":"https:\/\/blogsaverroes.juntadeandalucia.es\/ceipandaluciacanada\/wp-json\/wp\/v2\/tags?post=1142"}],"curies":[{"name":"wp","href":"https:\/\/api.w.org\/{rel}","templated":true}]}}