{"id":691,"date":"2024-11-08T13:58:26","date_gmt":"2024-11-08T12:58:26","guid":{"rendered":"https:\/\/blogsaverroes.juntadeandalucia.es\/ceipandaluciacanada\/?p=691"},"modified":"2024-11-13T13:53:19","modified_gmt":"2024-11-13T12:53:19","slug":"presentacion-claustro","status":"publish","type":"post","link":"https:\/\/blogsaverroes.juntadeandalucia.es\/ceipandaluciacanada\/presentacion-claustro\/","title":{"rendered":"Presentaci\u00f3n Claustro"},"content":{"rendered":"<h2><span style=\"color: #008000\">Presentaci\u00f3n Curso 24-25<\/span><\/h2>\n<p>Presentaci\u00f3n del nuevo equipo personal, en su gran mayor\u00eda compuesto por maestros y maestras que contin\u00faan su labor en el centro y algunos\/as de nueva incorporaci\u00f3n.<\/p>\n<p><a href=\"https:\/\/blogsaverroes.juntadeandalucia.es\/ceipandaluciacanada\/files\/2024\/11\/PHOTO-2024-11-08-13-43-206.jpg\"><img loading=\"lazy\" decoding=\"async\" class=\"aligncenter size-full wp-image-698\" src=\"https:\/\/blogsaverroes.juntadeandalucia.es\/ceipandaluciacanada\/files\/2024\/11\/PHOTO-2024-11-08-13-43-206.jpg\" alt=\"\" width=\"1600\" height=\"1200\" srcset=\"https:\/\/blogsaverroes.juntadeandalucia.es\/ceipandaluciacanada\/files\/2024\/11\/PHOTO-2024-11-08-13-43-206.jpg 1600w, https:\/\/blogsaverroes.juntadeandalucia.es\/ceipandaluciacanada\/files\/2024\/11\/PHOTO-2024-11-08-13-43-206-300x225.jpg 300w, https:\/\/blogsaverroes.juntadeandalucia.es\/ceipandaluciacanada\/files\/2024\/11\/PHOTO-2024-11-08-13-43-206-1024x768.jpg 1024w, https:\/\/blogsaverroes.juntadeandalucia.es\/ceipandaluciacanada\/files\/2024\/11\/PHOTO-2024-11-08-13-43-206-768x576.jpg 768w, https:\/\/blogsaverroes.juntadeandalucia.es\/ceipandaluciacanada\/files\/2024\/11\/PHOTO-2024-11-08-13-43-206-1536x1152.jpg 1536w\" sizes=\"(max-width: 1600px) 100vw, 1600px\" \/><\/a><\/p>\n<p><span style=\"color: #000000\">Comenzamos el curso 24-25 con muchas ilusiones y proyectos.<\/span><\/p>\n<p>\u00a1Esperamos tener un curso cargado de buenas experiencias compartidas en comunidad!<\/p>\n<p>&nbsp;<\/p>\n<p>&nbsp;<\/p>\n","protected":false},"excerpt":{"rendered":"<p>Presentaci\u00f3n Curso 24-25 Presentaci\u00f3n del nuevo equipo personal, en su gran mayor\u00eda compuesto por maestros y maestras que contin\u00faan su labor en el centro y algunos\/as de nueva incorporaci\u00f3n. Comenzamos el curso 24-25 con&#46;&#46;&#46;<\/p>\n","protected":false},"author":2968,"featured_media":698,"comment_status":"open","ping_status":"open","sticky":false,"template":"","format":"standard","meta":{"ngg_post_thumbnail":0,"footnotes":""},"categories":[11968],"tags":[],"aioseo_notices":[],"_links":{"self":[{"href":"https:\/\/blogsaverroes.juntadeandalucia.es\/ceipandaluciacanada\/wp-json\/wp\/v2\/posts\/691"}],"collection":[{"href":"https:\/\/blogsaverroes.juntadeandalucia.es\/ceipandaluciacanada\/wp-json\/wp\/v2\/posts"}],"about":[{"href":"https:\/\/blogsaverroes.juntadeandalucia.es\/ceipandaluciacanada\/wp-json\/wp\/v2\/types\/post"}],"author":[{"embeddable":true,"href":"https:\/\/blogsaverroes.juntadeandalucia.es\/ceipandaluciacanada\/wp-json\/wp\/v2\/users\/2968"}],"replies":[{"embeddable":true,"href":"https:\/\/blogsaverroes.juntadeandalucia.es\/ceipandaluciacanada\/wp-json\/wp\/v2\/comments?post=691"}],"version-history":[{"count":2,"href":"https:\/\/blogsaverroes.juntadeandalucia.es\/ceipandaluciacanada\/wp-json\/wp\/v2\/posts\/691\/revisions"}],"predecessor-version":[{"id":700,"href":"https:\/\/blogsaverroes.juntadeandalucia.es\/ceipandaluciacanada\/wp-json\/wp\/v2\/posts\/691\/revisions\/700"}],"wp:featuredmedia":[{"embeddable":true,"href":"https:\/\/blogsaverroes.juntadeandalucia.es\/ceipandaluciacanada\/wp-json\/wp\/v2\/media\/698"}],"wp:attachment":[{"href":"https:\/\/blogsaverroes.juntadeandalucia.es\/ceipandaluciacanada\/wp-json\/wp\/v2\/media?parent=691"}],"wp:term":[{"taxonomy":"category","embeddable":true,"href":"https:\/\/blogsaverroes.juntadeandalucia.es\/ceipandaluciacanada\/wp-json\/wp\/v2\/categories?post=691"},{"taxonomy":"post_tag","embeddable":true,"href":"https:\/\/blogsaverroes.juntadeandalucia.es\/ceipandaluciacanada\/wp-json\/wp\/v2\/tags?post=691"}],"curies":[{"name":"wp","href":"https:\/\/api.w.org\/{rel}","templated":true}]}}