{"id":869,"date":"2025-04-22T10:40:09","date_gmt":"2025-04-22T08:40:09","guid":{"rendered":"https:\/\/blogsaverroes.juntadeandalucia.es\/ceipandaluciacanada\/?p=869"},"modified":"2025-04-22T10:40:09","modified_gmt":"2025-04-22T08:40:09","slug":"recaudacion-de-la-carrera-solidaria","status":"publish","type":"post","link":"https:\/\/blogsaverroes.juntadeandalucia.es\/ceipandaluciacanada\/recaudacion-de-la-carrera-solidaria\/","title":{"rendered":"Recaudaci\u00f3n de la Carrera Solidaria"},"content":{"rendered":"<p>En la carrera solidaria \u00ab<strong><span style=\"color: #ff0000\">Kil\u00f3metros de Solidaridad\u00bb<\/span><\/strong> que organiz\u00f3 el colegio, con la colaboraci\u00f3n de la ONG \u00abSave the Children\u00bb, se lleg\u00f3 a recaudar <span style=\"color: #ff0000\"><strong>1072,65 euros<\/strong> <\/span>destinados a <span style=\"color: #ff0000\"><strong>ayudar a los damnificados por la Dana de Valencia.<\/strong><\/span><\/p>\n<p><span style=\"color: #333333\"><a href=\"https:\/\/blogsaverroes.juntadeandalucia.es\/ceipandaluciacanada\/files\/2025\/04\/Carrera-Solidaria.mov\">V\u00eddeo<\/a><\/span><\/p>\n<p><span style=\"color: #333333\">Este acto demuestra el poder de la solidaridad en nuestra comunidad educativa y el compromiso de todos.<\/span><\/p>\n<p>La donaci\u00f3n se realiz\u00f3 a trav\u00e9s de la Oficina La Caixa de Ca\u00f1ada Rosal, donde acudi\u00f3 personalmente alumnado representativo del centro.<\/p>\n<p>Agradecimiento al Ayuntamiento, polic\u00eda, alumnado y familias por su colaboraci\u00f3n y compromiso constante.<\/p>\n<p>&nbsp;<\/p>\n","protected":false},"excerpt":{"rendered":"<p>En la carrera solidaria \u00abKil\u00f3metros de Solidaridad\u00bb que organiz\u00f3 el colegio, con la colaboraci\u00f3n de la ONG \u00abSave the Children\u00bb, se lleg\u00f3 a recaudar 1072,65 euros destinados a ayudar a los damnificados por la&#46;&#46;&#46;<\/p>\n","protected":false},"author":19532,"featured_media":926,"comment_status":"open","ping_status":"open","sticky":false,"template":"","format":"gallery","meta":{"ngg_post_thumbnail":0,"footnotes":""},"categories":[11968],"tags":[],"aioseo_notices":[],"_links":{"self":[{"href":"https:\/\/blogsaverroes.juntadeandalucia.es\/ceipandaluciacanada\/wp-json\/wp\/v2\/posts\/869"}],"collection":[{"href":"https:\/\/blogsaverroes.juntadeandalucia.es\/ceipandaluciacanada\/wp-json\/wp\/v2\/posts"}],"about":[{"href":"https:\/\/blogsaverroes.juntadeandalucia.es\/ceipandaluciacanada\/wp-json\/wp\/v2\/types\/post"}],"author":[{"embeddable":true,"href":"https:\/\/blogsaverroes.juntadeandalucia.es\/ceipandaluciacanada\/wp-json\/wp\/v2\/users\/19532"}],"replies":[{"embeddable":true,"href":"https:\/\/blogsaverroes.juntadeandalucia.es\/ceipandaluciacanada\/wp-json\/wp\/v2\/comments?post=869"}],"version-history":[{"count":31,"href":"https:\/\/blogsaverroes.juntadeandalucia.es\/ceipandaluciacanada\/wp-json\/wp\/v2\/posts\/869\/revisions"}],"predecessor-version":[{"id":941,"href":"https:\/\/blogsaverroes.juntadeandalucia.es\/ceipandaluciacanada\/wp-json\/wp\/v2\/posts\/869\/revisions\/941"}],"wp:featuredmedia":[{"embeddable":true,"href":"https:\/\/blogsaverroes.juntadeandalucia.es\/ceipandaluciacanada\/wp-json\/wp\/v2\/media\/926"}],"wp:attachment":[{"href":"https:\/\/blogsaverroes.juntadeandalucia.es\/ceipandaluciacanada\/wp-json\/wp\/v2\/media?parent=869"}],"wp:term":[{"taxonomy":"category","embeddable":true,"href":"https:\/\/blogsaverroes.juntadeandalucia.es\/ceipandaluciacanada\/wp-json\/wp\/v2\/categories?post=869"},{"taxonomy":"post_tag","embeddable":true,"href":"https:\/\/blogsaverroes.juntadeandalucia.es\/ceipandaluciacanada\/wp-json\/wp\/v2\/tags?post=869"}],"curies":[{"name":"wp","href":"https:\/\/api.w.org\/{rel}","templated":true}]}}