{"id":2739,"date":"2022-03-02T09:01:05","date_gmt":"2022-03-02T09:01:05","guid":{"rendered":"https:\/\/blogsaverroes.juntadeandalucia.es\/ceipandaluciaposadas\/?p=2739"},"modified":"2022-03-02T09:01:05","modified_gmt":"2022-03-02T09:01:05","slug":"dia-de-andalucia","status":"publish","type":"post","link":"https:\/\/blogsaverroes.juntadeandalucia.es\/ceipandaluciaposadas\/dia-de-andalucia\/","title":{"rendered":"D\u00eda de Andalucia"},"content":{"rendered":"<p>Los alumno de primero nos regalan este v\u00eddeo donde nos muestran de que manera han celebrado el D\u00eda de Andaluc\u00eda<\/p>\n<p style=\"text-align: center\"><a href=\"https:\/\/youtu.be\/LLa1PAYGcNw\"><img loading=\"lazy\" decoding=\"async\" class=\"alignnone size-medium wp-image-2741\" src=\"https:\/\/blogsaverroes.juntadeandalucia.es\/ceipandaluciaposadas\/files\/2022\/03\/500688E7-303D-41C3-933F-27CBE2A5CC73-300x187.jpeg\" alt=\"\" width=\"300\" height=\"187\" srcset=\"https:\/\/blogsaverroes.juntadeandalucia.es\/ceipandaluciaposadas\/files\/2022\/03\/500688E7-303D-41C3-933F-27CBE2A5CC73-300x187.jpeg 300w, https:\/\/blogsaverroes.juntadeandalucia.es\/ceipandaluciaposadas\/files\/2022\/03\/500688E7-303D-41C3-933F-27CBE2A5CC73.jpeg 613w\" sizes=\"(max-width: 300px) 100vw, 300px\" \/><\/a><\/p>\n","protected":false},"excerpt":{"rendered":"<p>Los alumno de primero nos regalan este v\u00eddeo donde nos muestran de que manera han celebrado el D\u00eda de Andaluc\u00eda<\/p>\n","protected":false},"author":1964,"featured_media":2741,"comment_status":"open","ping_status":"open","sticky":false,"template":"","format":"standard","meta":{"ngg_post_thumbnail":0,"footnotes":""},"categories":[11909],"tags":[],"aioseo_notices":[],"_links":{"self":[{"href":"https:\/\/blogsaverroes.juntadeandalucia.es\/ceipandaluciaposadas\/wp-json\/wp\/v2\/posts\/2739"}],"collection":[{"href":"https:\/\/blogsaverroes.juntadeandalucia.es\/ceipandaluciaposadas\/wp-json\/wp\/v2\/posts"}],"about":[{"href":"https:\/\/blogsaverroes.juntadeandalucia.es\/ceipandaluciaposadas\/wp-json\/wp\/v2\/types\/post"}],"author":[{"embeddable":true,"href":"https:\/\/blogsaverroes.juntadeandalucia.es\/ceipandaluciaposadas\/wp-json\/wp\/v2\/users\/1964"}],"replies":[{"embeddable":true,"href":"https:\/\/blogsaverroes.juntadeandalucia.es\/ceipandaluciaposadas\/wp-json\/wp\/v2\/comments?post=2739"}],"version-history":[{"count":2,"href":"https:\/\/blogsaverroes.juntadeandalucia.es\/ceipandaluciaposadas\/wp-json\/wp\/v2\/posts\/2739\/revisions"}],"predecessor-version":[{"id":2743,"href":"https:\/\/blogsaverroes.juntadeandalucia.es\/ceipandaluciaposadas\/wp-json\/wp\/v2\/posts\/2739\/revisions\/2743"}],"wp:featuredmedia":[{"embeddable":true,"href":"https:\/\/blogsaverroes.juntadeandalucia.es\/ceipandaluciaposadas\/wp-json\/wp\/v2\/media\/2741"}],"wp:attachment":[{"href":"https:\/\/blogsaverroes.juntadeandalucia.es\/ceipandaluciaposadas\/wp-json\/wp\/v2\/media?parent=2739"}],"wp:term":[{"taxonomy":"category","embeddable":true,"href":"https:\/\/blogsaverroes.juntadeandalucia.es\/ceipandaluciaposadas\/wp-json\/wp\/v2\/categories?post=2739"},{"taxonomy":"post_tag","embeddable":true,"href":"https:\/\/blogsaverroes.juntadeandalucia.es\/ceipandaluciaposadas\/wp-json\/wp\/v2\/tags?post=2739"}],"curies":[{"name":"wp","href":"https:\/\/api.w.org\/{rel}","templated":true}]}}