{"id":3164,"date":"2023-09-29T08:43:13","date_gmt":"2023-09-29T08:43:13","guid":{"rendered":"https:\/\/blogsaverroes.juntadeandalucia.es\/ceipandaluciaposadas\/?p=3164"},"modified":"2023-09-29T08:43:13","modified_gmt":"2023-09-29T08:43:13","slug":"dia-europeo-de-las-lenguas","status":"publish","type":"post","link":"https:\/\/blogsaverroes.juntadeandalucia.es\/ceipandaluciaposadas\/dia-europeo-de-las-lenguas\/","title":{"rendered":"D\u00eda Europeo de las Lenguas"},"content":{"rendered":"<p>Como cada 26 de septiembre, los alumnos del cole han celebrado el D\u00eda Europeo de las Lenguas. Bajo el lema, cada idioma es una llave que nos abre muchas puertas, los ni\u00f1os de Infantil han coloreado una llave de los pa\u00edses cuyas lenguas hablamos en el cole: Espa\u00f1ol, Ingl\u00e9s y Franc\u00e9s. Los alumnos de Primaria, han reflexionado sobre la importancia de hablar varios idiomas, y han expresado sus ideas en las tres lenguas. Finalmente, se ha creado una llave por ciclo recogiendo todas sus aportaciones.<br \/>\nESPERAMOS QUE OS GUSTE ESTE MURAL COLABORATIVO!!!<\/p>\n<p><a href=\"https:\/\/blogsaverroes.juntadeandalucia.es\/ceipandaluciaposadas\/files\/2023\/09\/WhatsApp-Image-2023-09-29-at-10.25.22.jpeg\"><img loading=\"lazy\" decoding=\"async\" class=\"alignnone size-medium wp-image-3165\" src=\"https:\/\/blogsaverroes.juntadeandalucia.es\/ceipandaluciaposadas\/files\/2023\/09\/WhatsApp-Image-2023-09-29-at-10.25.22-300x225.jpeg\" alt=\"\" width=\"300\" height=\"225\" srcset=\"https:\/\/blogsaverroes.juntadeandalucia.es\/ceipandaluciaposadas\/files\/2023\/09\/WhatsApp-Image-2023-09-29-at-10.25.22-300x225.jpeg 300w, https:\/\/blogsaverroes.juntadeandalucia.es\/ceipandaluciaposadas\/files\/2023\/09\/WhatsApp-Image-2023-09-29-at-10.25.22-1024x768.jpeg 1024w, https:\/\/blogsaverroes.juntadeandalucia.es\/ceipandaluciaposadas\/files\/2023\/09\/WhatsApp-Image-2023-09-29-at-10.25.22-768x576.jpeg 768w, https:\/\/blogsaverroes.juntadeandalucia.es\/ceipandaluciaposadas\/files\/2023\/09\/WhatsApp-Image-2023-09-29-at-10.25.22-1536x1152.jpeg 1536w, https:\/\/blogsaverroes.juntadeandalucia.es\/ceipandaluciaposadas\/files\/2023\/09\/WhatsApp-Image-2023-09-29-at-10.25.22.jpeg 1600w\" sizes=\"(max-width: 300px) 100vw, 300px\" \/><\/a> <a href=\"https:\/\/blogsaverroes.juntadeandalucia.es\/ceipandaluciaposadas\/files\/2023\/09\/WhatsApp-Image-2023-09-29-at-10.23.35-2.jpeg\"><img loading=\"lazy\" decoding=\"async\" class=\"alignnone size-medium wp-image-3166\" src=\"https:\/\/blogsaverroes.juntadeandalucia.es\/ceipandaluciaposadas\/files\/2023\/09\/WhatsApp-Image-2023-09-29-at-10.23.35-2-224x300.jpeg\" alt=\"\" width=\"224\" height=\"300\" srcset=\"https:\/\/blogsaverroes.juntadeandalucia.es\/ceipandaluciaposadas\/files\/2023\/09\/WhatsApp-Image-2023-09-29-at-10.23.35-2-224x300.jpeg 224w, https:\/\/blogsaverroes.juntadeandalucia.es\/ceipandaluciaposadas\/files\/2023\/09\/WhatsApp-Image-2023-09-29-at-10.23.35-2-766x1024.jpeg 766w, https:\/\/blogsaverroes.juntadeandalucia.es\/ceipandaluciaposadas\/files\/2023\/09\/WhatsApp-Image-2023-09-29-at-10.23.35-2-768x1027.jpeg 768w, https:\/\/blogsaverroes.juntadeandalucia.es\/ceipandaluciaposadas\/files\/2023\/09\/WhatsApp-Image-2023-09-29-at-10.23.35-2-1149x1536.jpeg 1149w, https:\/\/blogsaverroes.juntadeandalucia.es\/ceipandaluciaposadas\/files\/2023\/09\/WhatsApp-Image-2023-09-29-at-10.23.35-2.jpeg 1197w\" sizes=\"(max-width: 224px) 100vw, 224px\" \/><\/a> <a href=\"https:\/\/blogsaverroes.juntadeandalucia.es\/ceipandaluciaposadas\/files\/2023\/09\/WhatsApp-Image-2023-09-29-at-10.23.35-1.jpeg\"><img loading=\"lazy\" decoding=\"async\" class=\"alignnone size-medium wp-image-3167\" src=\"https:\/\/blogsaverroes.juntadeandalucia.es\/ceipandaluciaposadas\/files\/2023\/09\/WhatsApp-Image-2023-09-29-at-10.23.35-1-224x300.jpeg\" alt=\"\" width=\"224\" height=\"300\" srcset=\"https:\/\/blogsaverroes.juntadeandalucia.es\/ceipandaluciaposadas\/files\/2023\/09\/WhatsApp-Image-2023-09-29-at-10.23.35-1-224x300.jpeg 224w, https:\/\/blogsaverroes.juntadeandalucia.es\/ceipandaluciaposadas\/files\/2023\/09\/WhatsApp-Image-2023-09-29-at-10.23.35-1-766x1024.jpeg 766w, https:\/\/blogsaverroes.juntadeandalucia.es\/ceipandaluciaposadas\/files\/2023\/09\/WhatsApp-Image-2023-09-29-at-10.23.35-1-768x1027.jpeg 768w, https:\/\/blogsaverroes.juntadeandalucia.es\/ceipandaluciaposadas\/files\/2023\/09\/WhatsApp-Image-2023-09-29-at-10.23.35-1-1149x1536.jpeg 1149w, https:\/\/blogsaverroes.juntadeandalucia.es\/ceipandaluciaposadas\/files\/2023\/09\/WhatsApp-Image-2023-09-29-at-10.23.35-1.jpeg 1197w\" sizes=\"(max-width: 224px) 100vw, 224px\" \/><\/a> <a href=\"https:\/\/blogsaverroes.juntadeandalucia.es\/ceipandaluciaposadas\/files\/2023\/09\/WhatsApp-Image-2023-09-29-at-10.23.35.jpeg\"><img loading=\"lazy\" decoding=\"async\" class=\"alignnone size-medium wp-image-3168\" src=\"https:\/\/blogsaverroes.juntadeandalucia.es\/ceipandaluciaposadas\/files\/2023\/09\/WhatsApp-Image-2023-09-29-at-10.23.35-224x300.jpeg\" alt=\"\" width=\"224\" height=\"300\" srcset=\"https:\/\/blogsaverroes.juntadeandalucia.es\/ceipandaluciaposadas\/files\/2023\/09\/WhatsApp-Image-2023-09-29-at-10.23.35-224x300.jpeg 224w, https:\/\/blogsaverroes.juntadeandalucia.es\/ceipandaluciaposadas\/files\/2023\/09\/WhatsApp-Image-2023-09-29-at-10.23.35-766x1024.jpeg 766w, https:\/\/blogsaverroes.juntadeandalucia.es\/ceipandaluciaposadas\/files\/2023\/09\/WhatsApp-Image-2023-09-29-at-10.23.35-768x1027.jpeg 768w, https:\/\/blogsaverroes.juntadeandalucia.es\/ceipandaluciaposadas\/files\/2023\/09\/WhatsApp-Image-2023-09-29-at-10.23.35-1149x1536.jpeg 1149w, https:\/\/blogsaverroes.juntadeandalucia.es\/ceipandaluciaposadas\/files\/2023\/09\/WhatsApp-Image-2023-09-29-at-10.23.35.jpeg 1197w\" sizes=\"(max-width: 224px) 100vw, 224px\" \/><\/a> <a href=\"https:\/\/blogsaverroes.juntadeandalucia.es\/ceipandaluciaposadas\/files\/2023\/09\/WhatsApp-Image-2023-09-29-at-10.23.34-2.jpeg\"><img loading=\"lazy\" decoding=\"async\" class=\"alignnone size-medium wp-image-3169\" src=\"https:\/\/blogsaverroes.juntadeandalucia.es\/ceipandaluciaposadas\/files\/2023\/09\/WhatsApp-Image-2023-09-29-at-10.23.34-2-224x300.jpeg\" alt=\"\" width=\"224\" height=\"300\" srcset=\"https:\/\/blogsaverroes.juntadeandalucia.es\/ceipandaluciaposadas\/files\/2023\/09\/WhatsApp-Image-2023-09-29-at-10.23.34-2-224x300.jpeg 224w, https:\/\/blogsaverroes.juntadeandalucia.es\/ceipandaluciaposadas\/files\/2023\/09\/WhatsApp-Image-2023-09-29-at-10.23.34-2-766x1024.jpeg 766w, https:\/\/blogsaverroes.juntadeandalucia.es\/ceipandaluciaposadas\/files\/2023\/09\/WhatsApp-Image-2023-09-29-at-10.23.34-2-768x1027.jpeg 768w, https:\/\/blogsaverroes.juntadeandalucia.es\/ceipandaluciaposadas\/files\/2023\/09\/WhatsApp-Image-2023-09-29-at-10.23.34-2-1149x1536.jpeg 1149w, https:\/\/blogsaverroes.juntadeandalucia.es\/ceipandaluciaposadas\/files\/2023\/09\/WhatsApp-Image-2023-09-29-at-10.23.34-2.jpeg 1197w\" sizes=\"(max-width: 224px) 100vw, 224px\" \/><\/a> <a href=\"https:\/\/blogsaverroes.juntadeandalucia.es\/ceipandaluciaposadas\/files\/2023\/09\/WhatsApp-Image-2023-09-29-at-10.23.34-1.jpeg\"><img loading=\"lazy\" decoding=\"async\" class=\"alignnone size-medium wp-image-3170\" src=\"https:\/\/blogsaverroes.juntadeandalucia.es\/ceipandaluciaposadas\/files\/2023\/09\/WhatsApp-Image-2023-09-29-at-10.23.34-1-224x300.jpeg\" alt=\"\" width=\"224\" height=\"300\" srcset=\"https:\/\/blogsaverroes.juntadeandalucia.es\/ceipandaluciaposadas\/files\/2023\/09\/WhatsApp-Image-2023-09-29-at-10.23.34-1-224x300.jpeg 224w, https:\/\/blogsaverroes.juntadeandalucia.es\/ceipandaluciaposadas\/files\/2023\/09\/WhatsApp-Image-2023-09-29-at-10.23.34-1-766x1024.jpeg 766w, https:\/\/blogsaverroes.juntadeandalucia.es\/ceipandaluciaposadas\/files\/2023\/09\/WhatsApp-Image-2023-09-29-at-10.23.34-1-768x1027.jpeg 768w, https:\/\/blogsaverroes.juntadeandalucia.es\/ceipandaluciaposadas\/files\/2023\/09\/WhatsApp-Image-2023-09-29-at-10.23.34-1-1149x1536.jpeg 1149w, https:\/\/blogsaverroes.juntadeandalucia.es\/ceipandaluciaposadas\/files\/2023\/09\/WhatsApp-Image-2023-09-29-at-10.23.34-1.jpeg 1197w\" sizes=\"(max-width: 224px) 100vw, 224px\" \/><\/a> <a href=\"https:\/\/blogsaverroes.juntadeandalucia.es\/ceipandaluciaposadas\/files\/2023\/09\/WhatsApp-Image-2023-09-29-at-10.23.33.jpeg\"><img loading=\"lazy\" decoding=\"async\" class=\"alignnone size-medium wp-image-3171\" src=\"https:\/\/blogsaverroes.juntadeandalucia.es\/ceipandaluciaposadas\/files\/2023\/09\/WhatsApp-Image-2023-09-29-at-10.23.33-224x300.jpeg\" alt=\"\" width=\"224\" height=\"300\" srcset=\"https:\/\/blogsaverroes.juntadeandalucia.es\/ceipandaluciaposadas\/files\/2023\/09\/WhatsApp-Image-2023-09-29-at-10.23.33-224x300.jpeg 224w, https:\/\/blogsaverroes.juntadeandalucia.es\/ceipandaluciaposadas\/files\/2023\/09\/WhatsApp-Image-2023-09-29-at-10.23.33-766x1024.jpeg 766w, https:\/\/blogsaverroes.juntadeandalucia.es\/ceipandaluciaposadas\/files\/2023\/09\/WhatsApp-Image-2023-09-29-at-10.23.33-768x1027.jpeg 768w, https:\/\/blogsaverroes.juntadeandalucia.es\/ceipandaluciaposadas\/files\/2023\/09\/WhatsApp-Image-2023-09-29-at-10.23.33-1149x1536.jpeg 1149w, https:\/\/blogsaverroes.juntadeandalucia.es\/ceipandaluciaposadas\/files\/2023\/09\/WhatsApp-Image-2023-09-29-at-10.23.33.jpeg 1197w\" sizes=\"(max-width: 224px) 100vw, 224px\" \/><\/a> <a href=\"https:\/\/blogsaverroes.juntadeandalucia.es\/ceipandaluciaposadas\/files\/2023\/09\/WhatsApp-Image-2023-09-29-at-10.23.34.jpeg\"><img loading=\"lazy\" decoding=\"async\" class=\"alignnone size-medium wp-image-3172\" src=\"https:\/\/blogsaverroes.juntadeandalucia.es\/ceipandaluciaposadas\/files\/2023\/09\/WhatsApp-Image-2023-09-29-at-10.23.34-224x300.jpeg\" alt=\"\" width=\"224\" height=\"300\" srcset=\"https:\/\/blogsaverroes.juntadeandalucia.es\/ceipandaluciaposadas\/files\/2023\/09\/WhatsApp-Image-2023-09-29-at-10.23.34-224x300.jpeg 224w, https:\/\/blogsaverroes.juntadeandalucia.es\/ceipandaluciaposadas\/files\/2023\/09\/WhatsApp-Image-2023-09-29-at-10.23.34-766x1024.jpeg 766w, https:\/\/blogsaverroes.juntadeandalucia.es\/ceipandaluciaposadas\/files\/2023\/09\/WhatsApp-Image-2023-09-29-at-10.23.34-768x1027.jpeg 768w, https:\/\/blogsaverroes.juntadeandalucia.es\/ceipandaluciaposadas\/files\/2023\/09\/WhatsApp-Image-2023-09-29-at-10.23.34-1149x1536.jpeg 1149w, https:\/\/blogsaverroes.juntadeandalucia.es\/ceipandaluciaposadas\/files\/2023\/09\/WhatsApp-Image-2023-09-29-at-10.23.34.jpeg 1197w\" sizes=\"(max-width: 224px) 100vw, 224px\" \/><\/a><\/p>\n","protected":false},"excerpt":{"rendered":"<p>Como cada 26 de septiembre, los alumnos del cole han celebrado el D\u00eda Europeo de las Lenguas. Bajo el lema, cada idioma es una llave que nos abre muchas puertas, los ni\u00f1os de Infantil&#46;&#46;&#46;<\/p>\n","protected":false},"author":1964,"featured_media":3174,"comment_status":"open","ping_status":"open","sticky":false,"template":"","format":"standard","meta":{"ngg_post_thumbnail":0,"footnotes":""},"categories":[11909],"tags":[],"aioseo_notices":[],"_links":{"self":[{"href":"https:\/\/blogsaverroes.juntadeandalucia.es\/ceipandaluciaposadas\/wp-json\/wp\/v2\/posts\/3164"}],"collection":[{"href":"https:\/\/blogsaverroes.juntadeandalucia.es\/ceipandaluciaposadas\/wp-json\/wp\/v2\/posts"}],"about":[{"href":"https:\/\/blogsaverroes.juntadeandalucia.es\/ceipandaluciaposadas\/wp-json\/wp\/v2\/types\/post"}],"author":[{"embeddable":true,"href":"https:\/\/blogsaverroes.juntadeandalucia.es\/ceipandaluciaposadas\/wp-json\/wp\/v2\/users\/1964"}],"replies":[{"embeddable":true,"href":"https:\/\/blogsaverroes.juntadeandalucia.es\/ceipandaluciaposadas\/wp-json\/wp\/v2\/comments?post=3164"}],"version-history":[{"count":1,"href":"https:\/\/blogsaverroes.juntadeandalucia.es\/ceipandaluciaposadas\/wp-json\/wp\/v2\/posts\/3164\/revisions"}],"predecessor-version":[{"id":3175,"href":"https:\/\/blogsaverroes.juntadeandalucia.es\/ceipandaluciaposadas\/wp-json\/wp\/v2\/posts\/3164\/revisions\/3175"}],"wp:featuredmedia":[{"embeddable":true,"href":"https:\/\/blogsaverroes.juntadeandalucia.es\/ceipandaluciaposadas\/wp-json\/wp\/v2\/media\/3174"}],"wp:attachment":[{"href":"https:\/\/blogsaverroes.juntadeandalucia.es\/ceipandaluciaposadas\/wp-json\/wp\/v2\/media?parent=3164"}],"wp:term":[{"taxonomy":"category","embeddable":true,"href":"https:\/\/blogsaverroes.juntadeandalucia.es\/ceipandaluciaposadas\/wp-json\/wp\/v2\/categories?post=3164"},{"taxonomy":"post_tag","embeddable":true,"href":"https:\/\/blogsaverroes.juntadeandalucia.es\/ceipandaluciaposadas\/wp-json\/wp\/v2\/tags?post=3164"}],"curies":[{"name":"wp","href":"https:\/\/api.w.org\/{rel}","templated":true}]}}