{"id":3212,"date":"2024-02-05T08:32:29","date_gmt":"2024-02-05T08:32:29","guid":{"rendered":"https:\/\/blogsaverroes.juntadeandalucia.es\/ceipandaluciaposadas\/?p=3212"},"modified":"2024-02-05T08:36:57","modified_gmt":"2024-02-05T08:36:57","slug":"dia-de-la-paz-2","status":"publish","type":"post","link":"https:\/\/blogsaverroes.juntadeandalucia.es\/ceipandaluciaposadas\/dia-de-la-paz-2\/","title":{"rendered":"D\u00eda de la Paz"},"content":{"rendered":"<p>El d\u00eda 30 de Enero se celebr\u00f3 en el centro el D\u00eda de la Paz. Tanto el alumnado como el profesorado disfrutamos de actividades realizadas en el patio organizadas por los maestros de Educaci\u00f3n F\u00edsica, D. Antonio y D. Alfonso. \u00a1Todos disfrutamos much\u00edsimos!<\/p>\n<p><a href=\"https:\/\/youtu.be\/SOUt_ja4SMU?si=K_lNs8LSANtKRz-E\">Video D\u00eda de la Paz<\/a><\/p>\n","protected":false},"excerpt":{"rendered":"<p>El d\u00eda 30 de Enero se celebr\u00f3 en el centro el D\u00eda de la Paz. Tanto el alumnado como el profesorado disfrutamos de actividades realizadas en el patio organizadas por los maestros de Educaci\u00f3n&#46;&#46;&#46;<\/p>\n","protected":false},"author":1964,"featured_media":3213,"comment_status":"open","ping_status":"open","sticky":false,"template":"","format":"standard","meta":{"ngg_post_thumbnail":0,"footnotes":""},"categories":[11909],"tags":[],"aioseo_notices":[],"_links":{"self":[{"href":"https:\/\/blogsaverroes.juntadeandalucia.es\/ceipandaluciaposadas\/wp-json\/wp\/v2\/posts\/3212"}],"collection":[{"href":"https:\/\/blogsaverroes.juntadeandalucia.es\/ceipandaluciaposadas\/wp-json\/wp\/v2\/posts"}],"about":[{"href":"https:\/\/blogsaverroes.juntadeandalucia.es\/ceipandaluciaposadas\/wp-json\/wp\/v2\/types\/post"}],"author":[{"embeddable":true,"href":"https:\/\/blogsaverroes.juntadeandalucia.es\/ceipandaluciaposadas\/wp-json\/wp\/v2\/users\/1964"}],"replies":[{"embeddable":true,"href":"https:\/\/blogsaverroes.juntadeandalucia.es\/ceipandaluciaposadas\/wp-json\/wp\/v2\/comments?post=3212"}],"version-history":[{"count":3,"href":"https:\/\/blogsaverroes.juntadeandalucia.es\/ceipandaluciaposadas\/wp-json\/wp\/v2\/posts\/3212\/revisions"}],"predecessor-version":[{"id":3216,"href":"https:\/\/blogsaverroes.juntadeandalucia.es\/ceipandaluciaposadas\/wp-json\/wp\/v2\/posts\/3212\/revisions\/3216"}],"wp:featuredmedia":[{"embeddable":true,"href":"https:\/\/blogsaverroes.juntadeandalucia.es\/ceipandaluciaposadas\/wp-json\/wp\/v2\/media\/3213"}],"wp:attachment":[{"href":"https:\/\/blogsaverroes.juntadeandalucia.es\/ceipandaluciaposadas\/wp-json\/wp\/v2\/media?parent=3212"}],"wp:term":[{"taxonomy":"category","embeddable":true,"href":"https:\/\/blogsaverroes.juntadeandalucia.es\/ceipandaluciaposadas\/wp-json\/wp\/v2\/categories?post=3212"},{"taxonomy":"post_tag","embeddable":true,"href":"https:\/\/blogsaverroes.juntadeandalucia.es\/ceipandaluciaposadas\/wp-json\/wp\/v2\/tags?post=3212"}],"curies":[{"name":"wp","href":"https:\/\/api.w.org\/{rel}","templated":true}]}}