{"id":685,"date":"2016-10-06T18:39:17","date_gmt":"2016-10-06T18:39:17","guid":{"rendered":"https:\/\/ceipangelsuquia.wordpress.com\/?p=685"},"modified":"2016-10-06T18:39:17","modified_gmt":"2016-10-06T18:39:17","slug":"cuentos-para-crecer","status":"publish","type":"post","link":"https:\/\/blogsaverroes.juntadeandalucia.es\/ceipangelsuquia\/cuentos-para-crecer\/","title":{"rendered":"Cuentos para crecer"},"content":{"rendered":"<div class=\"et_post_meta_wrapper\">Inicio aqu\u00ed esta entrada para suscitar vuestro inter\u00e9s y comunicaros que todas las entradas referidas a biblioteca y eventos culturales estar\u00e1n ubicadas en el blog de Suqui al que ten\u00e9is enlace directo en el margen derecho de la p\u00e1gina.<\/div>\n<div class=\"et_post_meta_wrapper\">Aprovecho la ocasi\u00f3n para deciros que el blog del cole y el de la bilbioteca ya est\u00e1n en marcha y pod\u00e9is invitar a vuestro alumnado a entrar en ellos. Pod\u00e9is recordad y los que no lo conoc\u00e9is pod\u00e9is visualizar lo que se hizo el curso pasado.<\/div>\n<div class=\"et_post_meta_wrapper\">\n<p>Desde la p\u00e1gina \u00abcuentosparacrecer\u00bb os paso este post, que ofrece una relaci\u00f3n de cuentos por edades, desde infantil hasta 9 a\u00f1os<\/p>\n<h1 class=\"entry-title\">Resoluci\u00f3n de conflictos. Ideas y cuentos<\/h1>\n<p><img loading=\"lazy\" decoding=\"async\" class=\"\" src=\"https:\/\/cuentosparacrecer.org\/wp-content\/uploads\/2015\/11\/dosmonstrups.png\" alt=\"Resoluci\u00f3n de conflictos. Ideas y cuentos\" width=\"333\" height=\"207\" \/><\/p>\n<\/div>\n<div class=\"entry-content\">\n<p class=\"p1\"><span class=\"s1\">La resoluci\u00f3n de problemas es un proceso que implica la coordinaci\u00f3n de muchas \u00a0habilidades cognitivas, como la memoria , el control de la atenci\u00f3n, el conocimiento sobre el \u00a0problema, la creatividad etc.<\/span><\/p>\n<p class=\"p1\"><span class=\"s1\">La capacidad de resolver problemas <strong>es esencial para el \u00e9xito tanto dentro como fuera de la escuela.<\/strong> <strong>Podemos ense\u00f1ar unos sencillos pasos que ayudar\u00e1n a los ni\u00f1os a generar estrategias de resoluci\u00f3n de conflictos, ya sea en el \u00e1rea de las relaciones humanas \u00f3 en cualquier otra \u00e1rea.<\/strong> Es importante que delante de un conflicto los ni\u00f1os aprendan a generar estrategias para solucionar estos conflictos. <strong>Muchas veces tenemos tendencia a dar la soluci\u00f3n cuando lo interesante no es si la soluci\u00f3n es correcta \u00f3 no sino generar estrategias para aprender a resolver conflictos.<\/strong><\/span><\/p>\n<p class=\"p1\"><span class=\"s1\">Pasos para la resoluci\u00f3n de conflictos.<\/span><\/p>\n<ol>\n<li class=\"p1\">\u00a0<strong>Ayudar al ni\u00f1o a identificar el problema.<\/strong> Es importante que los ni\u00f1os : Identifiquen el problema y m\u00e1s tarde sean capaces de expresarlo correctamente. Podemos decir \u201cMe doy cuenta de que hay un problema\u201d, y esperar que el ni\u00f1o hijo nos ayude a expresar el problema.<\/li>\n<li class=\"p1\"><strong>Ayude al ni\u00f1o a generar soluciones.<\/strong> Una simple pregunta puede ser muy poderosa \u201c\u00bfC\u00f3mo podemos solucionar este problema?\u201d m\u00e1s all\u00e1 de dar la soluci\u00f3n <strong>debemos permitir el ni\u00f1o genere una variedad de soluciones para el problema.<\/strong> Si el ni\u00f1o tiene dificultades para llegar a ideas, preguntar, \u201c\u00bfQu\u00e9 puedo hacer para ayudar?\u201d<\/li>\n<li class=\"p1\">\u00a0<strong>Pruebe una de las soluciones.<\/strong> <strong>Parte de la soluci\u00f3n de problemas es ensayo y error,<\/strong> por lo que si la primera soluci\u00f3n no funciona, probaremos con otra! Podemos ayudar al ni\u00f1o a reducir el n\u00famero de soluciones hasta que encuentren una que funcione.<\/li>\n<li class=\"p1\">\u00a0<strong>Recordar al ni\u00f1o los pasos seguidos para resolver el problema<\/strong>. Recordando el proceso de resoluci\u00f3n de problemas, desde la identificaci\u00f3n del problema de encontrar una soluci\u00f3n que funcione, ayudar\u00e1 al ni\u00f1o a interiorizar los pasos para que puedan trabajar en pro de la soluci\u00f3n de un problema de manera m\u00e1s independiente mas tarde.<\/li>\n<li class=\"p1\">\u00a0<strong>Felicitaremos al ni\u00f1o en la soluci\u00f3n del problema. E<\/strong>l aliento ayuda a reforzar los sentimientos positivos que el ni\u00f1o recibe de la soluci\u00f3n de un problema y los hace m\u00e1s propensos a enfrentar los problemas futuros.<\/li>\n<\/ol>\n<p>Algunos cuentos para la reflexi\u00f3n acerca de la resoluci\u00f3n de conflictos.<\/p>\n<p><strong>1. Nadie quiere jugar conmigo. Gabriela Keselman.\u00a0<\/strong><\/p>\n<p class=\"p1\"><span class=\"s1\">Pocosmimos es un peque\u00f1o castor que se siente muy solo. Organiza sucesivas fiestas, para que acudan a divertirse con \u00e9l otros animales. Todos se ponen muy contentos al recibir la invitaci\u00f3n, pero ninguno asiste porque no las hace en los lugares adecuados. Los gatos no pueden llegar nadando hasta un islote, los patos no sabe n subir a un \u00e1rbol, los osos no caben por la puerta de la cueva del castor y los p\u00e1jaros no encuentran la fiesta escondida en la maleza. Pocosmimos cree que nadie quiere jugar con \u00e9l y, desolado, se pone a caminar. As\u00ed llega a un prado y encuentra a los animales del bosque jugando juntos. Todos, al verlos, le dan la bienvenida. Pocosmimos est\u00e1 tan contento al darse cuenta de que le quieren, que decide cambiar su nombre por el de Muchosmimos.<\/span><\/p>\n<p class=\"p1\">Edad recomendada: +5 a\u00f1os<\/p>\n<p class=\"p1\"><a href=\"https:\/\/cuentosparacrecer.org\/wp-content\/uploads\/2015\/11\/nadiequierejugar.png\"><img loading=\"lazy\" decoding=\"async\" class=\"aligncenter size-medium wp-image-2895\" src=\"https:\/\/cuentosparacrecer.org\/wp-content\/uploads\/2015\/11\/nadiequierejugar-217x300.png\" alt=\"nadiequierejugar\" width=\"217\" height=\"300\" \/><\/a><\/p>\n<p class=\"p1\"><strong>2. Dos Monstruos. David McKee<\/strong><\/p>\n<p class=\"p1\"><span class=\"s1\">Dos monstruos viven en caras opuestas de una monta\u00f1a, y no se ponen de acuerdo en si el d\u00eda comienza o la noche termina. Los monstruos se insultan el uno al otro y se lanzan rocas, hasta que hacen un descubrimiento sorprendente.<\/span><\/p>\n<p class=\"p1\">Edad recomendada: + 3<\/p>\n<p class=\"p1\"><a href=\"https:\/\/cuentosparacrecer.org\/wp-content\/uploads\/2015\/11\/dosmonstrups.png\"><img loading=\"lazy\" decoding=\"async\" class=\"aligncenter size-medium wp-image-2896\" src=\"https:\/\/cuentosparacrecer.org\/wp-content\/uploads\/2015\/11\/dosmonstrups-300x186.png\" alt=\"dosmonstrups\" width=\"300\" height=\"186\" \/><\/a><\/p>\n<p class=\"p1\"><strong>3. El ni\u00f1o que siempre dec\u00eda s\u00ed. Andreu Mart\u00edn<\/strong><\/p>\n<p class=\"p1\"><span class=\"s1\">El prestigioso novelista Andreu Mart\u00edn ha realizado su primera -y divertida- incursi\u00f3n en la literatura infantil creando un personaje prodigioso, El mago S\u00ed, que ayuda a los ni\u00f1os a poner los pies en la tierra.<\/span><\/p>\n<p class=\"p1\">Edad recomendada: + 9<\/p>\n<p class=\"p1\"><a href=\"https:\/\/cuentosparacrecer.org\/wp-content\/uploads\/2015\/11\/elni%C3%B1ossiempresi.png\"><img loading=\"lazy\" decoding=\"async\" class=\"aligncenter size-medium wp-image-2897\" src=\"https:\/\/cuentosparacrecer.org\/wp-content\/uploads\/2015\/11\/elni%C3%B1ossiempresi-190x300.png\" alt=\"elni\u00f1ossiempresi\" width=\"190\" height=\"300\" \/><\/a><\/p>\n<p class=\"p1\"><strong>4. Jenny y el inventor de problemas. H. Oram<\/strong><\/p>\n<p class=\"p1\"><span class=\"s1\">El inventor de problemas los crea sac\u00e1ndolos de una chistera, con magia, como quien saca un conejo, y como es tan malo hace muchos y los reparte por las casas, pero hasta \u00e9l tiene un corazoncito y se apiada de una ni\u00f1a peque\u00f1a con muchos problemas.<\/span><\/p>\n<p class=\"p1\">Edad recomendada: +4<\/p>\n<p class=\"p1\"><a href=\"https:\/\/cuentosparacrecer.org\/wp-content\/uploads\/2015\/11\/jenny.png\"><img loading=\"lazy\" decoding=\"async\" class=\"aligncenter size-medium wp-image-2898\" src=\"https:\/\/cuentosparacrecer.org\/wp-content\/uploads\/2015\/11\/jenny-300x236.png\" alt=\"jenny\" width=\"300\" height=\"236\" \/><\/a><\/p>\n<p class=\"p1\"><strong>5. \u00bfY si me defiendo? E. Zoller<\/strong><\/p>\n<p class=\"p1\"><span class=\"s1\">Krissi tiene miedo. \u00bfPor qu\u00e9 se meten siempre con \u00e9l los matones? Le acechan para atormentarle. \u201c\u00bfY si me defiendo?\u201d, piensa Krissi. Pero no lo hace, huye. Y entonces, por fin, se habla en su clase de la violencia extendida por la escuela.<\/span><\/p>\n<p class=\"p1\">Edad: +9<\/p>\n<p class=\"p1\"><a href=\"https:\/\/cuentosparacrecer.org\/wp-content\/uploads\/2015\/11\/ysimedefiendo.png\"><img loading=\"lazy\" decoding=\"async\" class=\"aligncenter size-medium wp-image-2899\" src=\"https:\/\/cuentosparacrecer.org\/wp-content\/uploads\/2015\/11\/ysimedefiendo-196x300.png\" alt=\"ysimedefiendo\" width=\"196\" height=\"300\" \/><\/a><\/p>\n<\/div>\n","protected":false},"excerpt":{"rendered":"<p>Inicio aqu\u00ed esta entrada para suscitar vuestro inter\u00e9s y comunicaros que todas las entradas referidas a biblioteca y eventos culturales estar\u00e1n ubicadas en el blog de Suqui al que ten\u00e9is enlace directo en el margen derecho de la p\u00e1gina. Aprovecho la ocasi\u00f3n para deciros que el blog del cole y el de la bilbioteca ya &hellip; <\/p>\n<p><a class=\"more-link btn\" href=\"https:\/\/blogsaverroes.juntadeandalucia.es\/ceipangelsuquia\/cuentos-para-crecer\/\">Seguir leyendo<\/a><\/p>\n","protected":false},"author":11925,"featured_media":0,"comment_status":"open","ping_status":"open","sticky":false,"template":"","format":"standard","meta":{"ngg_post_thumbnail":0,"footnotes":""},"categories":[2351653],"tags":[],"aioseo_notices":[],"_links":{"self":[{"href":"https:\/\/blogsaverroes.juntadeandalucia.es\/ceipangelsuquia\/wp-json\/wp\/v2\/posts\/685"}],"collection":[{"href":"https:\/\/blogsaverroes.juntadeandalucia.es\/ceipangelsuquia\/wp-json\/wp\/v2\/posts"}],"about":[{"href":"https:\/\/blogsaverroes.juntadeandalucia.es\/ceipangelsuquia\/wp-json\/wp\/v2\/types\/post"}],"author":[{"embeddable":true,"href":"https:\/\/blogsaverroes.juntadeandalucia.es\/ceipangelsuquia\/wp-json\/wp\/v2\/users\/11925"}],"replies":[{"embeddable":true,"href":"https:\/\/blogsaverroes.juntadeandalucia.es\/ceipangelsuquia\/wp-json\/wp\/v2\/comments?post=685"}],"version-history":[{"count":0,"href":"https:\/\/blogsaverroes.juntadeandalucia.es\/ceipangelsuquia\/wp-json\/wp\/v2\/posts\/685\/revisions"}],"wp:attachment":[{"href":"https:\/\/blogsaverroes.juntadeandalucia.es\/ceipangelsuquia\/wp-json\/wp\/v2\/media?parent=685"}],"wp:term":[{"taxonomy":"category","embeddable":true,"href":"https:\/\/blogsaverroes.juntadeandalucia.es\/ceipangelsuquia\/wp-json\/wp\/v2\/categories?post=685"},{"taxonomy":"post_tag","embeddable":true,"href":"https:\/\/blogsaverroes.juntadeandalucia.es\/ceipangelsuquia\/wp-json\/wp\/v2\/tags?post=685"}],"curies":[{"name":"wp","href":"https:\/\/api.w.org\/{rel}","templated":true}]}}