{"id":3476,"date":"2020-05-25T09:23:35","date_gmt":"2020-05-25T08:23:35","guid":{"rendered":"https:\/\/blogsaverroes.juntadeandalucia.es\/ceipantoniocuevas\/?p=3476"},"modified":"2020-05-25T09:33:11","modified_gmt":"2020-05-25T08:33:11","slug":"programa-de-refuerzo-estival","status":"publish","type":"post","link":"https:\/\/blogsaverroes.juntadeandalucia.es\/ceipantoniocuevas\/2020\/05\/25\/programa-de-refuerzo-estival\/","title":{"rendered":"PROGRAMA DE REFUERZO ESTIVAL"},"content":{"rendered":"<p>&nbsp;<\/p>\n<p><img loading=\"lazy\" decoding=\"async\" class=\"\" src=\"https:\/\/www.juntadeandalucia.es\/educacion\/portals\/delegate\/thumbnail\/ishare_big_png\/58b91aa0-82a0-40b9-9ec9-d7fb94fc59ad\" alt=\"Imagen asociada al documento\" width=\"166\" height=\"233\"><\/p>\n<p>&nbsp;<\/p>\n<p><span style=\"color: #0000ff\">Como el curso pasado, la Consejer\u00eda de Educaci\u00f3n ha puesto en marcha el Programa de refuerzo estival.<\/span><\/p>\n<p><span style=\"color: #0000ff\">Pinchando en los siguientes enlaces pod\u00e9is acceder a la informaci\u00f3n relativa al programa.<\/span><\/p>\n<p>&nbsp;<\/p>\n<ul>\n<li><a href=\"https:\/\/blogsaverroes.juntadeandalucia.es\/ceipantoniocuevas\/files\/2020\/05\/carta_familias-programa-de-refuerzo-estival.pdf\"><strong>INFORMACI\u00d3N GENERAL PROGRAMA DE REFUERZO ESTIVAL.<\/strong><\/a><\/li>\n<li><a href=\"https:\/\/blogsaverroes.juntadeandalucia.es\/ceipantoniocuevas\/files\/2020\/05\/inf-familias.pdf\"><strong>PLAZO DE INSCRIPCI\u00d3N PROGRAMA DE REFUERZO ESTIVAL.<\/strong><\/a><\/li>\n<li><strong><a href=\"https:\/\/blogsaverroes.juntadeandalucia.es\/ceipantoniocuevas\/files\/2020\/05\/preguntas-frecuentes.pdf\">PREGUNTAS FRECUENTES.<\/a><\/strong><\/li>\n<\/ul>\n<p>&nbsp;<\/p>\n<p><span style=\"color: #0000ff\">Para m\u00e1s informacion accede a la web de la Consejer\u00eda de Educaci\u00f3n.<\/span><\/p>\n<p><a href=\"https:\/\/www.juntadeandalucia.es\/educacion\/portals\/web\/ced\/programa-de-refuerzo-estival\"><strong>https:\/\/www.juntadeandalucia.es\/educacion\/portals\/web\/ced\/programa-de-refuerzo-estival<\/strong><\/a><\/p>\n<p><strong><span style=\"color: #0000ff\">&nbsp;<\/span><\/strong><\/p>\n<p>&nbsp;<\/p>\n<p>&nbsp;<\/p>\n<p><a href=\"https:\/\/blogsaverroes.juntadeandalucia.es\/ceipantoniocuevas\/files\/2014\/12\/lapices3.jpg\"><img loading=\"lazy\" decoding=\"async\" class=\"wp-image-548 aligncenter\" src=\"https:\/\/blogsaverroes.juntadeandalucia.es\/ceipantoniocuevas\/files\/2014\/12\/lapices3-300x200.jpg\" alt=\"\" width=\"217\" height=\"144\" srcset=\"https:\/\/blogsaverroes.juntadeandalucia.es\/ceipantoniocuevas\/files\/2014\/12\/lapices3-300x200.jpg 300w, https:\/\/blogsaverroes.juntadeandalucia.es\/ceipantoniocuevas\/files\/2014\/12\/lapices3-1024x682.jpg 1024w, https:\/\/blogsaverroes.juntadeandalucia.es\/ceipantoniocuevas\/files\/2014\/12\/lapices3-700x466.jpg 700w, https:\/\/blogsaverroes.juntadeandalucia.es\/ceipantoniocuevas\/files\/2014\/12\/lapices3-332x221.jpg 332w, https:\/\/blogsaverroes.juntadeandalucia.es\/ceipantoniocuevas\/files\/2014\/12\/lapices3.jpg 1280w\" sizes=\"(max-width: 217px) 100vw, 217px\" \/><\/a><\/p>\n<p>&nbsp;<\/p>\n","protected":false},"excerpt":{"rendered":"<p>&nbsp; &nbsp; Como el curso pasado, la Consejer\u00eda de Educaci\u00f3n ha puesto en marcha el Programa de refuerzo estival. Pinchando en los siguientes enlaces pod\u00e9is acceder a la informaci\u00f3n relativa al programa. &nbsp; INFORMACI\u00d3N&#46;&#46;&#46;<\/p>\n","protected":false},"author":2988,"featured_media":0,"comment_status":"closed","ping_status":"closed","sticky":false,"template":"","format":"standard","meta":{"ngg_post_thumbnail":0,"footnotes":""},"categories":[526,307405],"tags":[],"aioseo_notices":[],"_links":{"self":[{"href":"https:\/\/blogsaverroes.juntadeandalucia.es\/ceipantoniocuevas\/wp-json\/wp\/v2\/posts\/3476"}],"collection":[{"href":"https:\/\/blogsaverroes.juntadeandalucia.es\/ceipantoniocuevas\/wp-json\/wp\/v2\/posts"}],"about":[{"href":"https:\/\/blogsaverroes.juntadeandalucia.es\/ceipantoniocuevas\/wp-json\/wp\/v2\/types\/post"}],"author":[{"embeddable":true,"href":"https:\/\/blogsaverroes.juntadeandalucia.es\/ceipantoniocuevas\/wp-json\/wp\/v2\/users\/2988"}],"replies":[{"embeddable":true,"href":"https:\/\/blogsaverroes.juntadeandalucia.es\/ceipantoniocuevas\/wp-json\/wp\/v2\/comments?post=3476"}],"version-history":[{"count":5,"href":"https:\/\/blogsaverroes.juntadeandalucia.es\/ceipantoniocuevas\/wp-json\/wp\/v2\/posts\/3476\/revisions"}],"predecessor-version":[{"id":3485,"href":"https:\/\/blogsaverroes.juntadeandalucia.es\/ceipantoniocuevas\/wp-json\/wp\/v2\/posts\/3476\/revisions\/3485"}],"wp:attachment":[{"href":"https:\/\/blogsaverroes.juntadeandalucia.es\/ceipantoniocuevas\/wp-json\/wp\/v2\/media?parent=3476"}],"wp:term":[{"taxonomy":"category","embeddable":true,"href":"https:\/\/blogsaverroes.juntadeandalucia.es\/ceipantoniocuevas\/wp-json\/wp\/v2\/categories?post=3476"},{"taxonomy":"post_tag","embeddable":true,"href":"https:\/\/blogsaverroes.juntadeandalucia.es\/ceipantoniocuevas\/wp-json\/wp\/v2\/tags?post=3476"}],"curies":[{"name":"wp","href":"https:\/\/api.w.org\/{rel}","templated":true}]}}