{"id":1196899,"count":37,"description":"Post relacionados con la competencia ling\u00fc\u00edstica y el proyecto ling\u00fc\u00edstico de centro.","link":"https:\/\/blogsaverroes.juntadeandalucia.es\/ceiparchidona\/category\/comunica\/","name":"ComunicA","slug":"comunica","taxonomy":"category","parent":0,"meta":[],"_links":{"self":[{"href":"https:\/\/blogsaverroes.juntadeandalucia.es\/ceiparchidona\/wp-json\/wp\/v2\/categories\/1196899"}],"collection":[{"href":"https:\/\/blogsaverroes.juntadeandalucia.es\/ceiparchidona\/wp-json\/wp\/v2\/categories"}],"about":[{"href":"https:\/\/blogsaverroes.juntadeandalucia.es\/ceiparchidona\/wp-json\/wp\/v2\/taxonomies\/category"}],"wp:post_type":[{"href":"https:\/\/blogsaverroes.juntadeandalucia.es\/ceiparchidona\/wp-json\/wp\/v2\/posts?categories=1196899"}],"curies":[{"name":"wp","href":"https:\/\/api.w.org\/{rel}","templated":true}]}}