{"id":2768,"date":"2022-07-01T18:27:42","date_gmt":"2022-07-01T18:27:42","guid":{"rendered":"http:\/\/blogsaverroes.juntadeandalucia.es\/ceiparchidona\/?p=2768"},"modified":"2022-10-27T07:30:28","modified_gmt":"2022-10-27T07:30:28","slug":"2768","status":"publish","type":"post","link":"https:\/\/blogsaverroes.juntadeandalucia.es\/ceiparchidona\/2022\/07\/01\/2768\/","title":{"rendered":"\u00abMI COLE ES DE CINE\u00bb"},"content":{"rendered":"<p><span style=\"font-weight: 400\">Con motivo del D\u00eda del Libro, nuestro centro ha dedicado la semana del 25 al 29 de abril a la celebraci\u00f3n de la Semana Cultural. En este curso, el tema central en torno al cual ha girado nuestro proyecto ha sido el Cine.&nbsp;<\/span><\/p>\n<p><span style=\"font-weight: 400\">Todas las \u00e1reas del curr\u00edculum se han visto implicadas en el proyecto \u201cMi cole es de Cine\u201d.<\/span><\/p>\n<p><span style=\"font-weight: 400\">El proyecto \u201cMi cole es de cine\u201d ha tenido actividades en com\u00fan para los diferentes ciclos como el visionado de las diferentes pel\u00edculas o el III Certamen de Poes\u00eda Margarita Molina Podadera, este a\u00f1o con el tema: \u201cC\u00f3mo ser\u00eda mi mundo ideal\u201d.&nbsp; El certamen finaliz\u00f3 con una entrega de premios donde, tanto las poes\u00edas individuales como las grupales, han quedado recogidas y expuestas a toda la comunidad educativa.<\/span><\/p>\n<p><span style=\"font-weight: 400\">Las experiencias previas se han trabajado a trav\u00e9s de cuestionarios y Formularios de Google y posteriormente, se han recogido los resultados elaborando gr\u00e1ficos de barras y analizando los resultados obtenidos.<\/span><\/p>\n<p><span style=\"font-weight: 400\">El an\u00e1lisis de las pel\u00edculas se ha trabajado de diferentes formas; por ejemplo, en Infantil tras el visionado de la pel\u00edcula, han elaborado unas caretas de los personajes de las pel\u00edculas, entre otras actividades. En el Primer Ciclo se han descrito los personajes, se ha trabajado la receta de Ratatouille, se ha realizado una comprensi\u00f3n lectora, se han analizado los valores que nos ense\u00f1a la pel\u00edcula, se han realizado algunas recetas saludables con motivos de la misma, etc. En el Segundo Ciclo se han realizado unos cuestionarios a trav\u00e9s de Formularios de Google as\u00ed como un an\u00e1lisis de los personajes de su pel\u00edcula. En el Tercer Ciclo tambi\u00e9n se han realizado varias actividades, entre ellas un cine f\u00f3rum y una dramatizaci\u00f3n (realizaci\u00f3n de un corto).<\/span><\/p>\n<p><span style=\"font-weight: 400\">Los distintos ciclos tambi\u00e9n han decorado las puertas de las clases con elementos de la pel\u00edcula elegida, se elabor\u00f3 un photocall en la entrada&nbsp; y se han realizado coreograf\u00edas desde el \u00e1rea de Educaci\u00f3n F\u00edsica. El Tercer Ciclo tambi\u00e9n se ha encargado de interpretar la melod\u00eda de \u201cLos chicos del coro\u201d, su pel\u00edcula.<\/span><\/p>\n<p><a href=\"https:\/\/blogsaverroes.juntadeandalucia.es\/ceiparchidona\/files\/2022\/06\/4A-scaled.jpg\"><img loading=\"lazy\" decoding=\"async\" class=\"alignnone size-medium wp-image-2775\" src=\"https:\/\/blogsaverroes.juntadeandalucia.es\/ceiparchidona\/files\/2022\/06\/4A-225x300.jpg\" alt=\"\" width=\"225\" height=\"300\" srcset=\"https:\/\/blogsaverroes.juntadeandalucia.es\/ceiparchidona\/files\/2022\/06\/4A-225x300.jpg 225w, https:\/\/blogsaverroes.juntadeandalucia.es\/ceiparchidona\/files\/2022\/06\/4A-768x1024.jpg 768w, https:\/\/blogsaverroes.juntadeandalucia.es\/ceiparchidona\/files\/2022\/06\/4A-1152x1536.jpg 1152w, https:\/\/blogsaverroes.juntadeandalucia.es\/ceiparchidona\/files\/2022\/06\/4A-1536x2048.jpg 1536w, https:\/\/blogsaverroes.juntadeandalucia.es\/ceiparchidona\/files\/2022\/06\/4A-scaled.jpg 1200w\" sizes=\"(max-width: 225px) 100vw, 225px\" \/><\/a> <a href=\"https:\/\/blogsaverroes.juntadeandalucia.es\/ceiparchidona\/files\/2022\/06\/3A-scaled.jpg\"><img loading=\"lazy\" decoding=\"async\" class=\"alignnone size-medium wp-image-2774\" src=\"https:\/\/blogsaverroes.juntadeandalucia.es\/ceiparchidona\/files\/2022\/06\/3A-225x300.jpg\" alt=\"\" width=\"225\" height=\"300\" srcset=\"https:\/\/blogsaverroes.juntadeandalucia.es\/ceiparchidona\/files\/2022\/06\/3A-225x300.jpg 225w, https:\/\/blogsaverroes.juntadeandalucia.es\/ceiparchidona\/files\/2022\/06\/3A-768x1024.jpg 768w, https:\/\/blogsaverroes.juntadeandalucia.es\/ceiparchidona\/files\/2022\/06\/3A-1152x1536.jpg 1152w, https:\/\/blogsaverroes.juntadeandalucia.es\/ceiparchidona\/files\/2022\/06\/3A-1536x2048.jpg 1536w, https:\/\/blogsaverroes.juntadeandalucia.es\/ceiparchidona\/files\/2022\/06\/3A-scaled.jpg 1200w\" sizes=\"(max-width: 225px) 100vw, 225px\" \/><\/a> <a href=\"https:\/\/blogsaverroes.juntadeandalucia.es\/ceiparchidona\/files\/2022\/06\/2A-scaled.jpg\"><img loading=\"lazy\" decoding=\"async\" class=\"alignnone size-medium wp-image-2773\" src=\"https:\/\/blogsaverroes.juntadeandalucia.es\/ceiparchidona\/files\/2022\/06\/2A-225x300.jpg\" alt=\"\" width=\"225\" height=\"300\" srcset=\"https:\/\/blogsaverroes.juntadeandalucia.es\/ceiparchidona\/files\/2022\/06\/2A-225x300.jpg 225w, https:\/\/blogsaverroes.juntadeandalucia.es\/ceiparchidona\/files\/2022\/06\/2A-768x1024.jpg 768w, https:\/\/blogsaverroes.juntadeandalucia.es\/ceiparchidona\/files\/2022\/06\/2A-1152x1536.jpg 1152w, https:\/\/blogsaverroes.juntadeandalucia.es\/ceiparchidona\/files\/2022\/06\/2A-1536x2048.jpg 1536w, https:\/\/blogsaverroes.juntadeandalucia.es\/ceiparchidona\/files\/2022\/06\/2A-scaled.jpg 1200w\" sizes=\"(max-width: 225px) 100vw, 225px\" \/><\/a> <a href=\"https:\/\/blogsaverroes.juntadeandalucia.es\/ceiparchidona\/files\/2022\/06\/1A-scaled.jpg\"><img loading=\"lazy\" decoding=\"async\" class=\"alignnone size-medium wp-image-2772\" src=\"https:\/\/blogsaverroes.juntadeandalucia.es\/ceiparchidona\/files\/2022\/06\/1A-300x225.jpg\" alt=\"\" width=\"300\" height=\"225\" srcset=\"https:\/\/blogsaverroes.juntadeandalucia.es\/ceiparchidona\/files\/2022\/06\/1A-300x225.jpg 300w, https:\/\/blogsaverroes.juntadeandalucia.es\/ceiparchidona\/files\/2022\/06\/1A-1024x768.jpg 1024w, https:\/\/blogsaverroes.juntadeandalucia.es\/ceiparchidona\/files\/2022\/06\/1A-768x576.jpg 768w, https:\/\/blogsaverroes.juntadeandalucia.es\/ceiparchidona\/files\/2022\/06\/1A-1536x1152.jpg 1536w, https:\/\/blogsaverroes.juntadeandalucia.es\/ceiparchidona\/files\/2022\/06\/1A-2048x1536.jpg 2048w, https:\/\/blogsaverroes.juntadeandalucia.es\/ceiparchidona\/files\/2022\/06\/1A-scaled.jpg 1600w\" sizes=\"(max-width: 300px) 100vw, 300px\" \/><\/a> <a href=\"https:\/\/blogsaverroes.juntadeandalucia.es\/ceiparchidona\/files\/2022\/06\/5A-scaled.jpg\"><img loading=\"lazy\" decoding=\"async\" class=\"alignnone size-medium wp-image-2776\" src=\"https:\/\/blogsaverroes.juntadeandalucia.es\/ceiparchidona\/files\/2022\/06\/5A-300x225.jpg\" alt=\"\" width=\"300\" height=\"225\" srcset=\"https:\/\/blogsaverroes.juntadeandalucia.es\/ceiparchidona\/files\/2022\/06\/5A-300x225.jpg 300w, https:\/\/blogsaverroes.juntadeandalucia.es\/ceiparchidona\/files\/2022\/06\/5A-1024x768.jpg 1024w, https:\/\/blogsaverroes.juntadeandalucia.es\/ceiparchidona\/files\/2022\/06\/5A-768x576.jpg 768w, https:\/\/blogsaverroes.juntadeandalucia.es\/ceiparchidona\/files\/2022\/06\/5A-1536x1152.jpg 1536w, https:\/\/blogsaverroes.juntadeandalucia.es\/ceiparchidona\/files\/2022\/06\/5A-2048x1536.jpg 2048w, https:\/\/blogsaverroes.juntadeandalucia.es\/ceiparchidona\/files\/2022\/06\/5A-scaled.jpg 1600w\" sizes=\"(max-width: 300px) 100vw, 300px\" \/><\/a> <a href=\"https:\/\/blogsaverroes.juntadeandalucia.es\/ceiparchidona\/files\/2022\/06\/11A.jpg\"><img loading=\"lazy\" decoding=\"async\" class=\"alignnone size-medium wp-image-2782\" src=\"https:\/\/blogsaverroes.juntadeandalucia.es\/ceiparchidona\/files\/2022\/06\/11A-169x300.jpg\" alt=\"\" width=\"169\" height=\"300\" srcset=\"https:\/\/blogsaverroes.juntadeandalucia.es\/ceiparchidona\/files\/2022\/06\/11A-169x300.jpg 169w, https:\/\/blogsaverroes.juntadeandalucia.es\/ceiparchidona\/files\/2022\/06\/11A-576x1024.jpg 576w, https:\/\/blogsaverroes.juntadeandalucia.es\/ceiparchidona\/files\/2022\/06\/11A-768x1365.jpg 768w, https:\/\/blogsaverroes.juntadeandalucia.es\/ceiparchidona\/files\/2022\/06\/11A-864x1536.jpg 864w, https:\/\/blogsaverroes.juntadeandalucia.es\/ceiparchidona\/files\/2022\/06\/11A.jpg 900w\" sizes=\"(max-width: 169px) 100vw, 169px\" \/><\/a> <a href=\"https:\/\/blogsaverroes.juntadeandalucia.es\/ceiparchidona\/files\/2022\/06\/15A-scaled.jpg\"><img loading=\"lazy\" decoding=\"async\" class=\"alignnone size-medium wp-image-2787\" src=\"https:\/\/blogsaverroes.juntadeandalucia.es\/ceiparchidona\/files\/2022\/06\/15A-300x225.jpg\" alt=\"\" width=\"300\" height=\"225\" srcset=\"https:\/\/blogsaverroes.juntadeandalucia.es\/ceiparchidona\/files\/2022\/06\/15A-300x225.jpg 300w, https:\/\/blogsaverroes.juntadeandalucia.es\/ceiparchidona\/files\/2022\/06\/15A-1024x768.jpg 1024w, https:\/\/blogsaverroes.juntadeandalucia.es\/ceiparchidona\/files\/2022\/06\/15A-768x576.jpg 768w, https:\/\/blogsaverroes.juntadeandalucia.es\/ceiparchidona\/files\/2022\/06\/15A-1536x1152.jpg 1536w, https:\/\/blogsaverroes.juntadeandalucia.es\/ceiparchidona\/files\/2022\/06\/15A-2048x1536.jpg 2048w, https:\/\/blogsaverroes.juntadeandalucia.es\/ceiparchidona\/files\/2022\/06\/15A-scaled.jpg 1600w\" sizes=\"(max-width: 300px) 100vw, 300px\" \/><\/a> <a href=\"https:\/\/blogsaverroes.juntadeandalucia.es\/ceiparchidona\/files\/2022\/06\/16A-scaled.jpg\"><img loading=\"lazy\" decoding=\"async\" class=\"alignnone size-medium wp-image-2788\" src=\"https:\/\/blogsaverroes.juntadeandalucia.es\/ceiparchidona\/files\/2022\/06\/16A-300x225.jpg\" alt=\"\" width=\"300\" height=\"225\" srcset=\"https:\/\/blogsaverroes.juntadeandalucia.es\/ceiparchidona\/files\/2022\/06\/16A-300x225.jpg 300w, https:\/\/blogsaverroes.juntadeandalucia.es\/ceiparchidona\/files\/2022\/06\/16A-1024x768.jpg 1024w, https:\/\/blogsaverroes.juntadeandalucia.es\/ceiparchidona\/files\/2022\/06\/16A-768x576.jpg 768w, https:\/\/blogsaverroes.juntadeandalucia.es\/ceiparchidona\/files\/2022\/06\/16A-1536x1152.jpg 1536w, https:\/\/blogsaverroes.juntadeandalucia.es\/ceiparchidona\/files\/2022\/06\/16A-2048x1536.jpg 2048w, https:\/\/blogsaverroes.juntadeandalucia.es\/ceiparchidona\/files\/2022\/06\/16A-scaled.jpg 1600w\" sizes=\"(max-width: 300px) 100vw, 300px\" \/><\/a><\/p>\n","protected":false},"excerpt":{"rendered":"<p>Con motivo del D\u00eda del Libro, nuestro centro ha dedicado la semana del 25 al 29 de abril a la celebraci\u00f3n de la Semana Cultural. En este curso, el tema central en torno al&#46;&#46;&#46;<\/p>\n","protected":false},"author":4739,"featured_media":2773,"comment_status":"open","ping_status":"open","sticky":false,"template":"","format":"standard","meta":{"ngg_post_thumbnail":0,"footnotes":""},"categories":[1196899,11909],"tags":[],"aioseo_notices":[],"_links":{"self":[{"href":"https:\/\/blogsaverroes.juntadeandalucia.es\/ceiparchidona\/wp-json\/wp\/v2\/posts\/2768"}],"collection":[{"href":"https:\/\/blogsaverroes.juntadeandalucia.es\/ceiparchidona\/wp-json\/wp\/v2\/posts"}],"about":[{"href":"https:\/\/blogsaverroes.juntadeandalucia.es\/ceiparchidona\/wp-json\/wp\/v2\/types\/post"}],"author":[{"embeddable":true,"href":"https:\/\/blogsaverroes.juntadeandalucia.es\/ceiparchidona\/wp-json\/wp\/v2\/users\/4739"}],"replies":[{"embeddable":true,"href":"https:\/\/blogsaverroes.juntadeandalucia.es\/ceiparchidona\/wp-json\/wp\/v2\/comments?post=2768"}],"version-history":[{"count":5,"href":"https:\/\/blogsaverroes.juntadeandalucia.es\/ceiparchidona\/wp-json\/wp\/v2\/posts\/2768\/revisions"}],"predecessor-version":[{"id":2801,"href":"https:\/\/blogsaverroes.juntadeandalucia.es\/ceiparchidona\/wp-json\/wp\/v2\/posts\/2768\/revisions\/2801"}],"wp:featuredmedia":[{"embeddable":true,"href":"https:\/\/blogsaverroes.juntadeandalucia.es\/ceiparchidona\/wp-json\/wp\/v2\/media\/2773"}],"wp:attachment":[{"href":"https:\/\/blogsaverroes.juntadeandalucia.es\/ceiparchidona\/wp-json\/wp\/v2\/media?parent=2768"}],"wp:term":[{"taxonomy":"category","embeddable":true,"href":"https:\/\/blogsaverroes.juntadeandalucia.es\/ceiparchidona\/wp-json\/wp\/v2\/categories?post=2768"},{"taxonomy":"post_tag","embeddable":true,"href":"https:\/\/blogsaverroes.juntadeandalucia.es\/ceiparchidona\/wp-json\/wp\/v2\/tags?post=2768"}],"curies":[{"name":"wp","href":"https:\/\/api.w.org\/{rel}","templated":true}]}}