{"id":2958,"date":"2024-04-19T11:35:26","date_gmt":"2024-04-19T11:35:26","guid":{"rendered":"https:\/\/blogsaverroes.juntadeandalucia.es\/ceiparchidona\/?p=2958"},"modified":"2024-04-19T11:35:26","modified_gmt":"2024-04-19T11:35:26","slug":"que-de-comienzo-la-semana-cultural","status":"publish","type":"post","link":"https:\/\/blogsaverroes.juntadeandalucia.es\/ceiparchidona\/2024\/04\/19\/que-de-comienzo-la-semana-cultural\/","title":{"rendered":"\u00a1Que de comienzo la Semana Cultural!"},"content":{"rendered":"<p>Como cada a\u00f1o, toca celebrar la semana cultural. El a\u00f1o pasado gir\u00f3 en torno a las matem\u00e1ticas, y este a\u00f1o, el tema principal ser\u00e1\u2026 \u00a1La convivencia!<br \/>\nLa vamos a celebrar desde el d\u00eda 22 al 30 de abril, ya que el d\u00eda 23 es el d\u00eda del libro. Este d\u00eda se conmemora la muerte de grandes escritores como Miguel de Cervantes, Williams Shakespeare y Garcilaso de la Vega.<\/p>\n<p>La semana comienza con la salida del primer ciclo a la granja escuela de Sevilla \u00a1qu\u00e9 bien se lo van a pasar!<br \/>\nSegundo ciclo estar\u00e1 el martes y el mi\u00e9rcoles en Marbella haciendo unas jornadas de convivencia. \u00a1Se quedar\u00e1n a dormir y todo!<br \/>\nMientras tanto, nosotros en el cole vamos a leer unos libros s\u00faper divertidos: \u201cS\u00fapercotilla\u201d, \u201cLa desaparici\u00f3n de los profesores\u201d y<br \/>\nY lo que es m\u00e1s chulo: \u00a1vendr\u00e1 una autora a visitarnos y contarnos su experiencia como escritora!<\/p>\n<p>Todo el centro realizaremos la actividad \u201cMi cole, mi reino\u201d. En ella, reflexionaremos y hablaremos sobre lo que m\u00e1s nos gusta del cole, las cosas que mejorar\u00edamos o cu\u00e1l es nuestro juego o actividad favorita.<\/p>\n<p>Otras de las actividades que har\u00e1n los alumnos de infantil, 1\u00ba, 2\u00ba y 3\u00ba ser\u00e1n un apadrinamiento lector y unos juegos cooperativos en los que tendr\u00e1n que ayudarse y trabajar juntos para ganar.<\/p>\n<p>Por otro lado, el alumnado del 3\u00ba ciclo celebraremos el viernes una jornada de convivencia con el CEIP Virgen de Gracia. Los alumnos y alumnas del TECO del Instituto Jos\u00e9 Navarro y Alba nos organizar\u00e1n unos juegos con los que seguro que lo pasaremos genial.<\/p>\n<p>Por quinto a\u00f1o consecutivo, continuaremos con nuestro concurso de poes\u00eda cuyo tema central ser\u00e1 la convivencia\u2026 \u00bfQui\u00e9n ganar\u00e1 este a\u00f1o?<\/p>\n<p>Por \u00faltimo, el martes 30 lo dedicaremos a realizar una ruta en la que conviviremos todo el centro. Adem\u00e1s, realizaremos un desayuno ben\u00e9fico que ir\u00e1 dedicado a alguna asociaci\u00f3n del pueblo.<\/p>\n<p>Durante toda la semana tendremos la oportunidad de estar todos juntos, aprender a cooperar y divertirnos un mont\u00f3n. \u00a1Estad atentos a nuestras redes para ver las fotos que subimos!<\/p>\n<p><a href=\"https:\/\/blogsaverroes.juntadeandalucia.es\/ceiparchidona\/files\/2024\/04\/PHOTO-2024-04-19-13-31-21.jpg\"><img loading=\"lazy\" decoding=\"async\" class=\"aligncenter size-large wp-image-2959\" src=\"https:\/\/blogsaverroes.juntadeandalucia.es\/ceiparchidona\/files\/2024\/04\/PHOTO-2024-04-19-13-31-21-724x1024.jpg\" alt=\"\" width=\"724\" height=\"1024\" srcset=\"https:\/\/blogsaverroes.juntadeandalucia.es\/ceiparchidona\/files\/2024\/04\/PHOTO-2024-04-19-13-31-21-724x1024.jpg 724w, https:\/\/blogsaverroes.juntadeandalucia.es\/ceiparchidona\/files\/2024\/04\/PHOTO-2024-04-19-13-31-21-212x300.jpg 212w, https:\/\/blogsaverroes.juntadeandalucia.es\/ceiparchidona\/files\/2024\/04\/PHOTO-2024-04-19-13-31-21-768x1086.jpg 768w, https:\/\/blogsaverroes.juntadeandalucia.es\/ceiparchidona\/files\/2024\/04\/PHOTO-2024-04-19-13-31-21-1086x1536.jpg 1086w, https:\/\/blogsaverroes.juntadeandalucia.es\/ceiparchidona\/files\/2024\/04\/PHOTO-2024-04-19-13-31-21.jpg 1131w\" sizes=\"(max-width: 724px) 100vw, 724px\" \/><\/a><\/p>\n","protected":false},"excerpt":{"rendered":"<p>Como cada a\u00f1o, toca celebrar la semana cultural. El a\u00f1o pasado gir\u00f3 en torno a las matem\u00e1ticas, y este a\u00f1o, el tema principal ser\u00e1\u2026 \u00a1La convivencia! La vamos a celebrar desde el d\u00eda 22&#46;&#46;&#46;<\/p>\n","protected":false},"author":4739,"featured_media":2959,"comment_status":"open","ping_status":"open","sticky":false,"template":"","format":"standard","meta":{"ngg_post_thumbnail":0,"footnotes":""},"categories":[506570],"tags":[],"aioseo_notices":[],"_links":{"self":[{"href":"https:\/\/blogsaverroes.juntadeandalucia.es\/ceiparchidona\/wp-json\/wp\/v2\/posts\/2958"}],"collection":[{"href":"https:\/\/blogsaverroes.juntadeandalucia.es\/ceiparchidona\/wp-json\/wp\/v2\/posts"}],"about":[{"href":"https:\/\/blogsaverroes.juntadeandalucia.es\/ceiparchidona\/wp-json\/wp\/v2\/types\/post"}],"author":[{"embeddable":true,"href":"https:\/\/blogsaverroes.juntadeandalucia.es\/ceiparchidona\/wp-json\/wp\/v2\/users\/4739"}],"replies":[{"embeddable":true,"href":"https:\/\/blogsaverroes.juntadeandalucia.es\/ceiparchidona\/wp-json\/wp\/v2\/comments?post=2958"}],"version-history":[{"count":1,"href":"https:\/\/blogsaverroes.juntadeandalucia.es\/ceiparchidona\/wp-json\/wp\/v2\/posts\/2958\/revisions"}],"predecessor-version":[{"id":2960,"href":"https:\/\/blogsaverroes.juntadeandalucia.es\/ceiparchidona\/wp-json\/wp\/v2\/posts\/2958\/revisions\/2960"}],"wp:featuredmedia":[{"embeddable":true,"href":"https:\/\/blogsaverroes.juntadeandalucia.es\/ceiparchidona\/wp-json\/wp\/v2\/media\/2959"}],"wp:attachment":[{"href":"https:\/\/blogsaverroes.juntadeandalucia.es\/ceiparchidona\/wp-json\/wp\/v2\/media?parent=2958"}],"wp:term":[{"taxonomy":"category","embeddable":true,"href":"https:\/\/blogsaverroes.juntadeandalucia.es\/ceiparchidona\/wp-json\/wp\/v2\/categories?post=2958"},{"taxonomy":"post_tag","embeddable":true,"href":"https:\/\/blogsaverroes.juntadeandalucia.es\/ceiparchidona\/wp-json\/wp\/v2\/tags?post=2958"}],"curies":[{"name":"wp","href":"https:\/\/api.w.org\/{rel}","templated":true}]}}