{"id":138,"date":"2020-02-11T13:01:00","date_gmt":"2020-02-11T12:01:00","guid":{"rendered":"https:\/\/blogsaverroes.juntadeandalucia.es\/ceipardira\/2020\/02\/11\/actividades-variadas\/"},"modified":"2020-02-11T13:01:00","modified_gmt":"2020-02-11T12:01:00","slug":"actividades-variadas","status":"publish","type":"post","link":"https:\/\/blogsaverroes.juntadeandalucia.es\/ceipardira\/2020\/02\/11\/actividades-variadas\/","title":{"rendered":"ACTIVIDADES VARIADAS"},"content":{"rendered":"<p><span style=\", sans-serif\"><b>ACTIVIDADES DIVERSAS<\/b><\/span><br \/>\n<span style=\", sans-serif\"><br \/><\/span><br \/>\n<span style=\"color: #274e13;, sans-serif\"><b>CARRERA SOLIDARIA<\/b><\/span><br \/>\n<span style=\", sans-serif\"><br \/><\/span><br \/>\n<span style=\", sans-serif\">El 30 de enero se llev\u00f3 a cabo una carrera solidaria donde el dinero recaudado ascendi\u00f3 a 210 \u20ac el cual ser\u00e1 donado \u00edntegramente&nbsp;a la Hermanitas de los pobres. Gracias de nuevo por vuestras aportaciones deseando el a\u00f1o que viene superar esta donaci\u00f3n.<\/span><br \/>\n<span style=\", sans-serif\"><br \/><\/span><br \/>\n<span style=\", sans-serif\">Aqu\u00ed os dejamos una muestra&nbsp;<\/span><br \/>\n<span style=\", sans-serif\"><br \/><\/span><br \/>\n<\/p>\n<div style=\"clear: both;text-align: center\">\n<object height=\"266\" width=\"320\"><\/object><\/div>\n<p><span style=\", sans-serif\"><br \/><\/span><br \/>\n<span style=\"color: #a64d79;, sans-serif\"><b>CRECIENDO EN SALUD<\/b><\/span><br \/>\n<span style=\"color: #a64d79;, sans-serif\"><b><br \/><\/b><\/span><br \/>\n<\/p>\n<div style=\"text-align: justify\">\n<span style=\", sans-serif\">Nuestro colegio participa en el \u00abPlan de consumo de fruta en las escuelas\u00bb dentro del proyecto CRECIENDO EN SALUD. Esta acci\u00f3n se desarrolla en 760 centros que imparten Educaci\u00f3n Primaria y est\u00e1 dirigido a escolares de 6 a 11 a\u00f1os de edad.<\/span><\/div>\n<div style=\"text-align: justify\">\n<span style=\", sans-serif\">Los objetivos a cubrir con este plan son:<\/span><\/div>\n<div style=\"text-align: justify\">\n<span style=\", sans-serif\">&#8211; Contribuir a reducir problemas de salud relacionados con la alimentaci\u00f3n y a mejorar los h\u00e1bitos alimenticios.<\/span><\/div>\n<div style=\"text-align: justify\">\n<span style=\", sans-serif\">-Formar y concienciar de los beneficios saludables de las frutas y hortalizas.<\/span><\/div>\n<div style=\"text-align: justify\">\n<span style=\", sans-serif\">-Incrementar y consolidar la proporci\u00f3n de frutas y hortalizas en la&nbsp; dieta infantil, invirtiendo la tendencia actual de descenso en el consumo de estos productos.<\/span><\/div>\n<p><span style=\"color: #a64d79;, sans-serif\"><\/span><\/p>\n<div style=\"text-align: justify\">\n<div style=\"clear: right;float: right;margin-bottom: 1em;margin-left: 1em\">\n<div style=\"margin: 0px\">\n<span style=\", sans-serif\"><br \/><\/span><\/div>\n<\/div>\n<div style=\"margin: 0px\">\n<span style=\", sans-serif\">-Hacer part\u00edcipes a las familias y al profesorado como piezas claves para el fomento de nuevos estilos de vida saludable.<\/span><br \/>\n<span style=\", sans-serif\"><span style=\", sans-serif\"><br \/><\/span><span style=\", sans-serif\">Estos d\u00edas hemos podido hacer la degustaci\u00f3n de la primera entrega: fresas,manzanas y naranjas.<\/span><\/span><\/div>\n<div style=\"margin: 0px\">\n<span style=\", sans-serif\"><br \/><\/span><br \/>\n<\/p>\n<div style=\"clear: both;text-align: center\">\n<a href=\"https:\/\/blogger.googleusercontent.com\/img\/b\/R29vZ2xl\/AVvXsEiOyB2JeK4MBasBOsYV9HuXUQn6wESlt6mTqH6396wjCa8C426notbp45Gn1D7-D2tc5CuduUW9fyAqAza67OkuoDKJIQKIZ83gJgG8610Unjjinhq2ihCIE4pYyIwNo_Qj_LKlCopI9cma\/s1600\/Editor+de+Fotocollages_NJCN8s.png\" style=\"margin-left: 1em;margin-right: 1em\"><img loading=\"lazy\" decoding=\"async\" border=\"0\" data-original-height=\"1600\" data-original-width=\"1600\" height=\"320\" src=\"https:\/\/blogger.googleusercontent.com\/img\/b\/R29vZ2xl\/AVvXsEiOyB2JeK4MBasBOsYV9HuXUQn6wESlt6mTqH6396wjCa8C426notbp45Gn1D7-D2tc5CuduUW9fyAqAza67OkuoDKJIQKIZ83gJgG8610Unjjinhq2ihCIE4pYyIwNo_Qj_LKlCopI9cma\/s320\/Editor+de+Fotocollages_NJCN8s.png\" width=\"320\" \/><\/a><\/div>\n<p><span style=\", sans-serif\"><br \/><\/span><\/div>\n<\/div>\n<p><span style=\"color: #a64d79;, sans-serif\"><b><br \/><\/b><\/span><br \/>\n<span style=\"color: #a64d79;, sans-serif\"><b><br \/><\/b><\/span><br \/>\n<span style=\"color: #a64d79;, sans-serif\"><b><br \/><\/b><\/span><br \/>\n<span style=\"color: #0b5394;, sans-serif\"><b>TEATRO INFANTIL&nbsp;<\/b><\/span><br \/>\n<span style=\"color: #0b5394;, sans-serif\"><b><br \/><\/b><\/span><br \/>\n<span style=\"color: #0b5394;, sans-serif\">El viernes 7 de febrero se represent\u00f3 en el CEIP Ardira un peque\u00f1o teatro basado en la obra de Julio Verne \u00abLa vuelta al mundo en 80 d\u00edas\u00bb, la funci\u00f3n preparada por pap\u00e1s y mam\u00e1s de&nbsp; la clase de 3 a\u00f1itos fue todo un \u00e9xito, nuestras m\u00e1s efusivas felicitaciones.<\/span><br \/>\n<span style=\"color: #0b5394;, sans-serif\"><br \/><\/span><br \/>\n<\/p>\n<div style=\"clear: both;text-align: center\">\n<object height=\"266\" width=\"320\"><\/object><\/div>\n<p><span style=\"color: #0b5394;, sans-serif\"><br \/><\/span><br \/>\n<span style=\"color: #0b5394;, sans-serif\"><b><br \/><\/b><\/span><br \/>\n<span style=\"color: #0b5394;, sans-serif\"><b><br \/><\/b><\/span><\/p>\n","protected":false},"excerpt":{"rendered":"<p>ACTIVIDADES DIVERSAS CARRERA SOLIDARIA El 30 de enero se llev\u00f3 a cabo una carrera solidaria donde el dinero recaudado ascendi\u00f3 a 210 \u20ac el cual ser\u00e1 donado \u00edntegramente&nbsp;a la Hermanitas de los pobres. Gracias de nuevo&#46;&#46;&#46;<\/p>\n","protected":false},"author":20834,"featured_media":0,"comment_status":"open","ping_status":"open","sticky":false,"template":"","format":"standard","meta":{"footnotes":""},"categories":[6],"tags":[],"aioseo_notices":[],"_links":{"self":[{"href":"https:\/\/blogsaverroes.juntadeandalucia.es\/ceipardira\/wp-json\/wp\/v2\/posts\/138"}],"collection":[{"href":"https:\/\/blogsaverroes.juntadeandalucia.es\/ceipardira\/wp-json\/wp\/v2\/posts"}],"about":[{"href":"https:\/\/blogsaverroes.juntadeandalucia.es\/ceipardira\/wp-json\/wp\/v2\/types\/post"}],"author":[{"embeddable":true,"href":"https:\/\/blogsaverroes.juntadeandalucia.es\/ceipardira\/wp-json\/wp\/v2\/users\/20834"}],"replies":[{"embeddable":true,"href":"https:\/\/blogsaverroes.juntadeandalucia.es\/ceipardira\/wp-json\/wp\/v2\/comments?post=138"}],"version-history":[{"count":0,"href":"https:\/\/blogsaverroes.juntadeandalucia.es\/ceipardira\/wp-json\/wp\/v2\/posts\/138\/revisions"}],"wp:attachment":[{"href":"https:\/\/blogsaverroes.juntadeandalucia.es\/ceipardira\/wp-json\/wp\/v2\/media?parent=138"}],"wp:term":[{"taxonomy":"category","embeddable":true,"href":"https:\/\/blogsaverroes.juntadeandalucia.es\/ceipardira\/wp-json\/wp\/v2\/categories?post=138"},{"taxonomy":"post_tag","embeddable":true,"href":"https:\/\/blogsaverroes.juntadeandalucia.es\/ceipardira\/wp-json\/wp\/v2\/tags?post=138"}],"curies":[{"name":"wp","href":"https:\/\/api.w.org\/{rel}","templated":true}]}}