{"id":18,"date":"2024-12-14T07:58:00","date_gmt":"2024-12-14T06:58:00","guid":{"rendered":""},"modified":"2025-03-18T07:59:58","modified_gmt":"2025-03-18T06:59:58","slug":"18","status":"publish","type":"post","link":"https:\/\/blogsaverroes.juntadeandalucia.es\/ceipardira\/2024\/12\/14\/18\/","title":{"rendered":""},"content":{"rendered":"<h1 style=\"text-align: left\">&nbsp; &nbsp; &nbsp; &nbsp; &nbsp; &nbsp; &nbsp; &nbsp;<span style=\"color: red;font-family: Lilita One;font-size: x-large\">DICIEMBRE NAVIDE\u00d1O<\/span><\/h1>\n<div><span style=\"font-family: helvetica\">Queridas familias, el mes de diciembre en el cole est\u00e1 siendo de lo m\u00e1s divertido, original y navide\u00f1o.&nbsp;<\/span><\/div>\n<div><span style=\"font-family: helvetica\"><br \/><\/span><\/div>\n<div><span style=\"font-family: helvetica\">Apareci\u00f3 una peque\u00f1a elfa en la clase de 3\u00ba de Primaria, a la que nombraron Elfita y ha estado haciendo alguna que otra travesura&#8230; hasta se comi\u00f3 las chocolatinas del calendario de adviento de la clase de 5 a\u00f1os&#8230;<span style=\"font-size: x-small\"><u><i><b>\u00bfo eso fue el Profe Jos\u00e9 Carlos&#8230;? \ud83d\ude1c (no estamos seguros&#8230;)<\/b><\/i><\/u><\/span><\/span><\/div>\n<div><span style=\"font-family: helvetica\"><br \/><\/span><\/div>\n<div>\n<div style=\"clear: both;text-align: center\"><\/div>\n<div style=\"clear: both;text-align: center\"><a href=\"https:\/\/blogger.googleusercontent.com\/img\/b\/R29vZ2xl\/AVvXsEgeru29ChwIOjx_PEXfJKcZ21jMWglyxAWt_vD0Kvuh5u8ektaRXqQb41CYPiOMg_kIeszf5Jn2t8CVIXLAkbXb91MNfPiEvZzx7BGNPADPtb77fkOvzz80SK9GGQVdbGo6N8jnUi5N-DfRyBwouoNrfkYpWVn8uhlscQE90dg0iHAr0lffItT5mV9_dVGJ\/s4032\/IMG_9530.JPG\" style=\"margin-left: 1em;margin-right: 1em\"><img loading=\"lazy\" decoding=\"async\" border=\"0\" data-original-height=\"4032\" data-original-width=\"3024\" height=\"320\" src=\"https:\/\/blogger.googleusercontent.com\/img\/b\/R29vZ2xl\/AVvXsEgeru29ChwIOjx_PEXfJKcZ21jMWglyxAWt_vD0Kvuh5u8ektaRXqQb41CYPiOMg_kIeszf5Jn2t8CVIXLAkbXb91MNfPiEvZzx7BGNPADPtb77fkOvzz80SK9GGQVdbGo6N8jnUi5N-DfRyBwouoNrfkYpWVn8uhlscQE90dg0iHAr0lffItT5mV9_dVGJ\/s320\/IMG_9530.JPG\" width=\"240\" \/><\/a><\/div>\n<div style=\"clear: both;text-align: center\"><\/div>\n<div style=\"clear: both;text-align: center\">EL AMBIENTE NAVIDE\u00d1O EMPEZ\u00d3 A FLORECER EN EL COLE&#8230;<\/div>\n<div style=\"clear: both;text-align: center\"><\/div>\n<table align=\"center\" cellpadding=\"0\" cellspacing=\"0\" style=\"margin-left: auto;margin-right: auto\">\n<tbody>\n<tr>\n<td style=\"text-align: center\"><a href=\"https:\/\/blogger.googleusercontent.com\/img\/b\/R29vZ2xl\/AVvXsEiFrM600xArLsisdphRmP0An2bYG0ULeDrSWpR2iOs1BnKOMspsJkvZlYRzoLzFzWRQ7y9ul_WiR5l0_N2ZlI8D60JzNx7c5tO7tPI5T1_y_6ZCMMEzhkRA0dIrKyarOpco-L1Hxd9QgjmjQr92XMCicGVOL2Anz0lmo0eRRWcHf6a3tKugSgk11aCsrqmf\/s1600\/5a3dd81f-b326-4e2b-b430-bbcc9da667bb.JPG\" style=\"margin-left: auto;margin-right: auto\"><img loading=\"lazy\" decoding=\"async\" border=\"0\" data-original-height=\"1200\" data-original-width=\"1600\" height=\"175\" src=\"https:\/\/blogger.googleusercontent.com\/img\/b\/R29vZ2xl\/AVvXsEiFrM600xArLsisdphRmP0An2bYG0ULeDrSWpR2iOs1BnKOMspsJkvZlYRzoLzFzWRQ7y9ul_WiR5l0_N2ZlI8D60JzNx7c5tO7tPI5T1_y_6ZCMMEzhkRA0dIrKyarOpco-L1Hxd9QgjmjQr92XMCicGVOL2Anz0lmo0eRRWcHf6a3tKugSgk11aCsrqmf\/w233-h175\/5a3dd81f-b326-4e2b-b430-bbcc9da667bb.JPG\" width=\"233\" \/><\/a><\/td>\n<\/tr>\n<tr>\n<td style=\"text-align: center\">Rosario con el esp\u00edritu navide\u00f1o a flor de piel&nbsp;<\/td>\n<\/tr>\n<\/tbody>\n<\/table>\n<p><\/p>\n<div style=\"clear: both;text-align: center\"><a href=\"https:\/\/blogger.googleusercontent.com\/img\/b\/R29vZ2xl\/AVvXsEi20YyVQH2kdrXzfWOV3yCktez5AYMbT_3Lr4OSTND8lwWJWPod9FEuh2CyOX-kX-zwFXiRjkjB9XzNfYbk8OGsv1rMiuFeMFzxihqoPaVNd2NpwHyMGPAgebLfQ2558qR7llXpMFLFPxuO5CbuVcctL8DsWDJMF5CfzcKy_Y4yBX0JMZAvFpKZeFMuCw37\/s4032\/IMG_9543.JPG\" style=\"margin-left: 1em;margin-right: 1em\"><img loading=\"lazy\" decoding=\"async\" border=\"0\" data-original-height=\"4032\" data-original-width=\"3024\" height=\"263\" src=\"https:\/\/blogger.googleusercontent.com\/img\/b\/R29vZ2xl\/AVvXsEi20YyVQH2kdrXzfWOV3yCktez5AYMbT_3Lr4OSTND8lwWJWPod9FEuh2CyOX-kX-zwFXiRjkjB9XzNfYbk8OGsv1rMiuFeMFzxihqoPaVNd2NpwHyMGPAgebLfQ2558qR7llXpMFLFPxuO5CbuVcctL8DsWDJMF5CfzcKy_Y4yBX0JMZAvFpKZeFMuCw37\/w197-h263\/IMG_9543.JPG\" width=\"197\" \/><\/a><\/div>\n<p><\/p>\n<div style=\"clear: both;text-align: center\"><a href=\"https:\/\/blogger.googleusercontent.com\/img\/b\/R29vZ2xl\/AVvXsEhSlzYPYdrVRkciAdsySUreia6qXPdVDMrOfpG4wle-66Tq8S0nH9ClUPMhpZJkqmqLcFfiGS2vzNcyShuhsLQkE2hBjw5-u0mjTl_mvuCjyXk26b5nLokGP_eUz9ZawNmlu-L5v0LHPX7KizMXrKaygh28YZnTJfq42Zz0uDkoHoYnrT0UrypukhaKYyc9\/s4032\/IMG_9544.JPG\" style=\"margin-left: 1em;margin-right: 1em\"><img loading=\"lazy\" decoding=\"async\" border=\"0\" data-original-height=\"3024\" data-original-width=\"4032\" height=\"192\" src=\"https:\/\/blogger.googleusercontent.com\/img\/b\/R29vZ2xl\/AVvXsEhSlzYPYdrVRkciAdsySUreia6qXPdVDMrOfpG4wle-66Tq8S0nH9ClUPMhpZJkqmqLcFfiGS2vzNcyShuhsLQkE2hBjw5-u0mjTl_mvuCjyXk26b5nLokGP_eUz9ZawNmlu-L5v0LHPX7KizMXrKaygh28YZnTJfq42Zz0uDkoHoYnrT0UrypukhaKYyc9\/w256-h192\/IMG_9544.JPG\" width=\"256\" \/><\/a><\/div>\n<div><\/div>\n<div>&nbsp; &nbsp; &nbsp; &nbsp; &nbsp; &nbsp; &nbsp; &nbsp;&#8230;HASTA EN EDUCACI\u00d3N F\u00cdSICA SE VE\u00cdA LA M\u00c1GIA DE LA NAVIDAD&#8230;&nbsp;<\/div>\n<\/div>\n<div>\n<h3 style=\"clear: both;text-align: center\">&nbsp; &#8230;.AHORA TODO EL COLE BUSCA A ELFITA POR LAS MA\u00d1ANAS PARA VER SI HA HECHO ALGUNA DE LAS SUYAS&#8230;.<br \/><\/h3>\n<div style=\"clear: both;text-align: center\"><a href=\"https:\/\/blogger.googleusercontent.com\/img\/b\/R29vZ2xl\/AVvXsEhoyi72JhIHljrTQJ3ufnFjK7S7V1yh-MXh2_yDj-_9FIR5HP3UMxudt-tncJTOIMjQvVOPNBqMD0ezxbnvF9tPmmJvXOl9E5mBiRIvwmwWcBXUPtvhnftnlwiGaZL9qGSW3hcbDzJ-xg3-NiBWrDStn8SHl2rU475e3t1PE4L5MqDJA62j5tk9Rb-WIFja\/s4032\/IMG_9587.JPG\" style=\"margin-left: 1em;margin-right: 1em\"><img loading=\"lazy\" decoding=\"async\" alt=\"Ana y Alfredo buscando a Elfita\" border=\"0\" data-original-height=\"4032\" data-original-width=\"3024\" height=\"220\" src=\"https:\/\/blogger.googleusercontent.com\/img\/b\/R29vZ2xl\/AVvXsEhoyi72JhIHljrTQJ3ufnFjK7S7V1yh-MXh2_yDj-_9FIR5HP3UMxudt-tncJTOIMjQvVOPNBqMD0ezxbnvF9tPmmJvXOl9E5mBiRIvwmwWcBXUPtvhnftnlwiGaZL9qGSW3hcbDzJ-xg3-NiBWrDStn8SHl2rU475e3t1PE4L5MqDJA62j5tk9Rb-WIFja\/w165-h220\/IMG_9587.JPG\" width=\"165\" \/><\/a><\/div>\n<h4 style=\"clear: both;text-align: center\">HASTA ANA Y ALFREDO BUSCAN A ELFITA&#8230;Y GRACIAS A ESO.. ENCONTRARON CALEFACTORES PARA EL FR\u00cdO NAVIDE\u00d1O<\/h4>\n<p style=\"clear: both;text-align: center\"><b>Y LA SEMANA QUE VIENE LLEGA CARGADITA DE ACTIVIDADES:&nbsp;<\/b><\/p>\n<p style=\"clear: both;text-align: center\"><u>Lunes<\/u>: Salida al cine para ver Vaiana 2<\/p>\n<p style=\"clear: both;text-align: center\"><u>Martes y mi\u00e9rcoles<\/u>: Mercadillo navide\u00f1os en el recreo, con la gran colaboraci\u00f3n del AMPA<\/p>\n<p style=\"clear: both;text-align: center\"><u>Jueves<\/u>: Gran Festival Navide\u00f1o Familiar<\/p>\n<p style=\"clear: both;text-align: center\"><u>Viernes<\/u>: Visita de un personaje navide\u00f1o, desayuno con churros y Festival Navide\u00f1o Interno<\/p>\n<p style=\"clear: both;text-align: center\"><\/p>\n<p style=\"clear: both;text-align: center\">\ud83c\udf84\ud83c\udf84\ud83c\udf84\ud83c\udf85\ud83c\udf84\ud83c\udf84\ud83c\udf84\ud83c\udf85\ud83c\udf84\ud83c\udf84\ud83c\udf84\ud83c\udf85\ud83c\udf84\ud83c\udf84\ud83c\udf84\ud83c\udf85\ud83c\udf84\ud83c\udf84\ud83c\udf84<\/p>\n<p><span style=\"font-family: helvetica\"><br \/><\/span><\/div>\n","protected":false},"excerpt":{"rendered":"<p>&nbsp; &nbsp; &nbsp; &nbsp; &nbsp; &nbsp; &nbsp; &nbsp;DICIEMBRE NAVIDE\u00d1O Queridas familias, el mes de diciembre en el cole est\u00e1 siendo de lo m\u00e1s divertido, original y navide\u00f1o.&nbsp; Apareci\u00f3 una peque\u00f1a elfa en la clase de 3\u00ba&#46;&#46;&#46;<\/p>\n","protected":false},"author":20834,"featured_media":0,"comment_status":"open","ping_status":"open","sticky":false,"template":"","format":"standard","meta":{"footnotes":""},"categories":[1],"tags":[],"aioseo_notices":[],"_links":{"self":[{"href":"https:\/\/blogsaverroes.juntadeandalucia.es\/ceipardira\/wp-json\/wp\/v2\/posts\/18"}],"collection":[{"href":"https:\/\/blogsaverroes.juntadeandalucia.es\/ceipardira\/wp-json\/wp\/v2\/posts"}],"about":[{"href":"https:\/\/blogsaverroes.juntadeandalucia.es\/ceipardira\/wp-json\/wp\/v2\/types\/post"}],"author":[{"embeddable":true,"href":"https:\/\/blogsaverroes.juntadeandalucia.es\/ceipardira\/wp-json\/wp\/v2\/users\/20834"}],"replies":[{"embeddable":true,"href":"https:\/\/blogsaverroes.juntadeandalucia.es\/ceipardira\/wp-json\/wp\/v2\/comments?post=18"}],"version-history":[{"count":1,"href":"https:\/\/blogsaverroes.juntadeandalucia.es\/ceipardira\/wp-json\/wp\/v2\/posts\/18\/revisions"}],"predecessor-version":[{"id":460,"href":"https:\/\/blogsaverroes.juntadeandalucia.es\/ceipardira\/wp-json\/wp\/v2\/posts\/18\/revisions\/460"}],"wp:attachment":[{"href":"https:\/\/blogsaverroes.juntadeandalucia.es\/ceipardira\/wp-json\/wp\/v2\/media?parent=18"}],"wp:term":[{"taxonomy":"category","embeddable":true,"href":"https:\/\/blogsaverroes.juntadeandalucia.es\/ceipardira\/wp-json\/wp\/v2\/categories?post=18"},{"taxonomy":"post_tag","embeddable":true,"href":"https:\/\/blogsaverroes.juntadeandalucia.es\/ceipardira\/wp-json\/wp\/v2\/tags?post=18"}],"curies":[{"name":"wp","href":"https:\/\/api.w.org\/{rel}","templated":true}]}}