{"id":188,"date":"2019-03-21T11:20:00","date_gmt":"2019-03-21T10:20:00","guid":{"rendered":"https:\/\/blogsaverroes.juntadeandalucia.es\/ceipardira\/2019\/03\/21\/plan-de-consumo-de-frutas\/"},"modified":"2019-03-21T11:20:00","modified_gmt":"2019-03-21T10:20:00","slug":"plan-de-consumo-de-frutas","status":"publish","type":"post","link":"https:\/\/blogsaverroes.juntadeandalucia.es\/ceipardira\/2019\/03\/21\/plan-de-consumo-de-frutas\/","title":{"rendered":"PLAN DE CONSUMO DE FRUTAS"},"content":{"rendered":"<div style=\"text-align: justify\">\n<span style=\"color: blue\"><b>\u00a1\u00a1QUE RICA LA FRUTA!!<\/b><\/span><br \/>\n<span style=\"color: blue\"><b><br \/><\/b><\/span><span style=\"font-family: Trebuchet MS, sans-serif\">Nuestro colegio participa en el \u00abPlan de consumo de fruta en las escuelas\u00bb dentro del proyecto CRECIENDO EN SALUD. Esta acci\u00f3n se desarrolla en 760 centros que imparten Educaci\u00f3n Primaria y est\u00e1 dirigido a escolares de 6 a 11 a\u00f1os de edad.<\/span><\/div>\n<div style=\"text-align: justify\">\n<span style=\"font-family: Trebuchet MS, sans-serif\">Los objetivos a cubrir con este plan son:<\/span><\/div>\n<div style=\"text-align: justify\">\n<span style=\"font-family: Trebuchet MS, sans-serif\">&#8211; Contribuir a reducir problemas de salud relacionados con la alimentaci\u00f3n y a mejorar los h\u00e1bitos alimenticios.<\/span><\/div>\n<div style=\"text-align: justify\">\n<span style=\"font-family: Trebuchet MS, sans-serif\">-Formar y concienciar de los beneficios saludables de las frutas y hortalizas.<\/span><\/div>\n<div style=\"text-align: justify\">\n<span style=\"font-family: Trebuchet MS, sans-serif\">-Incrementar y consolidar la proporci\u00f3n de frutas y hortalizas en la&nbsp; dieta infantil, invirtiendo la tendencia actual de descenso en el consumo de estos productos.<\/span><\/div>\n<div style=\"color: black;font-size: medium;font-style: normal;font-weight: 400;letter-spacing: normal;text-align: justify;text-indent: 0px;text-transform: none\">\n<div style=\"clear: right;float: right;margin-bottom: 1em;margin-left: 1em\">\n<div style=\"margin: 0px\">\n<span style=\"font-family: Trebuchet MS, sans-serif\"><br \/><\/span><\/div>\n<\/div>\n<div style=\"margin: 0px\">\n<span style=\"font-family: Trebuchet MS, sans-serif\">-Hacer part\u00edcipes a las familias y al profesorado como piezas claves para el fomento de nuevos estilos de vida saludable.<\/span><br \/>\n<span style=\"font-family: Trebuchet MS, sans-serif\"><br \/><\/span><br \/>\n<span style=\"font-family: Trebuchet MS, sans-serif\">Estos d\u00edas hemos podido hacer la degustaci\u00f3n de la primera entrega: fresas,manzanas y peras.<\/span><\/div>\n<div style=\"margin: 0px\">\n<span style=\", monospace\"><br \/><\/span><span style=\", monospace\"><br \/><\/span><\/div>\n<div style=\"clear: both;margin: 0px;text-align: center\">\n<a href=\"https:\/\/blogger.googleusercontent.com\/img\/b\/R29vZ2xl\/AVvXsEiknfcpm0OscwLtdv9rxzP4IrIpRu-YXoIfelO0Eq3f_u6kxRW5iBG1KRNgE82qt1ZXUDQq3ckTtg7_yz3ysBkopu0Suomy_ttCPBMSEEdmq1WG-eVdDup2WAGnwmF6HAYBjydNCtl8Ap8l\/s1600\/100_2653.JPG\" style=\"margin-left: 1em;margin-right: 1em\"><img loading=\"lazy\" decoding=\"async\" border=\"0\" class=\"CSS_LIGHTBOX_SCALED_IMAGE_IMG\" height=\"640\" src=\"https:\/\/blogger.googleusercontent.com\/img\/b\/R29vZ2xl\/AVvXsEiknfcpm0OscwLtdv9rxzP4IrIpRu-YXoIfelO0Eq3f_u6kxRW5iBG1KRNgE82qt1ZXUDQq3ckTtg7_yz3ysBkopu0Suomy_ttCPBMSEEdmq1WG-eVdDup2WAGnwmF6HAYBjydNCtl8Ap8l\/s640\/100_2653.JPG\" width=\"480\" \/><\/a><\/div>\n<div style=\"margin: 0px\">\n<\/div>\n<\/div>\n","protected":false},"excerpt":{"rendered":"<p>\u00a1\u00a1QUE RICA LA FRUTA!! Nuestro colegio participa en el \u00abPlan de consumo de fruta en las escuelas\u00bb dentro del proyecto CRECIENDO EN SALUD. Esta acci\u00f3n se desarrolla en 760 centros que imparten Educaci\u00f3n Primaria y est\u00e1&#46;&#46;&#46;<\/p>\n","protected":false},"author":20834,"featured_media":0,"comment_status":"open","ping_status":"open","sticky":false,"template":"","format":"standard","meta":{"footnotes":""},"categories":[1],"tags":[],"aioseo_notices":[],"_links":{"self":[{"href":"https:\/\/blogsaverroes.juntadeandalucia.es\/ceipardira\/wp-json\/wp\/v2\/posts\/188"}],"collection":[{"href":"https:\/\/blogsaverroes.juntadeandalucia.es\/ceipardira\/wp-json\/wp\/v2\/posts"}],"about":[{"href":"https:\/\/blogsaverroes.juntadeandalucia.es\/ceipardira\/wp-json\/wp\/v2\/types\/post"}],"author":[{"embeddable":true,"href":"https:\/\/blogsaverroes.juntadeandalucia.es\/ceipardira\/wp-json\/wp\/v2\/users\/20834"}],"replies":[{"embeddable":true,"href":"https:\/\/blogsaverroes.juntadeandalucia.es\/ceipardira\/wp-json\/wp\/v2\/comments?post=188"}],"version-history":[{"count":0,"href":"https:\/\/blogsaverroes.juntadeandalucia.es\/ceipardira\/wp-json\/wp\/v2\/posts\/188\/revisions"}],"wp:attachment":[{"href":"https:\/\/blogsaverroes.juntadeandalucia.es\/ceipardira\/wp-json\/wp\/v2\/media?parent=188"}],"wp:term":[{"taxonomy":"category","embeddable":true,"href":"https:\/\/blogsaverroes.juntadeandalucia.es\/ceipardira\/wp-json\/wp\/v2\/categories?post=188"},{"taxonomy":"post_tag","embeddable":true,"href":"https:\/\/blogsaverroes.juntadeandalucia.es\/ceipardira\/wp-json\/wp\/v2\/tags?post=188"}],"curies":[{"name":"wp","href":"https:\/\/api.w.org\/{rel}","templated":true}]}}