{"id":260,"date":"2017-09-26T11:19:00","date_gmt":"2017-09-26T09:19:00","guid":{"rendered":"https:\/\/blogsaverroes.juntadeandalucia.es\/ceipardira\/2017\/09\/26\/pasaporte-verde\/"},"modified":"2017-09-26T11:19:00","modified_gmt":"2017-09-26T09:19:00","slug":"pasaporte-verde","status":"publish","type":"post","link":"https:\/\/blogsaverroes.juntadeandalucia.es\/ceipardira\/2017\/09\/26\/pasaporte-verde\/","title":{"rendered":"Pasaporte verde"},"content":{"rendered":"<div style=\"text-align: justify\">\nEl pr\u00f3ximo mi\u00e9rcoles<b> 4 de Octubre<\/b> vendr\u00e1 a nuestro centro un grupo de monitores para trabajar el programa \u00abEsto me suena\u00bb (organizado por el Ayuntamiento de M\u00e1laga) con los chicos y chicas de <b>5\u00ba <\/b>y<b> 6\u00ba<\/b> curso. Veremos ideas sobre la conservaci\u00f3n del entorno y la <b>contaminaci\u00f3n ac\u00fastica<\/b>.<\/div>\n<div style=\"text-align: justify\">\n<\/div>\n<div style=\"text-align: justify\">\nM\u00e1s adelante, el martes <b>10 de Octubre<\/b>, el alumnado de <b>5\u00ba <\/b>y<b> 6\u00ba<\/b> de primaria ir\u00e1 en autob\u00fas a visitar las instalaciones del Centro Ambiental de M\u00e1laga Los Ruices (<b>Limasa<\/b>) para realizar numerosas actividades en torno al programa \u00abCambio mi modelo de consumo\u00bb sobre reciclaje y sostenibilidad. La actividad durar\u00e1 toda la ma\u00f1ana.<\/div>\n","protected":false},"excerpt":{"rendered":"<p>El pr\u00f3ximo mi\u00e9rcoles 4 de Octubre vendr\u00e1 a nuestro centro un grupo de monitores para trabajar el programa \u00abEsto me suena\u00bb (organizado por el Ayuntamiento de M\u00e1laga) con los chicos y chicas de 5\u00ba y 6\u00ba&#46;&#46;&#46;<\/p>\n","protected":false},"author":20834,"featured_media":0,"comment_status":"open","ping_status":"open","sticky":false,"template":"","format":"standard","meta":{"footnotes":""},"categories":[1],"tags":[],"aioseo_notices":[],"_links":{"self":[{"href":"https:\/\/blogsaverroes.juntadeandalucia.es\/ceipardira\/wp-json\/wp\/v2\/posts\/260"}],"collection":[{"href":"https:\/\/blogsaverroes.juntadeandalucia.es\/ceipardira\/wp-json\/wp\/v2\/posts"}],"about":[{"href":"https:\/\/blogsaverroes.juntadeandalucia.es\/ceipardira\/wp-json\/wp\/v2\/types\/post"}],"author":[{"embeddable":true,"href":"https:\/\/blogsaverroes.juntadeandalucia.es\/ceipardira\/wp-json\/wp\/v2\/users\/20834"}],"replies":[{"embeddable":true,"href":"https:\/\/blogsaverroes.juntadeandalucia.es\/ceipardira\/wp-json\/wp\/v2\/comments?post=260"}],"version-history":[{"count":0,"href":"https:\/\/blogsaverroes.juntadeandalucia.es\/ceipardira\/wp-json\/wp\/v2\/posts\/260\/revisions"}],"wp:attachment":[{"href":"https:\/\/blogsaverroes.juntadeandalucia.es\/ceipardira\/wp-json\/wp\/v2\/media?parent=260"}],"wp:term":[{"taxonomy":"category","embeddable":true,"href":"https:\/\/blogsaverroes.juntadeandalucia.es\/ceipardira\/wp-json\/wp\/v2\/categories?post=260"},{"taxonomy":"post_tag","embeddable":true,"href":"https:\/\/blogsaverroes.juntadeandalucia.es\/ceipardira\/wp-json\/wp\/v2\/tags?post=260"}],"curies":[{"name":"wp","href":"https:\/\/api.w.org\/{rel}","templated":true}]}}