{"id":312,"date":"2016-10-20T11:47:00","date_gmt":"2016-10-20T09:47:00","guid":{"rendered":"https:\/\/blogsaverroes.juntadeandalucia.es\/ceipardira\/2016\/10\/20\/te-gusta-cantar\/"},"modified":"2016-10-20T11:47:00","modified_gmt":"2016-10-20T09:47:00","slug":"te-gusta-cantar","status":"publish","type":"post","link":"https:\/\/blogsaverroes.juntadeandalucia.es\/ceipardira\/2016\/10\/20\/te-gusta-cantar\/","title":{"rendered":"\u00bfTe gusta cantar?"},"content":{"rendered":"<p>Hemos recibido informaci\u00f3n sobre una actividad gratuita y muy interesante para que los alumnos y alumnas de este colegio y de otros puedan cantar en un coro infantil, en concreto en las escolan\u00edas del Orfe\u00f3n Universitario de M\u00e1laga.<\/p>\n<p>Estas actividades est\u00e1n programadas para el alumnado de 7 a 13 a\u00f1os. Tienen dos coros, uno ensaya los lunes de 17:30 a 19:00 y el otro los viernes a la misma hora.<\/p>\n<p>El local de ensayo est\u00e1 situado en C\/Hoyo Higuer\u00f3n, n\u00ba3 (antiguo colegio F\u00e9lix Rodr\u00edguez de la Fuente)<\/p>\n<p>Tel\u00e9fonos de contacto: 633 65 24 52&nbsp; &#8211;&nbsp; 680 38 03 47<\/p>\n<p>Os ense\u00f1ar\u00e1n a cantar y participar\u00e9is en conciertos corales. Animaos!!! <br \/>\n&nbsp;&nbsp;&nbsp;&nbsp;&nbsp;&nbsp;<\/p>\n","protected":false},"excerpt":{"rendered":"<p>Hemos recibido informaci\u00f3n sobre una actividad gratuita y muy interesante para que los alumnos y alumnas de este colegio y de otros puedan cantar en un coro infantil, en concreto en las escolan\u00edas del Orfe\u00f3n Universitario&#46;&#46;&#46;<\/p>\n","protected":false},"author":20834,"featured_media":0,"comment_status":"open","ping_status":"open","sticky":false,"template":"","format":"standard","meta":{"footnotes":""},"categories":[1],"tags":[],"aioseo_notices":[],"_links":{"self":[{"href":"https:\/\/blogsaverroes.juntadeandalucia.es\/ceipardira\/wp-json\/wp\/v2\/posts\/312"}],"collection":[{"href":"https:\/\/blogsaverroes.juntadeandalucia.es\/ceipardira\/wp-json\/wp\/v2\/posts"}],"about":[{"href":"https:\/\/blogsaverroes.juntadeandalucia.es\/ceipardira\/wp-json\/wp\/v2\/types\/post"}],"author":[{"embeddable":true,"href":"https:\/\/blogsaverroes.juntadeandalucia.es\/ceipardira\/wp-json\/wp\/v2\/users\/20834"}],"replies":[{"embeddable":true,"href":"https:\/\/blogsaverroes.juntadeandalucia.es\/ceipardira\/wp-json\/wp\/v2\/comments?post=312"}],"version-history":[{"count":0,"href":"https:\/\/blogsaverroes.juntadeandalucia.es\/ceipardira\/wp-json\/wp\/v2\/posts\/312\/revisions"}],"wp:attachment":[{"href":"https:\/\/blogsaverroes.juntadeandalucia.es\/ceipardira\/wp-json\/wp\/v2\/media?parent=312"}],"wp:term":[{"taxonomy":"category","embeddable":true,"href":"https:\/\/blogsaverroes.juntadeandalucia.es\/ceipardira\/wp-json\/wp\/v2\/categories?post=312"},{"taxonomy":"post_tag","embeddable":true,"href":"https:\/\/blogsaverroes.juntadeandalucia.es\/ceipardira\/wp-json\/wp\/v2\/tags?post=312"}],"curies":[{"name":"wp","href":"https:\/\/api.w.org\/{rel}","templated":true}]}}