{"id":36,"date":"2024-05-29T11:59:00","date_gmt":"2024-05-29T09:59:00","guid":{"rendered":"https:\/\/blogsaverroes.juntadeandalucia.es\/ceipardira\/2024\/05\/29\/"},"modified":"2024-05-29T11:59:00","modified_gmt":"2024-05-29T09:59:00","slug":"36","status":"publish","type":"post","link":"https:\/\/blogsaverroes.juntadeandalucia.es\/ceipardira\/2024\/05\/29\/36\/","title":{"rendered":""},"content":{"rendered":"<p style=\"text-align: center\">&nbsp;<span style=\"background-color: #45818e;color: #f9cb9c\">NO PARAMOS, NO PARAMOS&#8230;<\/span><\/p>\n<p style=\"text-align: justify\">Es curioso c\u00f3mo pasa el tiempo y a veces parece que se detiene, pero en realidad nunca deja de avanzar. Con esto queremos decir que estamos dando ya los \u00faltimos coletazos a este curso 2023\/24 y a los maestros nos da el agobio de dar el temario establecido o repasar aquella tarea que mis alumnos \u00abcogieron con pinzas\u00bb.<\/p>\n<p style=\"text-align: justify\">Mientras con encontramos con esta tesitura, los talleres en&nbsp; nuestro cole no han quedado en el olvido, gracias a los diferentes proyectos en los cuales se encuentra el centro inmerso; talleres muy productivos, que alteran de forma favorable la rutina diaria y con diversas tem\u00e1ticas, a saber:<\/p>\n<\/p>\n<ul style=\"text-align: left\">\n<li style=\"text-align: justify\">Herramientas digitales.<\/li>\n<li style=\"text-align: justify\">Emociones.<\/li>\n<li style=\"text-align: justify\">Cuentos sonoros.<\/li>\n<li style=\"text-align: justify\">Sobre la pubertad.<\/li>\n<li style=\"text-align: justify\">Escritura creativa.<\/li>\n<\/ul>\n<p style=\"text-align: justify\">Estas actividades han sido enfocadas para la etapa de Primaria, sobre todo para los cursos superiores. Pero Infantil no se queda atr\u00e1s, y si no que le pregunten a los chicos de 4 a\u00f1os sobre todo lo que est\u00e1n llevando a cabo en cuanto a los insectos. O los de 5 a\u00f1os, que el otro d\u00eda \u00abse llegaron\u00bb a Mercadona, compraron productos e hicieron, entre otras cosas, unos batidos de fresa y pl\u00e1tano espectaculares.<\/p>\n<p style=\"text-align: justify\">En cuanto a salidas exteriores, s\u00ed que ha habido poquitas en las \u00faltimas semanas. Tan solo citar la que efectu\u00f3 el alumnado de 4\u00ba, 5\u00ba y 6\u00ba al Centro C\u00edvico los d\u00edas 22 y 23 de mayo, donde la Asamblea de Cooperaci\u00f3n por la Paz desarroll\u00f3 la actividad titulada \u00abVeo veo\u00bb, que se resume en un \u00abno todo es lo que parece\u00bb, haciendo alusi\u00f3n a las distintas familias, gustos e intereses.&nbsp;<\/p>\n<div style=\"clear: both;text-align: center\"><a href=\"https:\/\/blogger.googleusercontent.com\/img\/b\/R29vZ2xl\/AVvXsEi4mGwesddTc2P-T4op808Q4nFRNaWFP2jldtxLdoJ6y5471clnhSDsWVT0dWamagdFjbJeoGFoXKsRVX-8YpFI6ibQLIUPd1BSQUmXA8Ancvs7NxRGle8M7U42tx4hMzPzDndRRqJ2vDboSRyotBwD5vUGNWUleKcr7TL_eTTI8RAWlfsYMpCy1_24eMVS\/s2016\/IMG-20240527-WA0008.jpg\" style=\"margin-left: 1em;margin-right: 1em\"><img loading=\"lazy\" decoding=\"async\" border=\"0\" data-original-height=\"1134\" data-original-width=\"2016\" height=\"180\" src=\"https:\/\/blogger.googleusercontent.com\/img\/b\/R29vZ2xl\/AVvXsEi4mGwesddTc2P-T4op808Q4nFRNaWFP2jldtxLdoJ6y5471clnhSDsWVT0dWamagdFjbJeoGFoXKsRVX-8YpFI6ibQLIUPd1BSQUmXA8Ancvs7NxRGle8M7U42tx4hMzPzDndRRqJ2vDboSRyotBwD5vUGNWUleKcr7TL_eTTI8RAWlfsYMpCy1_24eMVS\/s320\/IMG-20240527-WA0008.jpg\" width=\"320\" \/><\/a><\/div>\n<p><\/p>\n<div style=\"clear: both;text-align: center\"><a href=\"https:\/\/blogger.googleusercontent.com\/img\/b\/R29vZ2xl\/AVvXsEgAcAWYsPKsbWupuHcosY0kPtvfVUr7cFxbkZnAUIKmU8mvwmzMFQ7rTsqMu9v0NgCcfkLKtigEv-F-pRgOzvbKRVH2Z3pBJXA4jQLGAhqbIoVQAvu_KRxNYhn0a8N6usX3c-Yqydml3vIv13Qsi6w1b3fQck51yLQkWKq-8j5RuzjkToAU3Vlj-NPFQ3vv\/s2016\/IMG-20240527-WA0009.jpg\" style=\"margin-left: 1em;margin-right: 1em\"><img loading=\"lazy\" decoding=\"async\" border=\"0\" data-original-height=\"1134\" data-original-width=\"2016\" height=\"180\" src=\"https:\/\/blogger.googleusercontent.com\/img\/b\/R29vZ2xl\/AVvXsEgAcAWYsPKsbWupuHcosY0kPtvfVUr7cFxbkZnAUIKmU8mvwmzMFQ7rTsqMu9v0NgCcfkLKtigEv-F-pRgOzvbKRVH2Z3pBJXA4jQLGAhqbIoVQAvu_KRxNYhn0a8N6usX3c-Yqydml3vIv13Qsi6w1b3fQck51yLQkWKq-8j5RuzjkToAU3Vlj-NPFQ3vv\/s320\/IMG-20240527-WA0009.jpg\" width=\"320\" \/><\/a><\/div>\n<p><\/p>\n<p>Por \u00faltimo, animaros a todos y cada uno de los miembros de la comunidad educativa del CEIP Ardira a dar el \u00faltimo tir\u00f3n para irnos con gratas sensaciones a ese ansiado descanso.<\/p>\n","protected":false},"excerpt":{"rendered":"<p>&nbsp;NO PARAMOS, NO PARAMOS&#8230; Es curioso c\u00f3mo pasa el tiempo y a veces parece que se detiene, pero en realidad nunca deja de avanzar. Con esto queremos decir que estamos dando ya los \u00faltimos coletazos a&#46;&#46;&#46;<\/p>\n","protected":false},"author":20834,"featured_media":0,"comment_status":"open","ping_status":"open","sticky":false,"template":"","format":"standard","meta":{"footnotes":""},"categories":[1],"tags":[],"aioseo_notices":[],"_links":{"self":[{"href":"https:\/\/blogsaverroes.juntadeandalucia.es\/ceipardira\/wp-json\/wp\/v2\/posts\/36"}],"collection":[{"href":"https:\/\/blogsaverroes.juntadeandalucia.es\/ceipardira\/wp-json\/wp\/v2\/posts"}],"about":[{"href":"https:\/\/blogsaverroes.juntadeandalucia.es\/ceipardira\/wp-json\/wp\/v2\/types\/post"}],"author":[{"embeddable":true,"href":"https:\/\/blogsaverroes.juntadeandalucia.es\/ceipardira\/wp-json\/wp\/v2\/users\/20834"}],"replies":[{"embeddable":true,"href":"https:\/\/blogsaverroes.juntadeandalucia.es\/ceipardira\/wp-json\/wp\/v2\/comments?post=36"}],"version-history":[{"count":0,"href":"https:\/\/blogsaverroes.juntadeandalucia.es\/ceipardira\/wp-json\/wp\/v2\/posts\/36\/revisions"}],"wp:attachment":[{"href":"https:\/\/blogsaverroes.juntadeandalucia.es\/ceipardira\/wp-json\/wp\/v2\/media?parent=36"}],"wp:term":[{"taxonomy":"category","embeddable":true,"href":"https:\/\/blogsaverroes.juntadeandalucia.es\/ceipardira\/wp-json\/wp\/v2\/categories?post=36"},{"taxonomy":"post_tag","embeddable":true,"href":"https:\/\/blogsaverroes.juntadeandalucia.es\/ceipardira\/wp-json\/wp\/v2\/tags?post=36"}],"curies":[{"name":"wp","href":"https:\/\/api.w.org\/{rel}","templated":true}]}}