{"id":389,"date":"2014-09-03T12:44:00","date_gmt":"2014-09-03T10:44:00","guid":{"rendered":"https:\/\/blogsaverroes.juntadeandalucia.es\/ceipardira\/2014\/09\/03\/comienzo-del-curso-escolar-2014-2015\/"},"modified":"2014-09-03T12:44:00","modified_gmt":"2014-09-03T10:44:00","slug":"comienzo-del-curso-escolar-2014-2015","status":"publish","type":"post","link":"https:\/\/blogsaverroes.juntadeandalucia.es\/ceipardira\/2014\/09\/03\/comienzo-del-curso-escolar-2014-2015\/","title":{"rendered":"Comienzo del curso escolar 2014\/2015"},"content":{"rendered":"<div style=\"text-align: justify\">\nDespu\u00e9s de las vacaciones veraniegas nos vemos de nuevo el pr\u00f3ximo mi\u00e9rcoles <b>10<\/b> de Septiembre a las <b>9:00<\/b> para todos los cursos excepto Infantil de 3 a\u00f1os, que acceder\u00e1n a la hora acordada en la reuni\u00f3n con los padres.<\/div>\n<div style=\"text-align: justify\">\n<\/div>\n<div style=\"text-align: justify\">\n\u00a1Un saludo y nos vemos pr\u00f3ximamente!<\/div>\n","protected":false},"excerpt":{"rendered":"<p>Despu\u00e9s de las vacaciones veraniegas nos vemos de nuevo el pr\u00f3ximo mi\u00e9rcoles 10 de Septiembre a las 9:00 para todos los cursos excepto Infantil de 3 a\u00f1os, que acceder\u00e1n a la hora acordada en la reuni\u00f3n&#46;&#46;&#46;<\/p>\n","protected":false},"author":20834,"featured_media":0,"comment_status":"open","ping_status":"open","sticky":false,"template":"","format":"standard","meta":{"footnotes":""},"categories":[1],"tags":[],"aioseo_notices":[],"_links":{"self":[{"href":"https:\/\/blogsaverroes.juntadeandalucia.es\/ceipardira\/wp-json\/wp\/v2\/posts\/389"}],"collection":[{"href":"https:\/\/blogsaverroes.juntadeandalucia.es\/ceipardira\/wp-json\/wp\/v2\/posts"}],"about":[{"href":"https:\/\/blogsaverroes.juntadeandalucia.es\/ceipardira\/wp-json\/wp\/v2\/types\/post"}],"author":[{"embeddable":true,"href":"https:\/\/blogsaverroes.juntadeandalucia.es\/ceipardira\/wp-json\/wp\/v2\/users\/20834"}],"replies":[{"embeddable":true,"href":"https:\/\/blogsaverroes.juntadeandalucia.es\/ceipardira\/wp-json\/wp\/v2\/comments?post=389"}],"version-history":[{"count":0,"href":"https:\/\/blogsaverroes.juntadeandalucia.es\/ceipardira\/wp-json\/wp\/v2\/posts\/389\/revisions"}],"wp:attachment":[{"href":"https:\/\/blogsaverroes.juntadeandalucia.es\/ceipardira\/wp-json\/wp\/v2\/media?parent=389"}],"wp:term":[{"taxonomy":"category","embeddable":true,"href":"https:\/\/blogsaverroes.juntadeandalucia.es\/ceipardira\/wp-json\/wp\/v2\/categories?post=389"},{"taxonomy":"post_tag","embeddable":true,"href":"https:\/\/blogsaverroes.juntadeandalucia.es\/ceipardira\/wp-json\/wp\/v2\/tags?post=389"}],"curies":[{"name":"wp","href":"https:\/\/api.w.org\/{rel}","templated":true}]}}