{"id":421,"date":"2013-05-13T08:59:00","date_gmt":"2013-05-13T06:59:00","guid":{"rendered":"https:\/\/blogsaverroes.juntadeandalucia.es\/ceipardira\/2013\/05\/13\/"},"modified":"2013-05-13T08:59:00","modified_gmt":"2013-05-13T06:59:00","slug":"421","status":"publish","type":"post","link":"https:\/\/blogsaverroes.juntadeandalucia.es\/ceipardira\/2013\/05\/13\/421\/","title":{"rendered":""},"content":{"rendered":"<div style=\"text-align: justify\">\nEl C.E.I.P. ARDIRA participa con su grupo ARDIRA JAZZ BAND del tercer ciclo y desde el \u00e1rea de M\u00fasica dirigidos por el maestro de M\u00fasica del centro, Daniel Rodriguez, en el XIII Festival: \u00abCON LA M\u00daSICA A OTRA PARTE\u00bb que se celebra en el teatro Echegaray de M\u00e1laga del 13 al 16 de Mayo, promovido por el \u00c1rea de Educaci\u00f3n del Ayuntamiento de M\u00e1laga. Para mayor informaci\u00f3n pinchar <a href=\"http:\/\/ardiratercerciclo.blogspot.com.es\/\">aqu\u00ed<\/a>\n<\/div>\n","protected":false},"excerpt":{"rendered":"<p>El C.E.I.P. ARDIRA participa con su grupo ARDIRA JAZZ BAND del tercer ciclo y desde el \u00e1rea de M\u00fasica dirigidos por el maestro de M\u00fasica del centro, Daniel Rodriguez, en el XIII Festival: \u00abCON LA M\u00daSICA&#46;&#46;&#46;<\/p>\n","protected":false},"author":20834,"featured_media":0,"comment_status":"open","ping_status":"open","sticky":false,"template":"","format":"standard","meta":{"footnotes":""},"categories":[1],"tags":[],"aioseo_notices":[],"_links":{"self":[{"href":"https:\/\/blogsaverroes.juntadeandalucia.es\/ceipardira\/wp-json\/wp\/v2\/posts\/421"}],"collection":[{"href":"https:\/\/blogsaverroes.juntadeandalucia.es\/ceipardira\/wp-json\/wp\/v2\/posts"}],"about":[{"href":"https:\/\/blogsaverroes.juntadeandalucia.es\/ceipardira\/wp-json\/wp\/v2\/types\/post"}],"author":[{"embeddable":true,"href":"https:\/\/blogsaverroes.juntadeandalucia.es\/ceipardira\/wp-json\/wp\/v2\/users\/20834"}],"replies":[{"embeddable":true,"href":"https:\/\/blogsaverroes.juntadeandalucia.es\/ceipardira\/wp-json\/wp\/v2\/comments?post=421"}],"version-history":[{"count":0,"href":"https:\/\/blogsaverroes.juntadeandalucia.es\/ceipardira\/wp-json\/wp\/v2\/posts\/421\/revisions"}],"wp:attachment":[{"href":"https:\/\/blogsaverroes.juntadeandalucia.es\/ceipardira\/wp-json\/wp\/v2\/media?parent=421"}],"wp:term":[{"taxonomy":"category","embeddable":true,"href":"https:\/\/blogsaverroes.juntadeandalucia.es\/ceipardira\/wp-json\/wp\/v2\/categories?post=421"},{"taxonomy":"post_tag","embeddable":true,"href":"https:\/\/blogsaverroes.juntadeandalucia.es\/ceipardira\/wp-json\/wp\/v2\/tags?post=421"}],"curies":[{"name":"wp","href":"https:\/\/api.w.org\/{rel}","templated":true}]}}