{"id":5,"date":"2025-03-11T07:12:00","date_gmt":"2025-03-11T06:12:00","guid":{"rendered":""},"modified":"2025-03-18T10:05:17","modified_gmt":"2025-03-18T09:05:17","slug":"5","status":"publish","type":"post","link":"https:\/\/blogsaverroes.juntadeandalucia.es\/ceipardira\/2025\/03\/11\/5\/","title":{"rendered":"PARQUE DE BOMBEROS"},"content":{"rendered":"<h1 style=\"text-align: center\"><span style=\"font-family: Lilita One\"><span style=\"color: #cc0000\">PARQUE DE BOMBEROS<\/span>&nbsp;<\/span><\/h1>\n<div><span style=\"font-family: helvetica\"><\/p>\n<p style=\"background-color: white;line-height: normal;margin: 0px 0px 12px\">\n<p style=\"text-align: center\">\n<p style=\"text-align: left\">\n<div style=\"text-align: center\"><span style=\"line-height: normal\">\ud83d\udce2\ud83d\udce2<\/span> \u00a1Atenci\u00f3n, atenci\u00f3n! <span style=\"line-height: normal\">\ud83d\udce2\ud83d\udce2<\/span><\/div>\n<p><span>&nbsp; &nbsp;&nbsp;<\/span>\u00a1Aqu\u00ed llega la cr\u00f3nica m\u00e1s trepidante, emocionante y chispeante de la s\u00faper excursi\u00f3n al Parque de Bomberos de Martiricos con las clases de 3\u00ba y 4\u00ba de primaria! <span style=\"line-height: normal\">\ud83d\ude92\ud83d\udd25<\/span><\/p>\n<\/p>\n<p><\/span><span style=\"font-family: helvetica\"><\/p>\n<p style=\"text-align: left\">\n<p style=\"background-color: white;line-height: normal;margin: 0px 0px 12px;text-align: left\"><span>&nbsp;&nbsp; &nbsp;<\/span>Desde el primer minuto, la aventura estuvo servida. Nos ense\u00f1aron qu\u00e9 hacer en caso de incendio, ya sea en casa, en la del vecino de arriba o en la del vecino de abajo. Aprendimos que hay que mantener la calma, no jugar a ser Spiderman ni tirarse por las ventanas y siempre, siempre avisar al 1-1-2 (que no es lo mismo 112 \ud83d\ude1c)<\/p>\n<p style=\"background-color: white;line-height: normal;margin: 0px 0px 12px;text-align: left\"><span>&nbsp;&nbsp; &nbsp;<\/span>Luego vino la parte favorita de muchos: \u00a1los camiones de bomberos! <span style=\"line-height: normal\">\ud83d\ude9b\ud83d\udca6<\/span> Nos ense\u00f1aron los distintos tipos, con dep\u00f3sitos de agua tan grandes que podr\u00edamos haber organizado una piscina ol\u00edmpica en mitad de la calle.<\/p>\n<p style=\"background-color: white;line-height: normal;margin: 0px 0px 12px;text-align: left\"><span>&nbsp;&nbsp; &nbsp;<\/span>Pero lo mejor vino cuando hicieron la demostraci\u00f3n de la cuca\u00f1a (\u00a1ojo! No es una barra, no es un palo\u2026 \u00a1es LA CUCA\u00d1A! <span style=\"line-height: normal\">\ud83c\udfc6<\/span>). \u00bfAdivin\u00e1is cu\u00e1nto tardaron en deslizarse por ella y vestirse para salir en una emergencia? \u00a1Menos de 60 segundos! Vamos, m\u00e1s r\u00e1pido que nosotros cuando suena la sirena del recreo.<\/p>\n<p style=\"background-color: white;line-height: normal;margin: 0px 0px 12px;text-align: left\"><span>&nbsp;&nbsp; &nbsp;<\/span>Y por si todo esto fuera poco\u2026 lleg\u00f3 la <i>prueba definitiva<\/i>: una habitaci\u00f3n llena de humo en la que no se ve\u00eda <i>nada de nada<\/i>. Pero ten\u00edamos una misi\u00f3n: \u00a1rescatar a Bartolito! (No, no es un bombero, es un mu\u00f1eco de entrenamiento, pero le cogimos cari\u00f1o). Y s\u00ed, amigos, podemos decir con orgullo que TODOS los grupos lograron salvarlo. \u00a1Bartolito, te debemos una! <span style=\"line-height: normal\">\ud83c\udf96\ufe0f\ud83d\udc68\u200d\ud83d\ude92<\/span><\/p>\n<p style=\"background-color: white;line-height: normal;margin: 0px 0px 12px;text-align: left\"><span>&nbsp;&nbsp; &nbsp;<\/span>Aunque la lluvia intent\u00f3 aguarnos la fiesta, nada pudo con nuestro entusiasmo. Fue un d\u00eda incre\u00edble, de esos que no se olvidan\u2026 y con la promesa de que, cuando seamos mayores, m\u00e1s de uno y una se pondr\u00e1 el casco de bombero con mucho orgullo. <span style=\"line-height: normal\">\ud83d\ude92\ud83d\udd25\ud83d\udc68\u200d\ud83d\ude92\ud83d\udc69\u200d\ud83d\ude92&nbsp;<\/span><\/p>\n<p style=\"background-color: white;line-height: normal;margin: 0px 0px 12px;text-align: left\"><span>&nbsp; &nbsp; Por cierto, \u00bfalguien sabe decirnos que diferencia hay entre un casco de bomberos rojo y otro amarillo?<\/span><\/p>\n<p style=\"background-color: white;font-size: 12px;line-height: normal;margin: 0px 0px 12px\"><span><\/span><\/p>\n<div style=\"clear: both;text-align: center\"><span><a href=\"https:\/\/blogger.googleusercontent.com\/img\/b\/R29vZ2xl\/AVvXsEhuaFS10nNICE11HI7w4yWfSrxpTGNsnKCQ5ybCxAyObxH_CBQnk_gceQRuHEkxOq1i1jU4c7GY_gREnGocjfolEwy3qlKBXxWfbypO9d6knG1P2TOLJXCmOP0CH2xqzIW34vmi6zM0Go_Cuq3IjzwVSuTjN9Dodxcllo2aX2fVwYxD9akR8XoCFKa0h3Xo\/s2000\/bomberos.png\" style=\"margin-left: 1em;margin-right: 1em\"><img loading=\"lazy\" decoding=\"async\" border=\"0\" data-original-height=\"1414\" data-original-width=\"2000\" height=\"338\" src=\"https:\/\/blogger.googleusercontent.com\/img\/b\/R29vZ2xl\/AVvXsEhuaFS10nNICE11HI7w4yWfSrxpTGNsnKCQ5ybCxAyObxH_CBQnk_gceQRuHEkxOq1i1jU4c7GY_gREnGocjfolEwy3qlKBXxWfbypO9d6knG1P2TOLJXCmOP0CH2xqzIW34vmi6zM0Go_Cuq3IjzwVSuTjN9Dodxcllo2aX2fVwYxD9akR8XoCFKa0h3Xo\/w479-h338\/bomberos.png\" width=\"479\" \/><\/a><\/span><\/div>\n<p><\/p>\n<p style=\"background-color: white;line-height: normal;margin: 0px 0px 12px;text-align: center\">\u00a1Fin de la misi\u00f3n! <span style=\"line-height: normal\">\ud83d\udcaa<\/span><\/p>\n<p><\/span><\/div>\n","protected":false},"excerpt":{"rendered":"<p>PARQUE DE BOMBEROS&nbsp; \ud83d\udce2\ud83d\udce2 \u00a1Atenci\u00f3n, atenci\u00f3n! \ud83d\udce2\ud83d\udce2 &nbsp; &nbsp;&nbsp;\u00a1Aqu\u00ed llega la cr\u00f3nica m\u00e1s trepidante, emocionante y chispeante de la s\u00faper excursi\u00f3n al Parque de Bomberos de Martiricos con las clases de 3\u00ba y 4\u00ba de primaria!&#46;&#46;&#46;<\/p>\n","protected":false},"author":20834,"featured_media":0,"comment_status":"open","ping_status":"open","sticky":false,"template":"","format":"standard","meta":{"footnotes":""},"categories":[1],"tags":[],"aioseo_notices":[],"_links":{"self":[{"href":"https:\/\/blogsaverroes.juntadeandalucia.es\/ceipardira\/wp-json\/wp\/v2\/posts\/5"}],"collection":[{"href":"https:\/\/blogsaverroes.juntadeandalucia.es\/ceipardira\/wp-json\/wp\/v2\/posts"}],"about":[{"href":"https:\/\/blogsaverroes.juntadeandalucia.es\/ceipardira\/wp-json\/wp\/v2\/types\/post"}],"author":[{"embeddable":true,"href":"https:\/\/blogsaverroes.juntadeandalucia.es\/ceipardira\/wp-json\/wp\/v2\/users\/20834"}],"replies":[{"embeddable":true,"href":"https:\/\/blogsaverroes.juntadeandalucia.es\/ceipardira\/wp-json\/wp\/v2\/comments?post=5"}],"version-history":[{"count":2,"href":"https:\/\/blogsaverroes.juntadeandalucia.es\/ceipardira\/wp-json\/wp\/v2\/posts\/5\/revisions"}],"predecessor-version":[{"id":477,"href":"https:\/\/blogsaverroes.juntadeandalucia.es\/ceipardira\/wp-json\/wp\/v2\/posts\/5\/revisions\/477"}],"wp:attachment":[{"href":"https:\/\/blogsaverroes.juntadeandalucia.es\/ceipardira\/wp-json\/wp\/v2\/media?parent=5"}],"wp:term":[{"taxonomy":"category","embeddable":true,"href":"https:\/\/blogsaverroes.juntadeandalucia.es\/ceipardira\/wp-json\/wp\/v2\/categories?post=5"},{"taxonomy":"post_tag","embeddable":true,"href":"https:\/\/blogsaverroes.juntadeandalucia.es\/ceipardira\/wp-json\/wp\/v2\/tags?post=5"}],"curies":[{"name":"wp","href":"https:\/\/api.w.org\/{rel}","templated":true}]}}