{"id":54,"date":"2023-10-23T08:38:00","date_gmt":"2023-10-23T06:38:00","guid":{"rendered":"https:\/\/blogsaverroes.juntadeandalucia.es\/ceipardira\/2023\/10\/23\/"},"modified":"2023-10-23T08:38:00","modified_gmt":"2023-10-23T06:38:00","slug":"54","status":"publish","type":"post","link":"https:\/\/blogsaverroes.juntadeandalucia.es\/ceipardira\/2023\/10\/23\/54\/","title":{"rendered":""},"content":{"rendered":"<p style=\"text-align: center\"><span style=\"background-color: #d9d2e9;color: #990000\">&nbsp;\u00a1\u00a1\u00a1 A LA RICA FRUTA !!!<\/span><\/p>\n<p>Mira t\u00fa por donde, habl\u00e1bamos en la noticia anterior de comer sano y variado y dos d\u00edas despu\u00e9s realizamos una actividad en torno a los frutos del oto\u00f1o: qu\u00e9 variedad, qu\u00e9 colores, qu\u00e9 rico todo&#8230; y qu\u00e9 disposici\u00f3n por parte de los padres y madres de nuestro centro: no nos cansaremos de agradecer vuestra permanente colaboraci\u00f3n.<\/p>\n<p>En primer lugar, nuestro alumnado se reparti\u00f3 y aport\u00f3 los siguientes frutos:<\/p>\n<p>Infantil de 3 a\u00f1os: batatas asadas.<\/p>\n<p>Infantil de 4 a\u00f1os: mandarinas.<\/p>\n<p>Infantil de 5 a\u00f1os: pl\u00e1tanos.<\/p>\n<p>1\u00ba de Primaria: manzanas.<\/p>\n<p>2\u00ba de Primaria: uvas.<\/p>\n<p>3\u00ba de Primaria: peras.<\/p>\n<p>4\u00ba de Primaria: granadas.<\/p>\n<p>5\u00ba de Primaria: membrillo.<\/p>\n<p>6\u00ba de Primaria: persim\u00f3n.<\/p>\n<div style=\"clear: both;text-align: center\"><a href=\"https:\/\/blogger.googleusercontent.com\/img\/b\/R29vZ2xl\/AVvXsEjNauHG3tpYVyHiBCAzz1Ve3wezYow9zBp_mSszBGZosRkFfhC4mBeG5Deutqm6m1hGWRr3n8dm_jWF7BSiQh7FKmRuZlhfkZuwGVY4-Tl1uFujOIfDEXwbszfjUPySbK5YIm7Thos2isGlhsWBfPeuGIwe0jGCJ1loFLttvRBj4Q0CTaQ8v1muvzffkAaJ\/s1600\/IMG-20231018-WA0019.jpg\" style=\"margin-left: 1em;margin-right: 1em\"><img loading=\"lazy\" decoding=\"async\" border=\"0\" data-original-height=\"1600\" data-original-width=\"1200\" height=\"320\" src=\"https:\/\/blogger.googleusercontent.com\/img\/b\/R29vZ2xl\/AVvXsEjNauHG3tpYVyHiBCAzz1Ve3wezYow9zBp_mSszBGZosRkFfhC4mBeG5Deutqm6m1hGWRr3n8dm_jWF7BSiQh7FKmRuZlhfkZuwGVY4-Tl1uFujOIfDEXwbszfjUPySbK5YIm7Thos2isGlhsWBfPeuGIwe0jGCJ1loFLttvRBj4Q0CTaQ8v1muvzffkAaJ\/s320\/IMG-20231018-WA0019.jpg\" width=\"240\" \/><\/a><\/div>\n<p><\/p>\n<p><\/p>\n<p>Despu\u00e9s, nuestros papis y mamis se encargaron de preparar los platos de forma individual con todos y cada uno de los productos. Tambi\u00e9n prepararon una exposici\u00f3n con los frutos del oto\u00f1o para que los alumnos de Infantil puedan pasar a verlo.<\/p>\n<div style=\"clear: both;text-align: center\"><a href=\"https:\/\/blogger.googleusercontent.com\/img\/b\/R29vZ2xl\/AVvXsEh-99nxxf9b9pGYstANv6R9hGyt8Slz4HQdEKEdfL7_hboI9GLkemAnOvGNxZzxYbDwp1ZnAqlefc5xCMrC_KdUyxr_XQCDFWL3O7oBNYyOiKVWHWfdZRCRDviCAXpAO_sOaJ-p8FVbpd-I8N3LfLP69OtPjGAngg4nLGAHObA5xO_5hdz-qDki96hHkYnf\/s1600\/IMG-20231018-WA0018.jpg\" style=\"margin-left: 1em;margin-right: 1em\"><img loading=\"lazy\" decoding=\"async\" border=\"0\" data-original-height=\"1600\" data-original-width=\"900\" height=\"320\" src=\"https:\/\/blogger.googleusercontent.com\/img\/b\/R29vZ2xl\/AVvXsEh-99nxxf9b9pGYstANv6R9hGyt8Slz4HQdEKEdfL7_hboI9GLkemAnOvGNxZzxYbDwp1ZnAqlefc5xCMrC_KdUyxr_XQCDFWL3O7oBNYyOiKVWHWfdZRCRDviCAXpAO_sOaJ-p8FVbpd-I8N3LfLP69OtPjGAngg4nLGAHObA5xO_5hdz-qDki96hHkYnf\/s320\/IMG-20231018-WA0018.jpg\" width=\"180\" \/><\/a><\/div>\n<p><\/p>\n<p><\/p>\n<p>Y por \u00faltimo, el deleite y disfrute&#8230;<\/p>\n<div style=\"clear: both;text-align: center\"><a href=\"https:\/\/blogger.googleusercontent.com\/img\/b\/R29vZ2xl\/AVvXsEi3ZIziZJppfKJK72FjC9Wb_ZY1UWRvRaYvlDU0waJ1MmnlXYakFkgbbDl3YTxvPH3edNJSOcIU6C_y2qQ35X668C6rpJLzpy2sUldaiQnvwOOdno0lc1RhcfLIXYaAINWk9azJRBIo1OKs9dx_y05_jNATWixlQqj-SqFXeVdexQVYlX6TlKnHvWx3ER8I\/s2048\/IMG-20231018-WA0017.jpg\" style=\"margin-left: 1em;margin-right: 1em\"><img loading=\"lazy\" decoding=\"async\" border=\"0\" data-original-height=\"1518\" data-original-width=\"2048\" height=\"237\" src=\"https:\/\/blogger.googleusercontent.com\/img\/b\/R29vZ2xl\/AVvXsEi3ZIziZJppfKJK72FjC9Wb_ZY1UWRvRaYvlDU0waJ1MmnlXYakFkgbbDl3YTxvPH3edNJSOcIU6C_y2qQ35X668C6rpJLzpy2sUldaiQnvwOOdno0lc1RhcfLIXYaAINWk9azJRBIo1OKs9dx_y05_jNATWixlQqj-SqFXeVdexQVYlX6TlKnHvWx3ER8I\/s320\/IMG-20231018-WA0017.jpg\" width=\"320\" \/><\/a><\/div>\n<p><\/p>\n<p>Qu\u00e9 maravilla&#8230; Hasta la pr\u00f3xima&#8230; \u263a<\/p>\n","protected":false},"excerpt":{"rendered":"<p>&nbsp;\u00a1\u00a1\u00a1 A LA RICA FRUTA !!! Mira t\u00fa por donde, habl\u00e1bamos en la noticia anterior de comer sano y variado y dos d\u00edas despu\u00e9s realizamos una actividad en torno a los frutos del oto\u00f1o: qu\u00e9 variedad,&#46;&#46;&#46;<\/p>\n","protected":false},"author":20834,"featured_media":0,"comment_status":"open","ping_status":"open","sticky":false,"template":"","format":"standard","meta":{"footnotes":""},"categories":[1],"tags":[],"aioseo_notices":[],"_links":{"self":[{"href":"https:\/\/blogsaverroes.juntadeandalucia.es\/ceipardira\/wp-json\/wp\/v2\/posts\/54"}],"collection":[{"href":"https:\/\/blogsaverroes.juntadeandalucia.es\/ceipardira\/wp-json\/wp\/v2\/posts"}],"about":[{"href":"https:\/\/blogsaverroes.juntadeandalucia.es\/ceipardira\/wp-json\/wp\/v2\/types\/post"}],"author":[{"embeddable":true,"href":"https:\/\/blogsaverroes.juntadeandalucia.es\/ceipardira\/wp-json\/wp\/v2\/users\/20834"}],"replies":[{"embeddable":true,"href":"https:\/\/blogsaverroes.juntadeandalucia.es\/ceipardira\/wp-json\/wp\/v2\/comments?post=54"}],"version-history":[{"count":0,"href":"https:\/\/blogsaverroes.juntadeandalucia.es\/ceipardira\/wp-json\/wp\/v2\/posts\/54\/revisions"}],"wp:attachment":[{"href":"https:\/\/blogsaverroes.juntadeandalucia.es\/ceipardira\/wp-json\/wp\/v2\/media?parent=54"}],"wp:term":[{"taxonomy":"category","embeddable":true,"href":"https:\/\/blogsaverroes.juntadeandalucia.es\/ceipardira\/wp-json\/wp\/v2\/categories?post=54"},{"taxonomy":"post_tag","embeddable":true,"href":"https:\/\/blogsaverroes.juntadeandalucia.es\/ceipardira\/wp-json\/wp\/v2\/tags?post=54"}],"curies":[{"name":"wp","href":"https:\/\/api.w.org\/{rel}","templated":true}]}}