{"id":57,"date":"2023-09-20T08:53:00","date_gmt":"2023-09-20T06:53:00","guid":{"rendered":"https:\/\/blogsaverroes.juntadeandalucia.es\/ceipardira\/2023\/09\/20\/"},"modified":"2023-09-20T08:53:00","modified_gmt":"2023-09-20T06:53:00","slug":"57","status":"publish","type":"post","link":"https:\/\/blogsaverroes.juntadeandalucia.es\/ceipardira\/2023\/09\/20\/57\/","title":{"rendered":""},"content":{"rendered":"<p style=\"text-align: center\"><b><span style=\"background-color: #444444;color: #fcff01\">BIENVENIDOS AL CURSO 2023\/24<\/span><\/b><\/p>\n<p style=\"text-align: center\"><\/p>\n<p style=\"text-align: justify\">Pues como dijimos hace un \u00abrato\u00bb, ya estamos de retorno y en marcha. Sin lugar a dudas el comienzo del curso viene marcado por el final de la eterna obra que llevamos sufriendo. Bien es verdad que ya se ve luz al final del t\u00fanel, pero precisamente finiquitar una obra tambi\u00e9n requiere su tiempo, as\u00ed que no queda otra que aceptarlo y pensar en lo bonito, agradable y espacioso que va a quedar nuestro Ardira.<\/p>\n<p style=\"text-align: justify\">\u00a1C\u00f3mo crecen estos ni\u00f1os! \u00a1Qu\u00e9 caras de ilusi\u00f3n! Alguna que otra l\u00e1grima infinita de los m\u00e1s peques de tres a\u00f1os y, sobre todo sobre todo, la cara de satisfacci\u00f3n de algunos padres&#8230; \ud83d\ude04<\/p>\n<p style=\"text-align: justify\">Un aspecto a se\u00f1alar para este curso es el estreno de libros para el alumnado de Primaria. Creo que no soy el \u00fanico al que le encantaba ese olor inconfundible a libro nuevo y que marcaba el inicio de un curso reciente.<\/p>\n<p style=\"text-align: justify\">En fin, sensaciones y vivencias m\u00faltiples para todos y cada uno de los componentes&nbsp; de la comunidad educativa del CEIP Ardira. Deseando que sean unos meses llenos de alegr\u00eda, esfuerzo y superaci\u00f3n, os deseamos de coraz\u00f3n un gran curso escolar 2023\/24.<\/p>\n<\/p>\n<div style=\"clear: both;text-align: center\"><\/div>\n<\/p>\n<div style=\"clear: both;text-align: center\"><a href=\"https:\/\/blogger.googleusercontent.com\/img\/a\/AVvXsEj552oUsDCmai50tvkBvusqTtow2K7c3x5XaDxMxk_BfnfRWRTLYwtHvpTrHfh_6GHa2SgncU_NcvwB4tfuLXkOoQnNS2Ca2vtAWPzF_U66QsIMCdfHEUdc0TWfOz1vi7Udz6Qpan4Zkix6UCjcdB0J6U4fRyIddSPe49L3f68rn7SZOB91_xYQUpTGvxET\" style=\"margin-left: 1em;margin-right: 1em\"><img loading=\"lazy\" decoding=\"async\" alt=\"\" data-original-height=\"164\" data-original-width=\"306\" height=\"172\" src=\"https:\/\/blogger.googleusercontent.com\/img\/a\/AVvXsEj552oUsDCmai50tvkBvusqTtow2K7c3x5XaDxMxk_BfnfRWRTLYwtHvpTrHfh_6GHa2SgncU_NcvwB4tfuLXkOoQnNS2Ca2vtAWPzF_U66QsIMCdfHEUdc0TWfOz1vi7Udz6Qpan4Zkix6UCjcdB0J6U4fRyIddSPe49L3f68rn7SZOB91_xYQUpTGvxET\" width=\"320\" \/><\/a><\/div><\/p>\n","protected":false},"excerpt":{"rendered":"<p>BIENVENIDOS AL CURSO 2023\/24 Pues como dijimos hace un \u00abrato\u00bb, ya estamos de retorno y en marcha. Sin lugar a dudas el comienzo del curso viene marcado por el final de la eterna obra que llevamos&#46;&#46;&#46;<\/p>\n","protected":false},"author":20834,"featured_media":0,"comment_status":"open","ping_status":"open","sticky":false,"template":"","format":"standard","meta":{"footnotes":""},"categories":[1],"tags":[],"aioseo_notices":[],"_links":{"self":[{"href":"https:\/\/blogsaverroes.juntadeandalucia.es\/ceipardira\/wp-json\/wp\/v2\/posts\/57"}],"collection":[{"href":"https:\/\/blogsaverroes.juntadeandalucia.es\/ceipardira\/wp-json\/wp\/v2\/posts"}],"about":[{"href":"https:\/\/blogsaverroes.juntadeandalucia.es\/ceipardira\/wp-json\/wp\/v2\/types\/post"}],"author":[{"embeddable":true,"href":"https:\/\/blogsaverroes.juntadeandalucia.es\/ceipardira\/wp-json\/wp\/v2\/users\/20834"}],"replies":[{"embeddable":true,"href":"https:\/\/blogsaverroes.juntadeandalucia.es\/ceipardira\/wp-json\/wp\/v2\/comments?post=57"}],"version-history":[{"count":0,"href":"https:\/\/blogsaverroes.juntadeandalucia.es\/ceipardira\/wp-json\/wp\/v2\/posts\/57\/revisions"}],"wp:attachment":[{"href":"https:\/\/blogsaverroes.juntadeandalucia.es\/ceipardira\/wp-json\/wp\/v2\/media?parent=57"}],"wp:term":[{"taxonomy":"category","embeddable":true,"href":"https:\/\/blogsaverroes.juntadeandalucia.es\/ceipardira\/wp-json\/wp\/v2\/categories?post=57"},{"taxonomy":"post_tag","embeddable":true,"href":"https:\/\/blogsaverroes.juntadeandalucia.es\/ceipardira\/wp-json\/wp\/v2\/tags?post=57"}],"curies":[{"name":"wp","href":"https:\/\/api.w.org\/{rel}","templated":true}]}}