{"id":60,"date":"2023-06-16T08:36:00","date_gmt":"2023-06-16T06:36:00","guid":{"rendered":"https:\/\/blogsaverroes.juntadeandalucia.es\/ceipardira\/2023\/06\/16\/"},"modified":"2023-06-16T08:36:00","modified_gmt":"2023-06-16T06:36:00","slug":"60","status":"publish","type":"post","link":"https:\/\/blogsaverroes.juntadeandalucia.es\/ceipardira\/2023\/06\/16\/60\/","title":{"rendered":""},"content":{"rendered":"<p style=\"text-align: center\"><span style=\"background-color: #073763;color: #e06666\">&nbsp;\u00a1\u00a1\u00a1 C\u00d3MO PASA EL TIEMPO !!!<\/span><\/p>\n<p style=\"text-align: justify\">Pues sin comerlo ni beberlo ya est\u00e1n aqu\u00ed las&nbsp;<u>GRADUACIONES 2022\/2023.<\/u><\/p>\n<p style=\"text-align: justify\">Por un lado tuvo lugar el lunes 12 de junio, por la tarde, la graduaci\u00f3n del alumnado de Infantil de 5 a\u00f1os, que cumplen con una maravillosa etapa. Nos deleitaron con sus bailes, sus palabras, su espontaneidad&#8230; Gracias a ellos, a sus familiares, a sus profes y sobre todo a la se\u00f1o Mari Paz que, estando de baja, no se pod\u00eda perder esta gala. Ha sido un placer para todos disfrutar y compartir estos tres a\u00f1os del per\u00edodo de Infantil, lo seguiremos haciendo, pero con otra edad \u00abdiferente\u00bb.&nbsp;<\/p>\n<div style=\"clear: both;text-align: center\"><a href=\"https:\/\/blogger.googleusercontent.com\/img\/b\/R29vZ2xl\/AVvXsEgLjMnVZk77abDYuAQmxg7gxJhtFjYrrQQPxgk33A38cTs_6d3JcZ2I2u0wBM9UOuX9WBGxxsm0_41DMIF_iq2JQbqw2Pr56AHC2Lp_VZeWQZGal5L0tPwmIXei6BOHU5LjCFNrGVKQGyb73Mk0tz72Af9TC79dvGx8rB3rQzAsVjI-AukpXKFOcQEN5w\/s1600\/1686900397450.jpg\" style=\"margin-left: 1em;margin-right: 1em\"><img loading=\"lazy\" decoding=\"async\" border=\"0\" data-original-height=\"1200\" data-original-width=\"1600\" height=\"240\" src=\"https:\/\/blogger.googleusercontent.com\/img\/b\/R29vZ2xl\/AVvXsEgLjMnVZk77abDYuAQmxg7gxJhtFjYrrQQPxgk33A38cTs_6d3JcZ2I2u0wBM9UOuX9WBGxxsm0_41DMIF_iq2JQbqw2Pr56AHC2Lp_VZeWQZGal5L0tPwmIXei6BOHU5LjCFNrGVKQGyb73Mk0tz72Af9TC79dvGx8rB3rQzAsVjI-AukpXKFOcQEN5w\/s320\/1686900397450.jpg\" width=\"320\" \/><\/a><\/div>\n<p><\/p>\n<div style=\"clear: both;text-align: center\"><\/div>\n<p style=\"text-align: justify\">Y por otro lado tenemos a nuestros mayores del cole, a nuestro alumnado de sexto de Primaria, el martes 13 de junio. Nos ofrecieron una emotiva tarde con los diferentes discursos, su original actuaci\u00f3n con campanillas, sus correspondientes detalles y alguna que otra l\u00e1grima. Fue tal la tarde de nervios que apenas posaron para una foto medio en condiciones, pero bueno, algo es algo:<\/p>\n<div style=\"clear: both;text-align: center\"><a href=\"https:\/\/blogger.googleusercontent.com\/img\/b\/R29vZ2xl\/AVvXsEjI9-YqyK_kryHKrkuZl3vcPmlx4mfaIxt8vPp_WKsG3-3SqzrIrYE_ehOZV83ccqgzhehqcwnnBULtrKCiwI2glaQTmvTpfA70uUc2oFjfz4comFPMx6ZuMzh9-F40rkUnrP8dTiY-Zc2vV803DfZfWR4ON3JWi8MJGQfZsArFhQZFltv7as_y8HuPLw\/s2320\/1686900510170.jpg\" style=\"margin-left: 1em;margin-right: 1em\"><img loading=\"lazy\" decoding=\"async\" border=\"0\" data-original-height=\"1305\" data-original-width=\"2320\" height=\"180\" src=\"https:\/\/blogger.googleusercontent.com\/img\/b\/R29vZ2xl\/AVvXsEjI9-YqyK_kryHKrkuZl3vcPmlx4mfaIxt8vPp_WKsG3-3SqzrIrYE_ehOZV83ccqgzhehqcwnnBULtrKCiwI2glaQTmvTpfA70uUc2oFjfz4comFPMx6ZuMzh9-F40rkUnrP8dTiY-Zc2vV803DfZfWR4ON3JWi8MJGQfZsArFhQZFltv7as_y8HuPLw\/s320\/1686900510170.jpg\" width=\"320\" \/><\/a><\/div>\n<p style=\"text-align: justify\"><\/p>\n<p style=\"text-align: justify\">Desde aqu\u00ed manifestar nuestro agradecimiento a todos los maestros que han pasado por sus manos, en particular a su se\u00f1o Vanesa; a esos papis y mamis por creer en nosotros; \u00bfy a los chicos&#8230; qu\u00e9 decirle a los chicos&#8230;? Pues se nos ocurren varios argumentos:<\/p>\n<p style=\"text-align: justify\">\n<ul>\n<li>Que lleven el colegio Ardira por bandera: sus puertas siempre permanecer\u00e1n abiertas para ellos.<\/li>\n<li>Que disfruten su nueva etapa de secundaria, viviendo intensamente cada uno de sus d\u00edas.<\/li>\n<li>Que sean honestos y felices, persiguiendo con tes\u00f3n sus sue\u00f1os.<\/li>\n<li>Y sobre todo sobre todo, que conf\u00eden en sus padres: ellos nunca les van a fallar.<\/li>\n<\/ul>\n<p style=\"text-align: justify\">Lo dicho, vamos cumpliendo etapas. A todos, sed felices. \ud83d\ude0a<\/p>\n<p style=\"text-align: justify\"><\/p>\n","protected":false},"excerpt":{"rendered":"<p>&nbsp;\u00a1\u00a1\u00a1 C\u00d3MO PASA EL TIEMPO !!! Pues sin comerlo ni beberlo ya est\u00e1n aqu\u00ed las&nbsp;GRADUACIONES 2022\/2023. Por un lado tuvo lugar el lunes 12 de junio, por la tarde, la graduaci\u00f3n del alumnado de Infantil de&#46;&#46;&#46;<\/p>\n","protected":false},"author":20834,"featured_media":0,"comment_status":"open","ping_status":"open","sticky":false,"template":"","format":"standard","meta":{"footnotes":""},"categories":[1],"tags":[],"aioseo_notices":[],"_links":{"self":[{"href":"https:\/\/blogsaverroes.juntadeandalucia.es\/ceipardira\/wp-json\/wp\/v2\/posts\/60"}],"collection":[{"href":"https:\/\/blogsaverroes.juntadeandalucia.es\/ceipardira\/wp-json\/wp\/v2\/posts"}],"about":[{"href":"https:\/\/blogsaverroes.juntadeandalucia.es\/ceipardira\/wp-json\/wp\/v2\/types\/post"}],"author":[{"embeddable":true,"href":"https:\/\/blogsaverroes.juntadeandalucia.es\/ceipardira\/wp-json\/wp\/v2\/users\/20834"}],"replies":[{"embeddable":true,"href":"https:\/\/blogsaverroes.juntadeandalucia.es\/ceipardira\/wp-json\/wp\/v2\/comments?post=60"}],"version-history":[{"count":0,"href":"https:\/\/blogsaverroes.juntadeandalucia.es\/ceipardira\/wp-json\/wp\/v2\/posts\/60\/revisions"}],"wp:attachment":[{"href":"https:\/\/blogsaverroes.juntadeandalucia.es\/ceipardira\/wp-json\/wp\/v2\/media?parent=60"}],"wp:term":[{"taxonomy":"category","embeddable":true,"href":"https:\/\/blogsaverroes.juntadeandalucia.es\/ceipardira\/wp-json\/wp\/v2\/categories?post=60"},{"taxonomy":"post_tag","embeddable":true,"href":"https:\/\/blogsaverroes.juntadeandalucia.es\/ceipardira\/wp-json\/wp\/v2\/tags?post=60"}],"curies":[{"name":"wp","href":"https:\/\/api.w.org\/{rel}","templated":true}]}}