{"id":66,"date":"2023-03-30T12:51:00","date_gmt":"2023-03-30T10:51:00","guid":{"rendered":"https:\/\/blogsaverroes.juntadeandalucia.es\/ceipardira\/2023\/03\/30\/"},"modified":"2023-03-30T12:51:00","modified_gmt":"2023-03-30T10:51:00","slug":"66","status":"publish","type":"post","link":"https:\/\/blogsaverroes.juntadeandalucia.es\/ceipardira\/2023\/03\/30\/66\/","title":{"rendered":""},"content":{"rendered":"<p style=\"text-align: center\"><span style=\"background-color: #444444;color: #fcff01\">CONTIN\u00daA EL BUEN TIEMPO<\/span><\/p>\n<p style=\"text-align: justify\">El t\u00edtulo no es m\u00e1s que para captar vuestra atenci\u00f3n e informaros que en los \u00faltimos d\u00edas nuestros alumnos han realizado algunas actividades complementarias.&nbsp;<\/p>\n<p style=\"text-align: justify\">Por ejemplo, el pasado 22 de marzo, los alumnos de Infantil de 5 a\u00f1os y de 4\u00ba de Primaria hicieron gala de su \u00abbuena educaci\u00f3n\u00bb, en este caso de educaci\u00f3n vial. Visitaron la comisar\u00eda del distrito de Puerto de la Torre, donde hay un circuito con calzadas, se\u00f1ales de circulaci\u00f3n, etc. adaptado a menores. Los chavales recibieron algunas charlas adaptadas a su edad e intereses y cuando realmente disfrutaron fue cuando cogieron las bicicletas y pusieron en pr\u00e1ctica en el circuito las instrucciones pertinentes. Gran d\u00eda.<\/p>\n<div style=\"clear: both;text-align: center\"><a href=\"https:\/\/blogger.googleusercontent.com\/img\/b\/R29vZ2xl\/AVvXsEg7L4u0o4eBvbmgntmq21k65DWXXDug4cR4JGp5p_kD2FLsRrdk0seHXiLNEkV6LKsJAXUAsB98Vs1ScpmWTNYbYtlPSEpxlzvzxpt8eizhHF6u_J-MD9OsCj63lunlqSIIVSPjqjC1HwA_8h2GMCS4MOc1itr3vxxzr2h7maVKj6C8cqn77GThPtyKTg\/s2320\/1680172506653.jpg\" style=\"margin-left: 1em;margin-right: 1em\"><img loading=\"lazy\" decoding=\"async\" border=\"0\" data-original-height=\"1305\" data-original-width=\"2320\" height=\"180\" src=\"https:\/\/blogger.googleusercontent.com\/img\/b\/R29vZ2xl\/AVvXsEg7L4u0o4eBvbmgntmq21k65DWXXDug4cR4JGp5p_kD2FLsRrdk0seHXiLNEkV6LKsJAXUAsB98Vs1ScpmWTNYbYtlPSEpxlzvzxpt8eizhHF6u_J-MD9OsCj63lunlqSIIVSPjqjC1HwA_8h2GMCS4MOc1itr3vxxzr2h7maVKj6C8cqn77GThPtyKTg\/s320\/1680172506653.jpg\" width=\"320\" \/><\/a><\/div>\n<div style=\"clear: both;text-align: center\"><\/div>\n<p style=\"text-align: justify\">Luego, el d\u00eda 28 del mismo mes, el colegio se qued\u00f3 medio vac\u00edo porque el alumnado desde 5 a\u00f1os de Infantil hasta 4\u00ba de Primaria fueron a Bioparc Fuengirola. \u00bf\u00a1Qu\u00e9 vamos a decir de esta visita!? Todos sabemos de la afinidad que tienen los ni\u00f1os con los animales, pero en este caso con animales fuera de lo com\u00fan, por lo que las caras de algunos alumnos son un aut\u00e9ntico \u00abpoema\u00bb. Personalmente, creo que son los peque\u00f1os detalles que hacen que la docencia sea la profesi\u00f3n m\u00e1s bonita del mundo.&nbsp;<\/p>\n<p style=\"text-align: justify\">Todo el mundo sabe lo que es un tigre o un gorila, pero presenciarlo a unos metros es realmente asombroso; y, como curiosidad, conocieron animales como el binturong, tomistoma o c\u00e1lao gorginegro&#8230; ah\u00ed lo llev\u00e1is, preguntadle a ellos o a buscar en san google.<\/p>\n<div style=\"clear: both;text-align: center\"><a href=\"https:\/\/blogger.googleusercontent.com\/img\/b\/R29vZ2xl\/AVvXsEgVtP1BLRZptSILSNrkgMtYDqI6cp3pZU1LkjudCKrjnmUmGwo1aSGPJCLh2NQTVLhQbZys-Rz8HOxtwFK68krdETD205AYjL4wUV6ay9uEHD6TCiiLoQAJ32Nwse5sNTi-PeLqijnwEPeOCEZA0XrwDI47uiTQkn0KFlQxhW-7S-MfdDLYDgvjBFuboA\/s2320\/1680172601528.jpg\" style=\"margin-left: 1em;margin-right: 1em\"><img loading=\"lazy\" decoding=\"async\" border=\"0\" data-original-height=\"1305\" data-original-width=\"2320\" height=\"180\" src=\"https:\/\/blogger.googleusercontent.com\/img\/b\/R29vZ2xl\/AVvXsEgVtP1BLRZptSILSNrkgMtYDqI6cp3pZU1LkjudCKrjnmUmGwo1aSGPJCLh2NQTVLhQbZys-Rz8HOxtwFK68krdETD205AYjL4wUV6ay9uEHD6TCiiLoQAJ32Nwse5sNTi-PeLqijnwEPeOCEZA0XrwDI47uiTQkn0KFlQxhW-7S-MfdDLYDgvjBFuboA\/s320\/1680172601528.jpg\" width=\"320\" \/><\/a><\/div>\n<div><\/div>\n<p style=\"text-align: justify\">Y al d\u00eda siguiente, mi\u00e9rcoles 29 de marzo, les toc\u00f3 a los alumnos de 5\u00ba y 6\u00ba de Primaria. Asistieron a la Alcazaba, en un d\u00eda espl\u00e9ndido. Es mucha la informaci\u00f3n que se les facilit\u00f3 al alumnado, pero s\u00ed se quedaron con el hecho de que inicialmente fue un fortificaci\u00f3n, para despu\u00e9s convertirse en palacio- fortaleza. Conocieron diferentes partes de este m\u00e1gico lugar: su patio de armas, las mazmorras, el pozo Air\u00f3n, etc. y admiraron las magn\u00edficas vistas de la ciudad desde este fort\u00edn. Otra pildorita de cultura.<\/p>\n<div style=\"clear: both;text-align: center\"><a href=\"https:\/\/blogger.googleusercontent.com\/img\/b\/R29vZ2xl\/AVvXsEg4-Sc4ebj6aFscJ0oeMJpCdTUHxSWvoOSKwaA4_QMitaQDTa4PTBx_DLxJOcqPWDBX-CNOoN9V1T22zTcj0onK6fYuUEKLdY8C3Wkxwtv6OSP1FlwhlELkqfBa-3Ns9DJ_3jCEbR44__9yb9tngPzYOJmcgKCbut-LmaNOGlxzShMavJ5M69n3y1UtUA\/s2320\/1680176834570.jpg\" style=\"margin-left: 1em;margin-right: 1em\"><img loading=\"lazy\" decoding=\"async\" border=\"0\" data-original-height=\"1305\" data-original-width=\"2320\" height=\"180\" src=\"https:\/\/blogger.googleusercontent.com\/img\/b\/R29vZ2xl\/AVvXsEg4-Sc4ebj6aFscJ0oeMJpCdTUHxSWvoOSKwaA4_QMitaQDTa4PTBx_DLxJOcqPWDBX-CNOoN9V1T22zTcj0onK6fYuUEKLdY8C3Wkxwtv6OSP1FlwhlELkqfBa-3Ns9DJ_3jCEbR44__9yb9tngPzYOJmcgKCbut-LmaNOGlxzShMavJ5M69n3y1UtUA\/s320\/1680176834570.jpg\" width=\"320\" \/><\/a><\/div>\n<div><\/div>\n<p style=\"text-align: justify\">\u00a1\u00a1Ahh&#8230;!! Y no os vay\u00e1is muy lejos que tengo m\u00e1s noticias interesantes que quiero que conozc\u00e1is. Hasta muy muy pronto&#8230;<\/p>\n","protected":false},"excerpt":{"rendered":"<p>CONTIN\u00daA EL BUEN TIEMPO El t\u00edtulo no es m\u00e1s que para captar vuestra atenci\u00f3n e informaros que en los \u00faltimos d\u00edas nuestros alumnos han realizado algunas actividades complementarias.&nbsp; Por ejemplo, el pasado 22 de marzo, los&#46;&#46;&#46;<\/p>\n","protected":false},"author":20834,"featured_media":0,"comment_status":"open","ping_status":"open","sticky":false,"template":"","format":"standard","meta":{"footnotes":""},"categories":[1],"tags":[],"aioseo_notices":[],"_links":{"self":[{"href":"https:\/\/blogsaverroes.juntadeandalucia.es\/ceipardira\/wp-json\/wp\/v2\/posts\/66"}],"collection":[{"href":"https:\/\/blogsaverroes.juntadeandalucia.es\/ceipardira\/wp-json\/wp\/v2\/posts"}],"about":[{"href":"https:\/\/blogsaverroes.juntadeandalucia.es\/ceipardira\/wp-json\/wp\/v2\/types\/post"}],"author":[{"embeddable":true,"href":"https:\/\/blogsaverroes.juntadeandalucia.es\/ceipardira\/wp-json\/wp\/v2\/users\/20834"}],"replies":[{"embeddable":true,"href":"https:\/\/blogsaverroes.juntadeandalucia.es\/ceipardira\/wp-json\/wp\/v2\/comments?post=66"}],"version-history":[{"count":0,"href":"https:\/\/blogsaverroes.juntadeandalucia.es\/ceipardira\/wp-json\/wp\/v2\/posts\/66\/revisions"}],"wp:attachment":[{"href":"https:\/\/blogsaverroes.juntadeandalucia.es\/ceipardira\/wp-json\/wp\/v2\/media?parent=66"}],"wp:term":[{"taxonomy":"category","embeddable":true,"href":"https:\/\/blogsaverroes.juntadeandalucia.es\/ceipardira\/wp-json\/wp\/v2\/categories?post=66"},{"taxonomy":"post_tag","embeddable":true,"href":"https:\/\/blogsaverroes.juntadeandalucia.es\/ceipardira\/wp-json\/wp\/v2\/tags?post=66"}],"curies":[{"name":"wp","href":"https:\/\/api.w.org\/{rel}","templated":true}]}}