{"id":67,"date":"2023-03-17T13:50:00","date_gmt":"2023-03-17T12:50:00","guid":{"rendered":"https:\/\/blogsaverroes.juntadeandalucia.es\/ceipardira\/2023\/03\/17\/"},"modified":"2023-03-17T13:50:00","modified_gmt":"2023-03-17T12:50:00","slug":"67","status":"publish","type":"post","link":"https:\/\/blogsaverroes.juntadeandalucia.es\/ceipardira\/2023\/03\/17\/67\/","title":{"rendered":""},"content":{"rendered":"<p style=\"text-align: center\"><span style=\"background-color: #fcff01\"><span style=\"color: #444444\">&nbsp;\u00a1\u00a1\u00a1 VAYA CHULADA DE ACTIVIDADES&#8230; !!!<\/span><\/span><\/p>\n<p style=\"text-align: justify\">Pues el buen tiempo ya invita a salirnos un poco de nuestro d\u00eda a d\u00eda de clase. As\u00ed que los alumnos de 1\u00ba y 2\u00ba de Primaria asistieron a la obra de <b>teatro \u00abEl mago de Oz\u00bb<\/b>, en la Caja Blanca. Fue el pasado d\u00eda 8 de marzo, y se lo pasaron en grande, no en vano los actores de dicha obra animaron la funci\u00f3n de forma muy profesional.<\/p>\n<div style=\"clear: both;text-align: center\"><a href=\"https:\/\/blogger.googleusercontent.com\/img\/b\/R29vZ2xl\/AVvXsEjLZp-Dx9kxrr_Cck2SzxC_CUDUOjqVrur5PurN8xDgz3BkScRBLw6KzJQBPgUeJjpxSCjpXuNj3hnG700VzpbLGcxiZL8JTwbMcRRT8IUfOI3Apy-9ue2-sS_8641nQFvOCj10CKa_Diuwp0Xb3wx8JPaKpyNbRBqZ6zDSz5C8vk5RYD4tlBXgB6rR7A\/s2320\/1678965748216.jpg\" style=\"margin-left: 1em;margin-right: 1em\"><img loading=\"lazy\" decoding=\"async\" border=\"0\" data-original-height=\"1305\" data-original-width=\"2320\" height=\"180\" src=\"https:\/\/blogger.googleusercontent.com\/img\/b\/R29vZ2xl\/AVvXsEjLZp-Dx9kxrr_Cck2SzxC_CUDUOjqVrur5PurN8xDgz3BkScRBLw6KzJQBPgUeJjpxSCjpXuNj3hnG700VzpbLGcxiZL8JTwbMcRRT8IUfOI3Apy-9ue2-sS_8641nQFvOCj10CKa_Diuwp0Xb3wx8JPaKpyNbRBqZ6zDSz5C8vk5RYD4tlBXgB6rR7A\/s320\/1678965748216.jpg\" width=\"320\" \/><\/a><\/div>\n<p style=\"text-align: justify\"><\/p>\n<p style=\"text-align: justify\">Y este 17 de marzo, los alumnos de 3\u00ba y 4\u00ba hicieron gala de su deportividad y su buena forma y llevaron a cabo una <b>ruta por la Playa de la Ara\u00f1a<\/b>. Hicieron un recorrido de unos cuatro kil\u00f3metros y conocieron las playas del Candado, del Pe\u00f1\u00f3n del Cuervo y de la Ara\u00f1a. Otras curiosidades dignas de menci\u00f3n durante ese itinerario: el paseo de los Canadienses, la torre de las Palomas o detalles relacionados con la flora como es la pita.<\/p>\n<div style=\"clear: both;text-align: center\"><a href=\"https:\/\/blogger.googleusercontent.com\/img\/b\/R29vZ2xl\/AVvXsEiSm51Px4EIdp1XIgzZtMKlX3r_pBIkZwAO9-N98O5-4DWYVTh4iaRQJUMmjotXAr7dPznLlcOh5fqi4O2g932bbVpqMUWBTLTMAy_ua7Kep49qVbhLBAsGV5m21dzEv-mVmYSCLCL2ytjmFTAU5LioJ9nIwOaNwYbBs2TQ3VDfPMeUZcs8hhB1Ik_OSA\/s2320\/1679057127117.jpg\" style=\"margin-left: 1em;margin-right: 1em\"><img loading=\"lazy\" decoding=\"async\" border=\"0\" data-original-height=\"1305\" data-original-width=\"2320\" height=\"180\" src=\"https:\/\/blogger.googleusercontent.com\/img\/b\/R29vZ2xl\/AVvXsEiSm51Px4EIdp1XIgzZtMKlX3r_pBIkZwAO9-N98O5-4DWYVTh4iaRQJUMmjotXAr7dPznLlcOh5fqi4O2g932bbVpqMUWBTLTMAy_ua7Kep49qVbhLBAsGV5m21dzEv-mVmYSCLCL2ytjmFTAU5LioJ9nIwOaNwYbBs2TQ3VDfPMeUZcs8hhB1Ik_OSA\/s320\/1679057127117.jpg\" width=\"320\" \/><\/a><\/div>\n<p><\/p>\n<div style=\"clear: both;text-align: center\"><a href=\"https:\/\/blogger.googleusercontent.com\/img\/b\/R29vZ2xl\/AVvXsEhOvCXoVq2RggWG-UeVe6GXbk-DnMF8oU8bHsA7D86RiWF4Uxi7HRExke7Ztk4XkB6Y_0wBdLq4yhkeT312eq16WuO7OqxwUAkuaB42ZrFEW8lvhQeTL8xVTcGMkEGaxiE7-aSrfPBZBVR1DIO6h4RBlS23a4YoXpBlAKnuj2V7hXRZPK1v-QzuPVJPwg\/s2320\/1679057177612.jpg\" style=\"margin-left: 1em;margin-right: 1em\"><img loading=\"lazy\" decoding=\"async\" border=\"0\" data-original-height=\"1305\" data-original-width=\"2320\" height=\"180\" src=\"https:\/\/blogger.googleusercontent.com\/img\/b\/R29vZ2xl\/AVvXsEhOvCXoVq2RggWG-UeVe6GXbk-DnMF8oU8bHsA7D86RiWF4Uxi7HRExke7Ztk4XkB6Y_0wBdLq4yhkeT312eq16WuO7OqxwUAkuaB42ZrFEW8lvhQeTL8xVTcGMkEGaxiE7-aSrfPBZBVR1DIO6h4RBlS23a4YoXpBlAKnuj2V7hXRZPK1v-QzuPVJPwg\/s320\/1679057177612.jpg\" width=\"320\" \/><\/a><\/div>\n<p><\/p>\n<p style=\"text-align: justify\"><\/p>\n<p style=\"text-align: justify\">Adem\u00e1s de estas actividades, todo el centro se est\u00e1 viendo beneficiado un a\u00f1o m\u00e1s con nuestras clases de <b>Matem\u00e1ticas Aplicadas<\/b>, impartidas por nuestra querida se\u00f1o Alba. Estas tareas se engloban dentro del programa Impulsa 3 y el objetivo es ni m\u00e1s ni menos que darle un enfoque distinto y ameno a esta asignatura.<\/p>\n<p style=\"text-align: justify\">Pero no queda ah\u00ed la cosa, este curso contamos con otra novedad: el P<b>royecto de Investigaci\u00f3n Aeroespacial<\/b> que est\u00e1 efectuando nuestro maestro \u00abAstroLuis\u00bb. Al alumnado se le ha propuesto convertirse en ingeniero aeroespaciales, para lo cual tendr\u00e1n que ir superando una serie de desaf\u00edos. Contamos para ello con una m\u00e1quina para hacer chapas, una impresora 3D y diverso material muy innovador. Iremos dando detalle de los retos alcanzados, \u00a1\u00a1 a por ello !!<\/p>\n<div style=\"clear: both;text-align: center\"><a href=\"https:\/\/blogger.googleusercontent.com\/img\/b\/R29vZ2xl\/AVvXsEjxtZHl0tsDyaomwPPE8jLQFiHr9xGjuyzYudLIZ34R41iHCUNlDUhhQymOl4oFKqt8D5K7r8ZfLXLORp4LUOapwqYTf4XsJJYYjauJSpp5p9iulHPEisvdf0GOaWogmH1INhgEb6u1EREU1u2ocH7VKEz8xe5N8LFfYO8dvHBjxG7_YZ9vxVEMx1SqKA\/s2320\/1678967522175.jpg\" style=\"margin-left: 1em;margin-right: 1em\"><img loading=\"lazy\" decoding=\"async\" border=\"0\" data-original-height=\"2320\" data-original-width=\"1305\" height=\"320\" src=\"https:\/\/blogger.googleusercontent.com\/img\/b\/R29vZ2xl\/AVvXsEjxtZHl0tsDyaomwPPE8jLQFiHr9xGjuyzYudLIZ34R41iHCUNlDUhhQymOl4oFKqt8D5K7r8ZfLXLORp4LUOapwqYTf4XsJJYYjauJSpp5p9iulHPEisvdf0GOaWogmH1INhgEb6u1EREU1u2ocH7VKEz8xe5N8LFfYO8dvHBjxG7_YZ9vxVEMx1SqKA\/s320\/1678967522175.jpg\" width=\"180\" \/><\/a><\/div>\n<p style=\"text-align: justify\"><\/p>\n<p style=\"text-align: justify\">&nbsp;Seguimos informando, seguimos felices. Bye&#8230;<\/p>\n","protected":false},"excerpt":{"rendered":"<p>&nbsp;\u00a1\u00a1\u00a1 VAYA CHULADA DE ACTIVIDADES&#8230; !!! Pues el buen tiempo ya invita a salirnos un poco de nuestro d\u00eda a d\u00eda de clase. As\u00ed que los alumnos de 1\u00ba y 2\u00ba de Primaria asistieron a la&#46;&#46;&#46;<\/p>\n","protected":false},"author":20834,"featured_media":0,"comment_status":"open","ping_status":"open","sticky":false,"template":"","format":"standard","meta":{"footnotes":""},"categories":[1],"tags":[],"aioseo_notices":[],"_links":{"self":[{"href":"https:\/\/blogsaverroes.juntadeandalucia.es\/ceipardira\/wp-json\/wp\/v2\/posts\/67"}],"collection":[{"href":"https:\/\/blogsaverroes.juntadeandalucia.es\/ceipardira\/wp-json\/wp\/v2\/posts"}],"about":[{"href":"https:\/\/blogsaverroes.juntadeandalucia.es\/ceipardira\/wp-json\/wp\/v2\/types\/post"}],"author":[{"embeddable":true,"href":"https:\/\/blogsaverroes.juntadeandalucia.es\/ceipardira\/wp-json\/wp\/v2\/users\/20834"}],"replies":[{"embeddable":true,"href":"https:\/\/blogsaverroes.juntadeandalucia.es\/ceipardira\/wp-json\/wp\/v2\/comments?post=67"}],"version-history":[{"count":0,"href":"https:\/\/blogsaverroes.juntadeandalucia.es\/ceipardira\/wp-json\/wp\/v2\/posts\/67\/revisions"}],"wp:attachment":[{"href":"https:\/\/blogsaverroes.juntadeandalucia.es\/ceipardira\/wp-json\/wp\/v2\/media?parent=67"}],"wp:term":[{"taxonomy":"category","embeddable":true,"href":"https:\/\/blogsaverroes.juntadeandalucia.es\/ceipardira\/wp-json\/wp\/v2\/categories?post=67"},{"taxonomy":"post_tag","embeddable":true,"href":"https:\/\/blogsaverroes.juntadeandalucia.es\/ceipardira\/wp-json\/wp\/v2\/tags?post=67"}],"curies":[{"name":"wp","href":"https:\/\/api.w.org\/{rel}","templated":true}]}}