{"id":85,"date":"2022-06-02T12:18:00","date_gmt":"2022-06-02T10:18:00","guid":{"rendered":"https:\/\/blogsaverroes.juntadeandalucia.es\/ceipardira\/2022\/06\/02\/"},"modified":"2022-06-02T12:18:00","modified_gmt":"2022-06-02T10:18:00","slug":"85","status":"publish","type":"post","link":"https:\/\/blogsaverroes.juntadeandalucia.es\/ceipardira\/2022\/06\/02\/85\/","title":{"rendered":""},"content":{"rendered":"<p style=\"text-align: center\"><span style=\"background-color: #660000;color: #fce5cd\">&nbsp;CLAUSURA DE LA XXXIV MUESTRA DE TEATRO ESCOLAR<\/span><\/p>\n<p style=\"text-align: center\"><span style=\"text-align: justify\">Os recordamos que nuestros alumnos de 5 a\u00f1os de Infantil y 4\u00ba de Primaria participaron en la XXXIV Muestra de Teatro Escolar que tuvo lugar entre los d\u00edas 30 de marzo y 1 de abril, organizada por el \u00c1rea de Educaci\u00f3n, Juventud y Fomento del Empleo del Ayuntamiento de M\u00e1laga, de todo lo cual dimos cuenta en este blog.<\/span><span style=\"text-align: justify\">&nbsp;Pues bien, e<\/span>l pasado 1 de junio los mismos chicos fueron invitados al acto de clausura que tuvo lugar en nuestro ic\u00f3nico Teatro Cervantes. En dicho acto se produjo la entrega de diplomas y obsequios a los participantes, y tambi\u00e9n tuvieron el honor de disfrutar de la obra \u00abSoy una nuez\u00bb, de la compa\u00f1ia Zum Zum Teatre. Esta representaci\u00f3n est\u00e1 galardonada con el Premio Fet\u00e9n 2021 a la mejor direcci\u00f3n teatral y a la mejor interpretaci\u00f3n coral, pedazo de obra pues la que presenciaron los nuestros.<\/p>\n<p style=\"text-align: center\">Un tal William Shakespeare dijo: \u00abEl mundo entero es un teatro\u00bb. Seguimos aprendiendo en el escenario del Ardira.<\/p>\n<div style=\"clear: both;text-align: center\"><a href=\"https:\/\/blogger.googleusercontent.com\/img\/b\/R29vZ2xl\/AVvXsEiK3ysV-nDtXtQdL_hFfZdV43IbXYOmWSlJQhuXLbUoZ_O3yYwma1jyNFciX2NJoK_dzPiq8bm9GCjDutVVn5DID_NgXvjXIJ_wCpd1zZsYOA--M-R5BMclPkZnRTShv_DysK1bUWuQLkWgGrE76amE1KzBA7TbuwNEUZGopA-vFiNYYCJGsZMYtaSsfw\/s2048\/IMG-20220601-WA0023.jpg\" style=\"margin-left: 1em;margin-right: 1em\"><img loading=\"lazy\" decoding=\"async\" border=\"0\" data-original-height=\"1536\" data-original-width=\"2048\" height=\"240\" src=\"https:\/\/blogger.googleusercontent.com\/img\/b\/R29vZ2xl\/AVvXsEiK3ysV-nDtXtQdL_hFfZdV43IbXYOmWSlJQhuXLbUoZ_O3yYwma1jyNFciX2NJoK_dzPiq8bm9GCjDutVVn5DID_NgXvjXIJ_wCpd1zZsYOA--M-R5BMclPkZnRTShv_DysK1bUWuQLkWgGrE76amE1KzBA7TbuwNEUZGopA-vFiNYYCJGsZMYtaSsfw\/s320\/IMG-20220601-WA0023.jpg\" width=\"320\" \/><\/a><\/div>\n<p><\/p>\n<p style=\"text-align: center\"><\/p>\n","protected":false},"excerpt":{"rendered":"<p>&nbsp;CLAUSURA DE LA XXXIV MUESTRA DE TEATRO ESCOLAR Os recordamos que nuestros alumnos de 5 a\u00f1os de Infantil y 4\u00ba de Primaria participaron en la XXXIV Muestra de Teatro Escolar que tuvo lugar entre los d\u00edas&#46;&#46;&#46;<\/p>\n","protected":false},"author":20834,"featured_media":0,"comment_status":"open","ping_status":"open","sticky":false,"template":"","format":"standard","meta":{"footnotes":""},"categories":[1],"tags":[],"aioseo_notices":[],"_links":{"self":[{"href":"https:\/\/blogsaverroes.juntadeandalucia.es\/ceipardira\/wp-json\/wp\/v2\/posts\/85"}],"collection":[{"href":"https:\/\/blogsaverroes.juntadeandalucia.es\/ceipardira\/wp-json\/wp\/v2\/posts"}],"about":[{"href":"https:\/\/blogsaverroes.juntadeandalucia.es\/ceipardira\/wp-json\/wp\/v2\/types\/post"}],"author":[{"embeddable":true,"href":"https:\/\/blogsaverroes.juntadeandalucia.es\/ceipardira\/wp-json\/wp\/v2\/users\/20834"}],"replies":[{"embeddable":true,"href":"https:\/\/blogsaverroes.juntadeandalucia.es\/ceipardira\/wp-json\/wp\/v2\/comments?post=85"}],"version-history":[{"count":0,"href":"https:\/\/blogsaverroes.juntadeandalucia.es\/ceipardira\/wp-json\/wp\/v2\/posts\/85\/revisions"}],"wp:attachment":[{"href":"https:\/\/blogsaverroes.juntadeandalucia.es\/ceipardira\/wp-json\/wp\/v2\/media?parent=85"}],"wp:term":[{"taxonomy":"category","embeddable":true,"href":"https:\/\/blogsaverroes.juntadeandalucia.es\/ceipardira\/wp-json\/wp\/v2\/categories?post=85"},{"taxonomy":"post_tag","embeddable":true,"href":"https:\/\/blogsaverroes.juntadeandalucia.es\/ceipardira\/wp-json\/wp\/v2\/tags?post=85"}],"curies":[{"name":"wp","href":"https:\/\/api.w.org\/{rel}","templated":true}]}}