{"id":2616,"date":"2026-02-20T19:17:04","date_gmt":"2026-02-20T19:17:04","guid":{"rendered":"https:\/\/blogsaverroes.juntadeandalucia.es\/ceipaxarquia\/?p=2616"},"modified":"2026-03-09T19:34:22","modified_gmt":"2026-03-09T19:34:22","slug":"viii-olimpiada-alevin","status":"publish","type":"post","link":"https:\/\/blogsaverroes.juntadeandalucia.es\/ceipaxarquia\/viii-olimpiada-alevin\/","title":{"rendered":"VIII Olimpiada Alev\u00edn"},"content":{"rendered":"<p>El pasado s\u00e1bado 14 de febrero en las instalaciones del IES N\u00ba 1 Universidad Laboral de M\u00e1laga tuvo lugar, de forma presencial, las fases provinciales de la <a href=\"https:\/\/malaga.saemthales.es\/\" target=\"_blank\" rel=\"noopener\">VIII Olimpiada Matem\u00e1tica Alev\u00edn<\/a> (dirigida al alumnado del tercer ciclo de Educaci\u00f3n Primaria, organizada por la S.A.E.M. Thales y que cuenta con la colaboraci\u00f3n de la Consejer\u00eda de Desarrollo Educativo y Formaci\u00f3n Profesional de la Junta de Andaluc\u00eda, el IES N\u00ba 1 Universidad Laboral, el CEIP Los Guindos y la editorial Edelvives.<\/p>\n<p>Destacamos la participaci\u00f3n de todos ellos y ellas y as\u00ed queda en el diploma que recibieron cada uno de ellos y menci\u00f3n especial tambi\u00e9n nuestro centro.&nbsp;<\/p>\n<p><a href=\"https:\/\/blogsaverroes.juntadeandalucia.es\/ceipaxarquia\/files\/2026\/03\/20260218124304483_page-0001-1.jpg\"><br \/>\n<img loading=\"lazy\" decoding=\"async\" class=\"aligncenter size-full wp-image-2617\" src=\"https:\/\/blogsaverroes.juntadeandalucia.es\/ceipaxarquia\/files\/2026\/03\/20260218124304483_page-0001-1.jpg\" alt=\"\" width=\"1240\" height=\"1755\" srcset=\"https:\/\/blogsaverroes.juntadeandalucia.es\/ceipaxarquia\/files\/2026\/03\/20260218124304483_page-0001-1.jpg 1240w, https:\/\/blogsaverroes.juntadeandalucia.es\/ceipaxarquia\/files\/2026\/03\/20260218124304483_page-0001-1-212x300.jpg 212w, https:\/\/blogsaverroes.juntadeandalucia.es\/ceipaxarquia\/files\/2026\/03\/20260218124304483_page-0001-1-724x1024.jpg 724w, https:\/\/blogsaverroes.juntadeandalucia.es\/ceipaxarquia\/files\/2026\/03\/20260218124304483_page-0001-1-768x1087.jpg 768w, https:\/\/blogsaverroes.juntadeandalucia.es\/ceipaxarquia\/files\/2026\/03\/20260218124304483_page-0001-1-1085x1536.jpg 1085w\" sizes=\"(max-width: 1240px) 100vw, 1240px\" \/><\/a><\/p>\n<p style=\"text-align: center\"><strong><em>La matem\u00e1tica no se trata de n\u00fameros, ecuaciones, c\u00e1lculos o algoritmos: se trata de comprender.<\/em><\/strong><br \/>\n<em>William Paul Thurston<\/em><\/p>\n","protected":false},"excerpt":{"rendered":"<p>El pasado s\u00e1bado 14 de febrero en las instalaciones del IES N\u00ba 1 Universidad Laboral de M\u00e1laga tuvo lugar, de forma presencial, las fases provinciales de la VIII Olimpiada Matem\u00e1tica Alev\u00edn (dirigida al alumnado&#46;&#46;&#46;<\/p>\n","protected":false},"author":10502,"featured_media":2618,"comment_status":"open","ping_status":"open","sticky":false,"template":"","format":"standard","meta":{"ngg_post_thumbnail":0,"footnotes":""},"categories":[784,25496,5670],"tags":[],"aioseo_notices":[],"_links":{"self":[{"href":"https:\/\/blogsaverroes.juntadeandalucia.es\/ceipaxarquia\/wp-json\/wp\/v2\/posts\/2616"}],"collection":[{"href":"https:\/\/blogsaverroes.juntadeandalucia.es\/ceipaxarquia\/wp-json\/wp\/v2\/posts"}],"about":[{"href":"https:\/\/blogsaverroes.juntadeandalucia.es\/ceipaxarquia\/wp-json\/wp\/v2\/types\/post"}],"author":[{"embeddable":true,"href":"https:\/\/blogsaverroes.juntadeandalucia.es\/ceipaxarquia\/wp-json\/wp\/v2\/users\/10502"}],"replies":[{"embeddable":true,"href":"https:\/\/blogsaverroes.juntadeandalucia.es\/ceipaxarquia\/wp-json\/wp\/v2\/comments?post=2616"}],"version-history":[{"count":2,"href":"https:\/\/blogsaverroes.juntadeandalucia.es\/ceipaxarquia\/wp-json\/wp\/v2\/posts\/2616\/revisions"}],"predecessor-version":[{"id":2620,"href":"https:\/\/blogsaverroes.juntadeandalucia.es\/ceipaxarquia\/wp-json\/wp\/v2\/posts\/2616\/revisions\/2620"}],"wp:featuredmedia":[{"embeddable":true,"href":"https:\/\/blogsaverroes.juntadeandalucia.es\/ceipaxarquia\/wp-json\/wp\/v2\/media\/2618"}],"wp:attachment":[{"href":"https:\/\/blogsaverroes.juntadeandalucia.es\/ceipaxarquia\/wp-json\/wp\/v2\/media?parent=2616"}],"wp:term":[{"taxonomy":"category","embeddable":true,"href":"https:\/\/blogsaverroes.juntadeandalucia.es\/ceipaxarquia\/wp-json\/wp\/v2\/categories?post=2616"},{"taxonomy":"post_tag","embeddable":true,"href":"https:\/\/blogsaverroes.juntadeandalucia.es\/ceipaxarquia\/wp-json\/wp\/v2\/tags?post=2616"}],"curies":[{"name":"wp","href":"https:\/\/api.w.org\/{rel}","templated":true}]}}