{"id":2652,"date":"2017-03-21T12:00:16","date_gmt":"2017-03-21T11:00:16","guid":{"rendered":"http:\/\/blogsaverroes.juntadeandalucia.es\/ceipaznaitin\/?p=2652"},"modified":"2017-03-21T12:31:43","modified_gmt":"2017-03-21T11:31:43","slug":"dia-de-andalucia","status":"publish","type":"post","link":"https:\/\/blogsaverroes.juntadeandalucia.es\/ceipaznaitin\/2017\/03\/21\/dia-de-andalucia\/","title":{"rendered":"D\u00eda de Andaluc\u00eda"},"content":{"rendered":"<p>Durante la semana del 20 al 24 de febrero realizamos las actividades conmemorativas del D\u00eda de Andaluc\u00eda.<\/p>\n<p>Entre otras, participamos en el programa \u00abDegusta Ja\u00e9n en tu colegio\u00bb &nbsp;de la Diputaci\u00f3n Provincial, que consiste en un desayuno con productos de Ja\u00e9n los cinco d\u00edas de la semana. El viernes coincidiendo con otras actividades del D\u00eda de Andaluc\u00eda se reparti\u00f3 el tradicional bocadillo de jam\u00f3n con aceite y tomate, tuvimos una charla sobre alimentaci\u00f3n saludable y nos visitaron el Alcalde y el Diputado de Agricultura. Tambi\u00e9n estuvieron las c\u00e1maras de Canal Sur.<\/p>\n\n\t\t<style type=\"text\/css\">\n\t\t\t#gallery-1 {\n\t\t\t\tmargin: auto;\n\t\t\t}\n\t\t\t#gallery-1 .gallery-item {\n\t\t\t\tfloat: left;\n\t\t\t\tmargin-top: 10px;\n\t\t\t\ttext-align: center;\n\t\t\t\twidth: 33%;\n\t\t\t}\n\t\t\t#gallery-1 img {\n\t\t\t\tborder: 2px solid #cfcfcf;\n\t\t\t}\n\t\t\t#gallery-1 .gallery-caption {\n\t\t\t\tmargin-left: 0;\n\t\t\t}\n\t\t\t\/* see gallery_shortcode() in wp-includes\/media.php *\/\n\t\t<\/style>\n\t\t<div id='gallery-1' class='gallery galleryid-2652 gallery-columns-3 gallery-size-thumbnail'><dl class='gallery-item'>\n\t\t\t<dt class='gallery-icon landscape'>\n\t\t\t\t<a href='https:\/\/blogsaverroes.juntadeandalucia.es\/ceipaznaitin\/2017\/03\/21\/dia-de-andalucia\/bocadillos3\/'><img loading=\"lazy\" decoding=\"async\" width=\"150\" height=\"150\" src=\"https:\/\/blogsaverroes.juntadeandalucia.es\/ceipaznaitin\/files\/2017\/03\/bocadillos3-150x150.jpeg\" class=\"attachment-thumbnail size-thumbnail\" alt=\"\" srcset=\"https:\/\/blogsaverroes.juntadeandalucia.es\/ceipaznaitin\/files\/2017\/03\/bocadillos3-150x150.jpeg 150w, https:\/\/blogsaverroes.juntadeandalucia.es\/ceipaznaitin\/files\/2017\/03\/bocadillos3-100x100.jpeg 100w\" sizes=\"(max-width: 150px) 100vw, 150px\" \/><\/a>\n\t\t\t<\/dt><\/dl><dl class='gallery-item'>\n\t\t\t<dt class='gallery-icon landscape'>\n\t\t\t\t<a href='https:\/\/blogsaverroes.juntadeandalucia.es\/ceipaznaitin\/2017\/03\/21\/dia-de-andalucia\/bocadillos2\/'><img loading=\"lazy\" decoding=\"async\" width=\"150\" height=\"150\" src=\"https:\/\/blogsaverroes.juntadeandalucia.es\/ceipaznaitin\/files\/2017\/03\/bocadillos2-150x150.jpeg\" class=\"attachment-thumbnail size-thumbnail\" alt=\"\" srcset=\"https:\/\/blogsaverroes.juntadeandalucia.es\/ceipaznaitin\/files\/2017\/03\/bocadillos2-150x150.jpeg 150w, https:\/\/blogsaverroes.juntadeandalucia.es\/ceipaznaitin\/files\/2017\/03\/bocadillos2-100x100.jpeg 100w\" sizes=\"(max-width: 150px) 100vw, 150px\" \/><\/a>\n\t\t\t<\/dt><\/dl><dl class='gallery-item'>\n\t\t\t<dt class='gallery-icon landscape'>\n\t\t\t\t<a href='https:\/\/blogsaverroes.juntadeandalucia.es\/ceipaznaitin\/2017\/03\/21\/dia-de-andalucia\/bocadillos1\/'><img loading=\"lazy\" decoding=\"async\" width=\"150\" height=\"150\" src=\"https:\/\/blogsaverroes.juntadeandalucia.es\/ceipaznaitin\/files\/2017\/03\/bocadillos1-150x150.jpeg\" class=\"attachment-thumbnail size-thumbnail\" alt=\"\" srcset=\"https:\/\/blogsaverroes.juntadeandalucia.es\/ceipaznaitin\/files\/2017\/03\/bocadillos1-150x150.jpeg 150w, https:\/\/blogsaverroes.juntadeandalucia.es\/ceipaznaitin\/files\/2017\/03\/bocadillos1-100x100.jpeg 100w\" sizes=\"(max-width: 150px) 100vw, 150px\" \/><\/a>\n\t\t\t<\/dt><\/dl><br style=\"clear: both\" \/><dl class='gallery-item'>\n\t\t\t<dt class='gallery-icon landscape'>\n\t\t\t\t<a href='https:\/\/blogsaverroes.juntadeandalucia.es\/ceipaznaitin\/2017\/03\/21\/dia-de-andalucia\/andalucia5\/'><img loading=\"lazy\" decoding=\"async\" width=\"150\" height=\"150\" src=\"https:\/\/blogsaverroes.juntadeandalucia.es\/ceipaznaitin\/files\/2017\/03\/andalucia5-150x150.jpeg\" class=\"attachment-thumbnail size-thumbnail\" alt=\"\" srcset=\"https:\/\/blogsaverroes.juntadeandalucia.es\/ceipaznaitin\/files\/2017\/03\/andalucia5-150x150.jpeg 150w, https:\/\/blogsaverroes.juntadeandalucia.es\/ceipaznaitin\/files\/2017\/03\/andalucia5-100x100.jpeg 100w\" sizes=\"(max-width: 150px) 100vw, 150px\" \/><\/a>\n\t\t\t<\/dt><\/dl><dl class='gallery-item'>\n\t\t\t<dt class='gallery-icon landscape'>\n\t\t\t\t<a href='https:\/\/blogsaverroes.juntadeandalucia.es\/ceipaznaitin\/2017\/03\/21\/dia-de-andalucia\/andalucia7\/'><img loading=\"lazy\" decoding=\"async\" width=\"150\" height=\"150\" src=\"https:\/\/blogsaverroes.juntadeandalucia.es\/ceipaznaitin\/files\/2017\/03\/andalucia7-150x150.jpeg\" class=\"attachment-thumbnail size-thumbnail\" alt=\"\" srcset=\"https:\/\/blogsaverroes.juntadeandalucia.es\/ceipaznaitin\/files\/2017\/03\/andalucia7-150x150.jpeg 150w, https:\/\/blogsaverroes.juntadeandalucia.es\/ceipaznaitin\/files\/2017\/03\/andalucia7-100x100.jpeg 100w\" sizes=\"(max-width: 150px) 100vw, 150px\" \/><\/a>\n\t\t\t<\/dt><\/dl><dl class='gallery-item'>\n\t\t\t<dt class='gallery-icon landscape'>\n\t\t\t\t<a href='https:\/\/blogsaverroes.juntadeandalucia.es\/ceipaznaitin\/2017\/03\/21\/dia-de-andalucia\/andalucia6\/'><img loading=\"lazy\" decoding=\"async\" width=\"150\" height=\"150\" src=\"https:\/\/blogsaverroes.juntadeandalucia.es\/ceipaznaitin\/files\/2017\/03\/andalucia6-150x150.jpeg\" class=\"attachment-thumbnail size-thumbnail\" alt=\"\" srcset=\"https:\/\/blogsaverroes.juntadeandalucia.es\/ceipaznaitin\/files\/2017\/03\/andalucia6-150x150.jpeg 150w, https:\/\/blogsaverroes.juntadeandalucia.es\/ceipaznaitin\/files\/2017\/03\/andalucia6-100x100.jpeg 100w\" sizes=\"(max-width: 150px) 100vw, 150px\" \/><\/a>\n\t\t\t<\/dt><\/dl><br style=\"clear: both\" \/><dl class='gallery-item'>\n\t\t\t<dt class='gallery-icon portrait'>\n\t\t\t\t<a href='https:\/\/blogsaverroes.juntadeandalucia.es\/ceipaznaitin\/2017\/03\/21\/dia-de-andalucia\/andalucia8\/'><img loading=\"lazy\" decoding=\"async\" width=\"150\" height=\"150\" src=\"https:\/\/blogsaverroes.juntadeandalucia.es\/ceipaznaitin\/files\/2017\/03\/andalucia8-150x150.jpeg\" class=\"attachment-thumbnail size-thumbnail\" alt=\"\" srcset=\"https:\/\/blogsaverroes.juntadeandalucia.es\/ceipaznaitin\/files\/2017\/03\/andalucia8-150x150.jpeg 150w, https:\/\/blogsaverroes.juntadeandalucia.es\/ceipaznaitin\/files\/2017\/03\/andalucia8-100x100.jpeg 100w\" sizes=\"(max-width: 150px) 100vw, 150px\" \/><\/a>\n\t\t\t<\/dt><\/dl><dl class='gallery-item'>\n\t\t\t<dt class='gallery-icon landscape'>\n\t\t\t\t<a href='https:\/\/blogsaverroes.juntadeandalucia.es\/ceipaznaitin\/2017\/03\/21\/dia-de-andalucia\/andalucia9\/'><img loading=\"lazy\" decoding=\"async\" width=\"150\" height=\"150\" src=\"https:\/\/blogsaverroes.juntadeandalucia.es\/ceipaznaitin\/files\/2017\/03\/andalucia9-150x150.jpeg\" class=\"attachment-thumbnail size-thumbnail\" alt=\"\" srcset=\"https:\/\/blogsaverroes.juntadeandalucia.es\/ceipaznaitin\/files\/2017\/03\/andalucia9-150x150.jpeg 150w, https:\/\/blogsaverroes.juntadeandalucia.es\/ceipaznaitin\/files\/2017\/03\/andalucia9-100x100.jpeg 100w\" sizes=\"(max-width: 150px) 100vw, 150px\" \/><\/a>\n\t\t\t<\/dt><\/dl><dl class='gallery-item'>\n\t\t\t<dt class='gallery-icon landscape'>\n\t\t\t\t<a href='https:\/\/blogsaverroes.juntadeandalucia.es\/ceipaznaitin\/2017\/03\/21\/dia-de-andalucia\/andalucia2\/'><img loading=\"lazy\" decoding=\"async\" width=\"150\" height=\"150\" src=\"https:\/\/blogsaverroes.juntadeandalucia.es\/ceipaznaitin\/files\/2017\/03\/andalucia2-150x150.jpeg\" class=\"attachment-thumbnail size-thumbnail\" alt=\"\" srcset=\"https:\/\/blogsaverroes.juntadeandalucia.es\/ceipaznaitin\/files\/2017\/03\/andalucia2-150x150.jpeg 150w, https:\/\/blogsaverroes.juntadeandalucia.es\/ceipaznaitin\/files\/2017\/03\/andalucia2-100x100.jpeg 100w\" sizes=\"(max-width: 150px) 100vw, 150px\" \/><\/a>\n\t\t\t<\/dt><\/dl><br style=\"clear: both\" \/>\n\t\t<\/div>\n\n<p>Tambi\u00e9n organizaron las madres de la AMPA un photocall para que todos los cursos se hicieran fotos delante de un escenario t\u00edpico andaluz.<\/p>\n\n\t\t<style type=\"text\/css\">\n\t\t\t#gallery-2 {\n\t\t\t\tmargin: auto;\n\t\t\t}\n\t\t\t#gallery-2 .gallery-item {\n\t\t\t\tfloat: left;\n\t\t\t\tmargin-top: 10px;\n\t\t\t\ttext-align: center;\n\t\t\t\twidth: 33%;\n\t\t\t}\n\t\t\t#gallery-2 img {\n\t\t\t\tborder: 2px solid #cfcfcf;\n\t\t\t}\n\t\t\t#gallery-2 .gallery-caption {\n\t\t\t\tmargin-left: 0;\n\t\t\t}\n\t\t\t\/* see gallery_shortcode() in wp-includes\/media.php *\/\n\t\t<\/style>\n\t\t<div id='gallery-2' class='gallery galleryid-2652 gallery-columns-3 gallery-size-thumbnail'><dl class='gallery-item'>\n\t\t\t<dt class='gallery-icon landscape'>\n\t\t\t\t<a href='https:\/\/blogsaverroes.juntadeandalucia.es\/ceipaznaitin\/2017\/03\/21\/dia-de-andalucia\/andalucia_segundo\/'><img loading=\"lazy\" decoding=\"async\" width=\"150\" height=\"150\" src=\"https:\/\/blogsaverroes.juntadeandalucia.es\/ceipaznaitin\/files\/2017\/03\/andalucia_segundo-150x150.jpeg\" class=\"attachment-thumbnail size-thumbnail\" alt=\"\" srcset=\"https:\/\/blogsaverroes.juntadeandalucia.es\/ceipaznaitin\/files\/2017\/03\/andalucia_segundo-150x150.jpeg 150w, https:\/\/blogsaverroes.juntadeandalucia.es\/ceipaznaitin\/files\/2017\/03\/andalucia_segundo-100x100.jpeg 100w\" sizes=\"(max-width: 150px) 100vw, 150px\" \/><\/a>\n\t\t\t<\/dt><\/dl><dl class='gallery-item'>\n\t\t\t<dt class='gallery-icon landscape'>\n\t\t\t\t<a href='https:\/\/blogsaverroes.juntadeandalucia.es\/ceipaznaitin\/2017\/03\/21\/dia-de-andalucia\/andalucia_tercero\/'><img loading=\"lazy\" decoding=\"async\" width=\"150\" height=\"150\" src=\"https:\/\/blogsaverroes.juntadeandalucia.es\/ceipaznaitin\/files\/2017\/03\/andalucia_tercero-150x150.jpeg\" class=\"attachment-thumbnail size-thumbnail\" alt=\"\" srcset=\"https:\/\/blogsaverroes.juntadeandalucia.es\/ceipaznaitin\/files\/2017\/03\/andalucia_tercero-150x150.jpeg 150w, https:\/\/blogsaverroes.juntadeandalucia.es\/ceipaznaitin\/files\/2017\/03\/andalucia_tercero-100x100.jpeg 100w\" sizes=\"(max-width: 150px) 100vw, 150px\" \/><\/a>\n\t\t\t<\/dt><\/dl><dl class='gallery-item'>\n\t\t\t<dt class='gallery-icon landscape'>\n\t\t\t\t<a href='https:\/\/blogsaverroes.juntadeandalucia.es\/ceipaznaitin\/2017\/03\/21\/dia-de-andalucia\/photocall1\/'><img loading=\"lazy\" decoding=\"async\" width=\"150\" height=\"150\" src=\"https:\/\/blogsaverroes.juntadeandalucia.es\/ceipaznaitin\/files\/2017\/03\/photocall1-150x150.jpeg\" class=\"attachment-thumbnail size-thumbnail\" alt=\"\" srcset=\"https:\/\/blogsaverroes.juntadeandalucia.es\/ceipaznaitin\/files\/2017\/03\/photocall1-150x150.jpeg 150w, https:\/\/blogsaverroes.juntadeandalucia.es\/ceipaznaitin\/files\/2017\/03\/photocall1-100x100.jpeg 100w\" sizes=\"(max-width: 150px) 100vw, 150px\" \/><\/a>\n\t\t\t<\/dt><\/dl><br style=\"clear: both\" \/><dl class='gallery-item'>\n\t\t\t<dt class='gallery-icon landscape'>\n\t\t\t\t<a href='https:\/\/blogsaverroes.juntadeandalucia.es\/ceipaznaitin\/2017\/03\/21\/dia-de-andalucia\/photocall3\/'><img loading=\"lazy\" decoding=\"async\" width=\"150\" height=\"150\" src=\"https:\/\/blogsaverroes.juntadeandalucia.es\/ceipaznaitin\/files\/2017\/03\/photocall3-150x150.jpeg\" class=\"attachment-thumbnail size-thumbnail\" alt=\"\" srcset=\"https:\/\/blogsaverroes.juntadeandalucia.es\/ceipaznaitin\/files\/2017\/03\/photocall3-150x150.jpeg 150w, https:\/\/blogsaverroes.juntadeandalucia.es\/ceipaznaitin\/files\/2017\/03\/photocall3-100x100.jpeg 100w\" sizes=\"(max-width: 150px) 100vw, 150px\" \/><\/a>\n\t\t\t<\/dt><\/dl><dl class='gallery-item'>\n\t\t\t<dt class='gallery-icon landscape'>\n\t\t\t\t<a href='https:\/\/blogsaverroes.juntadeandalucia.es\/ceipaznaitin\/2017\/03\/21\/dia-de-andalucia\/andalucia_cuarto\/'><img loading=\"lazy\" decoding=\"async\" width=\"150\" height=\"150\" src=\"https:\/\/blogsaverroes.juntadeandalucia.es\/ceipaznaitin\/files\/2017\/03\/andalucia_cuarto-150x150.jpeg\" class=\"attachment-thumbnail size-thumbnail\" alt=\"\" srcset=\"https:\/\/blogsaverroes.juntadeandalucia.es\/ceipaznaitin\/files\/2017\/03\/andalucia_cuarto-150x150.jpeg 150w, https:\/\/blogsaverroes.juntadeandalucia.es\/ceipaznaitin\/files\/2017\/03\/andalucia_cuarto-100x100.jpeg 100w\" sizes=\"(max-width: 150px) 100vw, 150px\" \/><\/a>\n\t\t\t<\/dt><\/dl><dl class='gallery-item'>\n\t\t\t<dt class='gallery-icon landscape'>\n\t\t\t\t<a href='https:\/\/blogsaverroes.juntadeandalucia.es\/ceipaznaitin\/2017\/03\/21\/dia-de-andalucia\/andalucia_inf34\/'><img loading=\"lazy\" decoding=\"async\" width=\"150\" height=\"150\" src=\"https:\/\/blogsaverroes.juntadeandalucia.es\/ceipaznaitin\/files\/2017\/03\/andalucia_Inf34-150x150.jpeg\" class=\"attachment-thumbnail size-thumbnail\" alt=\"\" srcset=\"https:\/\/blogsaverroes.juntadeandalucia.es\/ceipaznaitin\/files\/2017\/03\/andalucia_Inf34-150x150.jpeg 150w, https:\/\/blogsaverroes.juntadeandalucia.es\/ceipaznaitin\/files\/2017\/03\/andalucia_Inf34-100x100.jpeg 100w\" sizes=\"(max-width: 150px) 100vw, 150px\" \/><\/a>\n\t\t\t<\/dt><\/dl><br style=\"clear: both\" \/><dl class='gallery-item'>\n\t\t\t<dt class='gallery-icon landscape'>\n\t\t\t\t<a href='https:\/\/blogsaverroes.juntadeandalucia.es\/ceipaznaitin\/2017\/03\/21\/dia-de-andalucia\/andalucia_quinto\/'><img loading=\"lazy\" decoding=\"async\" width=\"150\" height=\"150\" src=\"https:\/\/blogsaverroes.juntadeandalucia.es\/ceipaznaitin\/files\/2017\/03\/andalucia_quinto-150x150.jpeg\" class=\"attachment-thumbnail size-thumbnail\" alt=\"\" srcset=\"https:\/\/blogsaverroes.juntadeandalucia.es\/ceipaznaitin\/files\/2017\/03\/andalucia_quinto-150x150.jpeg 150w, https:\/\/blogsaverroes.juntadeandalucia.es\/ceipaznaitin\/files\/2017\/03\/andalucia_quinto-100x100.jpeg 100w\" sizes=\"(max-width: 150px) 100vw, 150px\" \/><\/a>\n\t\t\t<\/dt><\/dl>\n\t\t\t<br style='clear: both' \/>\n\t\t<\/div>\n\n","protected":false},"excerpt":{"rendered":"<p>Durante la semana del 20 al 24 de febrero realizamos las actividades conmemorativas del D\u00eda de Andaluc\u00eda. Entre otras, participamos en el programa \u00abDegusta Ja\u00e9n en tu colegio\u00bb &nbsp;de la Diputaci\u00f3n Provincial, que consiste en un desayuno con productos de Ja\u00e9n los cinco d\u00edas de la semana. El viernes coincidiendo con otras actividades del D\u00eda &hellip; <\/p>\n<p><a class=\"more-link btn\" href=\"https:\/\/blogsaverroes.juntadeandalucia.es\/ceipaznaitin\/2017\/03\/21\/dia-de-andalucia\/\">Seguir leyendo<\/a><\/p>\n","protected":false},"author":2805,"featured_media":2670,"comment_status":"open","ping_status":"open","sticky":false,"template":"","format":"standard","meta":{"ngg_post_thumbnail":0,"footnotes":""},"categories":[5991,11909],"tags":[],"aioseo_notices":[],"_links":{"self":[{"href":"https:\/\/blogsaverroes.juntadeandalucia.es\/ceipaznaitin\/wp-json\/wp\/v2\/posts\/2652"}],"collection":[{"href":"https:\/\/blogsaverroes.juntadeandalucia.es\/ceipaznaitin\/wp-json\/wp\/v2\/posts"}],"about":[{"href":"https:\/\/blogsaverroes.juntadeandalucia.es\/ceipaznaitin\/wp-json\/wp\/v2\/types\/post"}],"author":[{"embeddable":true,"href":"https:\/\/blogsaverroes.juntadeandalucia.es\/ceipaznaitin\/wp-json\/wp\/v2\/users\/2805"}],"replies":[{"embeddable":true,"href":"https:\/\/blogsaverroes.juntadeandalucia.es\/ceipaznaitin\/wp-json\/wp\/v2\/comments?post=2652"}],"version-history":[{"count":2,"href":"https:\/\/blogsaverroes.juntadeandalucia.es\/ceipaznaitin\/wp-json\/wp\/v2\/posts\/2652\/revisions"}],"predecessor-version":[{"id":2674,"href":"https:\/\/blogsaverroes.juntadeandalucia.es\/ceipaznaitin\/wp-json\/wp\/v2\/posts\/2652\/revisions\/2674"}],"wp:featuredmedia":[{"embeddable":true,"href":"https:\/\/blogsaverroes.juntadeandalucia.es\/ceipaznaitin\/wp-json\/wp\/v2\/media\/2670"}],"wp:attachment":[{"href":"https:\/\/blogsaverroes.juntadeandalucia.es\/ceipaznaitin\/wp-json\/wp\/v2\/media?parent=2652"}],"wp:term":[{"taxonomy":"category","embeddable":true,"href":"https:\/\/blogsaverroes.juntadeandalucia.es\/ceipaznaitin\/wp-json\/wp\/v2\/categories?post=2652"},{"taxonomy":"post_tag","embeddable":true,"href":"https:\/\/blogsaverroes.juntadeandalucia.es\/ceipaznaitin\/wp-json\/wp\/v2\/tags?post=2652"}],"curies":[{"name":"wp","href":"https:\/\/api.w.org\/{rel}","templated":true}]}}