{"id":5984,"date":"2018-05-21T10:34:45","date_gmt":"2018-05-21T08:34:45","guid":{"rendered":"http:\/\/blogsaverroes.juntadeandalucia.es\/ceipaznaitin\/?p=5984"},"modified":"2018-05-21T11:30:18","modified_gmt":"2018-05-21T09:30:18","slug":"visita-del-jaen-paraiso-interior-de-futbol-sala","status":"publish","type":"post","link":"https:\/\/blogsaverroes.juntadeandalucia.es\/ceipaznaitin\/2018\/05\/21\/visita-del-jaen-paraiso-interior-de-futbol-sala\/","title":{"rendered":"Visita del Ja\u00e9n Paraiso Interior de F\u00fatbol Sala"},"content":{"rendered":"<p>&nbsp;<\/p>\n<p>El d\u00eda 15 de mayo nos visit\u00f3 una representaci\u00f3n del equipo de f\u00fatbol sala Ja\u00e9n Paraiso Interior, formada, entre otros, por Didac, Chino y el entrenador Dani Rodr\u00edguez, que hizo las delicias de nuestro alumnado.&nbsp;<\/p>\n<p>&nbsp;<\/p>\n<p>En primer lugar los recibimos en la pista y nos hicimos muchas fotos con ellos.<\/p>\n<p><a href=\"https:\/\/blogsaverroes.juntadeandalucia.es\/ceipaznaitin\/files\/2018\/05\/futbol_sala1.jpeg\"><img loading=\"lazy\" decoding=\"async\" class=\"size-medium wp-image-5985 alignleft\" src=\"https:\/\/blogsaverroes.juntadeandalucia.es\/ceipaznaitin\/files\/2018\/05\/futbol_sala1-300x169.jpeg\" alt=\"\" width=\"300\" height=\"169\" srcset=\"https:\/\/blogsaverroes.juntadeandalucia.es\/ceipaznaitin\/files\/2018\/05\/futbol_sala1-300x169.jpeg 300w, https:\/\/blogsaverroes.juntadeandalucia.es\/ceipaznaitin\/files\/2018\/05\/futbol_sala1-768x432.jpeg 768w, https:\/\/blogsaverroes.juntadeandalucia.es\/ceipaznaitin\/files\/2018\/05\/futbol_sala1-1024x575.jpeg 1024w, https:\/\/blogsaverroes.juntadeandalucia.es\/ceipaznaitin\/files\/2018\/05\/futbol_sala1-24x13.jpeg 24w, https:\/\/blogsaverroes.juntadeandalucia.es\/ceipaznaitin\/files\/2018\/05\/futbol_sala1-36x20.jpeg 36w, https:\/\/blogsaverroes.juntadeandalucia.es\/ceipaznaitin\/files\/2018\/05\/futbol_sala1-48x27.jpeg 48w, https:\/\/blogsaverroes.juntadeandalucia.es\/ceipaznaitin\/files\/2018\/05\/futbol_sala1.jpeg 1600w\" sizes=\"(max-width: 300px) 100vw, 300px\" \/><\/a>&nbsp;&nbsp;<a href=\"https:\/\/blogsaverroes.juntadeandalucia.es\/ceipaznaitin\/files\/2018\/05\/futbol_sala2.jpeg\"><img loading=\"lazy\" decoding=\"async\" class=\"size-medium wp-image-5986 alignright\" src=\"https:\/\/blogsaverroes.juntadeandalucia.es\/ceipaznaitin\/files\/2018\/05\/futbol_sala2-300x169.jpeg\" alt=\"\" width=\"300\" height=\"169\" srcset=\"https:\/\/blogsaverroes.juntadeandalucia.es\/ceipaznaitin\/files\/2018\/05\/futbol_sala2-300x169.jpeg 300w, https:\/\/blogsaverroes.juntadeandalucia.es\/ceipaznaitin\/files\/2018\/05\/futbol_sala2-768x432.jpeg 768w, https:\/\/blogsaverroes.juntadeandalucia.es\/ceipaznaitin\/files\/2018\/05\/futbol_sala2-1024x575.jpeg 1024w, https:\/\/blogsaverroes.juntadeandalucia.es\/ceipaznaitin\/files\/2018\/05\/futbol_sala2-24x13.jpeg 24w, https:\/\/blogsaverroes.juntadeandalucia.es\/ceipaznaitin\/files\/2018\/05\/futbol_sala2-36x20.jpeg 36w, https:\/\/blogsaverroes.juntadeandalucia.es\/ceipaznaitin\/files\/2018\/05\/futbol_sala2-48x27.jpeg 48w, https:\/\/blogsaverroes.juntadeandalucia.es\/ceipaznaitin\/files\/2018\/05\/futbol_sala2.jpeg 1600w\" sizes=\"(max-width: 300px) 100vw, 300px\" \/><\/a><\/p>\n<p>&nbsp;<\/p>\n<p>&nbsp;<\/p>\n<p>&nbsp;<\/p>\n<p>&nbsp;<\/p>\n<p>&nbsp;<\/p>\n<p>Despu\u00e9s nos reunimos con ellos en el SUM, donde nos contaron la trayectoria del equipo y contestaron a las preguntas del entusiasmado alumnado.<\/p>\n<p><a href=\"https:\/\/blogsaverroes.juntadeandalucia.es\/ceipaznaitin\/files\/2018\/05\/futbol_sala5.jpeg\"><img loading=\"lazy\" decoding=\"async\" class=\"alignnone size-medium wp-image-5987\" src=\"https:\/\/blogsaverroes.juntadeandalucia.es\/ceipaznaitin\/files\/2018\/05\/futbol_sala5-169x300.jpeg\" alt=\"\" width=\"169\" height=\"300\" srcset=\"https:\/\/blogsaverroes.juntadeandalucia.es\/ceipaznaitin\/files\/2018\/05\/futbol_sala5-169x300.jpeg 169w, https:\/\/blogsaverroes.juntadeandalucia.es\/ceipaznaitin\/files\/2018\/05\/futbol_sala5-576x1024.jpeg 576w, https:\/\/blogsaverroes.juntadeandalucia.es\/ceipaznaitin\/files\/2018\/05\/futbol_sala5-14x24.jpeg 14w, https:\/\/blogsaverroes.juntadeandalucia.es\/ceipaznaitin\/files\/2018\/05\/futbol_sala5-20x36.jpeg 20w, https:\/\/blogsaverroes.juntadeandalucia.es\/ceipaznaitin\/files\/2018\/05\/futbol_sala5-27x48.jpeg 27w, https:\/\/blogsaverroes.juntadeandalucia.es\/ceipaznaitin\/files\/2018\/05\/futbol_sala5.jpeg 720w\" sizes=\"(max-width: 169px) 100vw, 169px\" \/><\/a>&nbsp; &nbsp;&nbsp;<a href=\"https:\/\/blogsaverroes.juntadeandalucia.es\/ceipaznaitin\/files\/2018\/05\/futbol_sala6.jpeg\"><img loading=\"lazy\" decoding=\"async\" class=\"alignnone size-medium wp-image-5988\" src=\"https:\/\/blogsaverroes.juntadeandalucia.es\/ceipaznaitin\/files\/2018\/05\/futbol_sala6-169x300.jpeg\" alt=\"\" width=\"169\" height=\"300\" srcset=\"https:\/\/blogsaverroes.juntadeandalucia.es\/ceipaznaitin\/files\/2018\/05\/futbol_sala6-169x300.jpeg 169w, https:\/\/blogsaverroes.juntadeandalucia.es\/ceipaznaitin\/files\/2018\/05\/futbol_sala6-768x1364.jpeg 768w, https:\/\/blogsaverroes.juntadeandalucia.es\/ceipaznaitin\/files\/2018\/05\/futbol_sala6-576x1024.jpeg 576w, https:\/\/blogsaverroes.juntadeandalucia.es\/ceipaznaitin\/files\/2018\/05\/futbol_sala6-14x24.jpeg 14w, https:\/\/blogsaverroes.juntadeandalucia.es\/ceipaznaitin\/files\/2018\/05\/futbol_sala6-20x36.jpeg 20w, https:\/\/blogsaverroes.juntadeandalucia.es\/ceipaznaitin\/files\/2018\/05\/futbol_sala6-27x48.jpeg 27w, https:\/\/blogsaverroes.juntadeandalucia.es\/ceipaznaitin\/files\/2018\/05\/futbol_sala6.jpeg 900w\" sizes=\"(max-width: 169px) 100vw, 169px\" \/><\/a>&nbsp;&nbsp;<a href=\"https:\/\/blogsaverroes.juntadeandalucia.es\/ceipaznaitin\/files\/2018\/05\/futbol_sala7.jpeg\"><img loading=\"lazy\" decoding=\"async\" class=\"alignnone size-medium wp-image-5989\" src=\"https:\/\/blogsaverroes.juntadeandalucia.es\/ceipaznaitin\/files\/2018\/05\/futbol_sala7-300x169.jpeg\" alt=\"\" width=\"300\" height=\"169\" srcset=\"https:\/\/blogsaverroes.juntadeandalucia.es\/ceipaznaitin\/files\/2018\/05\/futbol_sala7-300x169.jpeg 300w, https:\/\/blogsaverroes.juntadeandalucia.es\/ceipaznaitin\/files\/2018\/05\/futbol_sala7-768x432.jpeg 768w, https:\/\/blogsaverroes.juntadeandalucia.es\/ceipaznaitin\/files\/2018\/05\/futbol_sala7-1024x576.jpeg 1024w, https:\/\/blogsaverroes.juntadeandalucia.es\/ceipaznaitin\/files\/2018\/05\/futbol_sala7-24x14.jpeg 24w, https:\/\/blogsaverroes.juntadeandalucia.es\/ceipaznaitin\/files\/2018\/05\/futbol_sala7-36x20.jpeg 36w, https:\/\/blogsaverroes.juntadeandalucia.es\/ceipaznaitin\/files\/2018\/05\/futbol_sala7-48x27.jpeg 48w, https:\/\/blogsaverroes.juntadeandalucia.es\/ceipaznaitin\/files\/2018\/05\/futbol_sala7.jpeg 1599w\" sizes=\"(max-width: 300px) 100vw, 300px\" \/><\/a><\/p>\n<p>Finalmente nos despedimos de ellos con un obsequio de la Cooperativa \u00abNtro. Padre Jes\u00fas de la Columna\u00bb.<\/p>\n<p><a href=\"https:\/\/blogsaverroes.juntadeandalucia.es\/ceipaznaitin\/files\/2018\/05\/futbol_sala4.jpeg\"><img loading=\"lazy\" decoding=\"async\" class=\"size-medium wp-image-5990 aligncenter\" src=\"https:\/\/blogsaverroes.juntadeandalucia.es\/ceipaznaitin\/files\/2018\/05\/futbol_sala4-300x225.jpeg\" alt=\"\" width=\"300\" height=\"225\" srcset=\"https:\/\/blogsaverroes.juntadeandalucia.es\/ceipaznaitin\/files\/2018\/05\/futbol_sala4-300x225.jpeg 300w, https:\/\/blogsaverroes.juntadeandalucia.es\/ceipaznaitin\/files\/2018\/05\/futbol_sala4-768x576.jpeg 768w, https:\/\/blogsaverroes.juntadeandalucia.es\/ceipaznaitin\/files\/2018\/05\/futbol_sala4.jpeg 1024w, https:\/\/blogsaverroes.juntadeandalucia.es\/ceipaznaitin\/files\/2018\/05\/futbol_sala4-24x18.jpeg 24w, https:\/\/blogsaverroes.juntadeandalucia.es\/ceipaznaitin\/files\/2018\/05\/futbol_sala4-36x27.jpeg 36w, https:\/\/blogsaverroes.juntadeandalucia.es\/ceipaznaitin\/files\/2018\/05\/futbol_sala4-48x36.jpeg 48w\" sizes=\"(max-width: 300px) 100vw, 300px\" \/><\/a><\/p>\n","protected":false},"excerpt":{"rendered":"<p>&nbsp; El d\u00eda 15 de mayo nos visit\u00f3 una representaci\u00f3n del equipo de f\u00fatbol sala Ja\u00e9n Paraiso Interior, formada, entre otros, por Didac, Chino y el entrenador Dani Rodr\u00edguez, que hizo las delicias de nuestro alumnado.&nbsp; &nbsp; En primer lugar los recibimos en la pista y nos hicimos muchas fotos con ellos. &nbsp;&nbsp; &nbsp; &nbsp; &hellip; <\/p>\n<p><a class=\"more-link btn\" href=\"https:\/\/blogsaverroes.juntadeandalucia.es\/ceipaznaitin\/2018\/05\/21\/visita-del-jaen-paraiso-interior-de-futbol-sala\/\">Seguir leyendo<\/a><\/p>\n","protected":false},"author":2805,"featured_media":5985,"comment_status":"open","ping_status":"open","sticky":false,"template":"","format":"standard","meta":{"ngg_post_thumbnail":0,"footnotes":""},"categories":[5991,25490],"tags":[],"aioseo_notices":[],"_links":{"self":[{"href":"https:\/\/blogsaverroes.juntadeandalucia.es\/ceipaznaitin\/wp-json\/wp\/v2\/posts\/5984"}],"collection":[{"href":"https:\/\/blogsaverroes.juntadeandalucia.es\/ceipaznaitin\/wp-json\/wp\/v2\/posts"}],"about":[{"href":"https:\/\/blogsaverroes.juntadeandalucia.es\/ceipaznaitin\/wp-json\/wp\/v2\/types\/post"}],"author":[{"embeddable":true,"href":"https:\/\/blogsaverroes.juntadeandalucia.es\/ceipaznaitin\/wp-json\/wp\/v2\/users\/2805"}],"replies":[{"embeddable":true,"href":"https:\/\/blogsaverroes.juntadeandalucia.es\/ceipaznaitin\/wp-json\/wp\/v2\/comments?post=5984"}],"version-history":[{"count":7,"href":"https:\/\/blogsaverroes.juntadeandalucia.es\/ceipaznaitin\/wp-json\/wp\/v2\/posts\/5984\/revisions"}],"predecessor-version":[{"id":6016,"href":"https:\/\/blogsaverroes.juntadeandalucia.es\/ceipaznaitin\/wp-json\/wp\/v2\/posts\/5984\/revisions\/6016"}],"wp:featuredmedia":[{"embeddable":true,"href":"https:\/\/blogsaverroes.juntadeandalucia.es\/ceipaznaitin\/wp-json\/wp\/v2\/media\/5985"}],"wp:attachment":[{"href":"https:\/\/blogsaverroes.juntadeandalucia.es\/ceipaznaitin\/wp-json\/wp\/v2\/media?parent=5984"}],"wp:term":[{"taxonomy":"category","embeddable":true,"href":"https:\/\/blogsaverroes.juntadeandalucia.es\/ceipaznaitin\/wp-json\/wp\/v2\/categories?post=5984"},{"taxonomy":"post_tag","embeddable":true,"href":"https:\/\/blogsaverroes.juntadeandalucia.es\/ceipaznaitin\/wp-json\/wp\/v2\/tags?post=5984"}],"curies":[{"name":"wp","href":"https:\/\/api.w.org\/{rel}","templated":true}]}}