{"id":6904,"date":"2021-04-23T13:19:13","date_gmt":"2021-04-23T11:19:13","guid":{"rendered":"http:\/\/blogsaverroes.juntadeandalucia.es\/ceipaznaitin\/?p=6904"},"modified":"2021-05-31T09:50:32","modified_gmt":"2021-05-31T07:50:32","slug":"dia-del-libro","status":"publish","type":"post","link":"https:\/\/blogsaverroes.juntadeandalucia.es\/ceipaznaitin\/2021\/04\/23\/dia-del-libro\/","title":{"rendered":"D\u00cdA DEL LIBRO"},"content":{"rendered":"<p>Con motivo del D\u00eda Internacional del Libro, 23 de abril, se ha realizado la primera edici\u00f3n del concurso \u00abMi libro preferido\u00bb.<\/p>\n<p><a href=\"https:\/\/blogsaverroes.juntadeandalucia.es\/ceipaznaitin\/files\/2021\/04\/WhatsApp-Image-2021-05-27-at-11.54.49-1.jpeg\"><img loading=\"lazy\" decoding=\"async\" class=\"alignnone size-medium wp-image-6930\" src=\"https:\/\/blogsaverroes.juntadeandalucia.es\/ceipaznaitin\/files\/2021\/04\/WhatsApp-Image-2021-05-27-at-11.54.49-1-225x300.jpeg\" alt=\"\" width=\"225\" height=\"300\" srcset=\"https:\/\/blogsaverroes.juntadeandalucia.es\/ceipaznaitin\/files\/2021\/04\/WhatsApp-Image-2021-05-27-at-11.54.49-1-225x300.jpeg 225w, https:\/\/blogsaverroes.juntadeandalucia.es\/ceipaznaitin\/files\/2021\/04\/WhatsApp-Image-2021-05-27-at-11.54.49-1-768x1024.jpeg 768w, https:\/\/blogsaverroes.juntadeandalucia.es\/ceipaznaitin\/files\/2021\/04\/WhatsApp-Image-2021-05-27-at-11.54.49-1-1152x1536.jpeg 1152w, https:\/\/blogsaverroes.juntadeandalucia.es\/ceipaznaitin\/files\/2021\/04\/WhatsApp-Image-2021-05-27-at-11.54.49-1.jpeg 1200w\" sizes=\"(max-width: 225px) 100vw, 225px\" \/><\/a>\u00a0 \u00a0 \u00a0 \u00a0 \u00a0 \u00a0 \u00a0 <a href=\"https:\/\/blogsaverroes.juntadeandalucia.es\/ceipaznaitin\/files\/2021\/04\/WhatsApp-Image-2021-05-27-at-11.54.49.jpeg\"><img loading=\"lazy\" decoding=\"async\" class=\"alignnone size-medium wp-image-6932\" src=\"https:\/\/blogsaverroes.juntadeandalucia.es\/ceipaznaitin\/files\/2021\/04\/WhatsApp-Image-2021-05-27-at-11.54.49-225x300.jpeg\" alt=\"\" width=\"225\" height=\"300\" srcset=\"https:\/\/blogsaverroes.juntadeandalucia.es\/ceipaznaitin\/files\/2021\/04\/WhatsApp-Image-2021-05-27-at-11.54.49-225x300.jpeg 225w, https:\/\/blogsaverroes.juntadeandalucia.es\/ceipaznaitin\/files\/2021\/04\/WhatsApp-Image-2021-05-27-at-11.54.49-767x1024.jpeg 767w, https:\/\/blogsaverroes.juntadeandalucia.es\/ceipaznaitin\/files\/2021\/04\/WhatsApp-Image-2021-05-27-at-11.54.49-768x1025.jpeg 768w, https:\/\/blogsaverroes.juntadeandalucia.es\/ceipaznaitin\/files\/2021\/04\/WhatsApp-Image-2021-05-27-at-11.54.49-1151x1536.jpeg 1151w, https:\/\/blogsaverroes.juntadeandalucia.es\/ceipaznaitin\/files\/2021\/04\/WhatsApp-Image-2021-05-27-at-11.54.49.jpeg 1198w\" sizes=\"(max-width: 225px) 100vw, 225px\" \/><\/a><\/p>\n<p>Se trataba de realizar una fotograf\u00eda en que el\/la alumno\/a expusiera su libro favorito, d\u00e1ndole un toque creativo y original.<\/p>\n<p>Una vez deliberado el jurado ha determinado los siguientes ganadores\/as de los diferentes ciclos:<\/p>\n<p><a href=\"https:\/\/blogsaverroes.juntadeandalucia.es\/ceipaznaitin\/files\/2021\/05\/A-3-4-a\u00f1os.jpg\"><img loading=\"lazy\" decoding=\"async\" class=\"alignnone size-medium wp-image-6905\" src=\"https:\/\/blogsaverroes.juntadeandalucia.es\/ceipaznaitin\/files\/2021\/05\/A-3-4-a\u00f1os-285x300.jpg\" alt=\"\" width=\"285\" height=\"300\" srcset=\"https:\/\/blogsaverroes.juntadeandalucia.es\/ceipaznaitin\/files\/2021\/05\/A-3-4-a\u00f1os-285x300.jpg 285w, https:\/\/blogsaverroes.juntadeandalucia.es\/ceipaznaitin\/files\/2021\/05\/A-3-4-a\u00f1os-768x809.jpg 768w, https:\/\/blogsaverroes.juntadeandalucia.es\/ceipaznaitin\/files\/2021\/05\/A-3-4-a\u00f1os.jpg 972w\" sizes=\"(max-width: 285px) 100vw, 285px\" \/><\/a>\u00a0 \u00a0 <a href=\"https:\/\/blogsaverroes.juntadeandalucia.es\/ceipaznaitin\/files\/2021\/05\/B-5-a\u00f1os-1-scaled.jpg\"><img loading=\"lazy\" decoding=\"async\" class=\"alignnone size-medium wp-image-6907\" src=\"https:\/\/blogsaverroes.juntadeandalucia.es\/ceipaznaitin\/files\/2021\/05\/B-5-a\u00f1os-1-225x300.jpg\" alt=\"\" width=\"225\" height=\"300\" srcset=\"https:\/\/blogsaverroes.juntadeandalucia.es\/ceipaznaitin\/files\/2021\/05\/B-5-a\u00f1os-1-225x300.jpg 225w, https:\/\/blogsaverroes.juntadeandalucia.es\/ceipaznaitin\/files\/2021\/05\/B-5-a\u00f1os-1-768x1024.jpg 768w, https:\/\/blogsaverroes.juntadeandalucia.es\/ceipaznaitin\/files\/2021\/05\/B-5-a\u00f1os-1-1152x1536.jpg 1152w, https:\/\/blogsaverroes.juntadeandalucia.es\/ceipaznaitin\/files\/2021\/05\/B-5-a\u00f1os-1-1536x2048.jpg 1536w, https:\/\/blogsaverroes.juntadeandalucia.es\/ceipaznaitin\/files\/2021\/05\/B-5-a\u00f1os-1-scaled.jpg 1200w\" sizes=\"(max-width: 225px) 100vw, 225px\" \/><\/a><\/p>\n<p><a href=\"https:\/\/blogsaverroes.juntadeandalucia.es\/ceipaznaitin\/files\/2021\/05\/C-1\u00ba-primaria.jpeg\"><img loading=\"lazy\" decoding=\"async\" class=\"alignnone size-medium wp-image-6908\" src=\"https:\/\/blogsaverroes.juntadeandalucia.es\/ceipaznaitin\/files\/2021\/05\/C-1\u00ba-primaria-300x225.jpeg\" alt=\"\" width=\"300\" height=\"225\" srcset=\"https:\/\/blogsaverroes.juntadeandalucia.es\/ceipaznaitin\/files\/2021\/05\/C-1\u00ba-primaria-300x225.jpeg 300w, https:\/\/blogsaverroes.juntadeandalucia.es\/ceipaznaitin\/files\/2021\/05\/C-1\u00ba-primaria-1024x768.jpeg 1024w, https:\/\/blogsaverroes.juntadeandalucia.es\/ceipaznaitin\/files\/2021\/05\/C-1\u00ba-primaria-768x576.jpeg 768w, https:\/\/blogsaverroes.juntadeandalucia.es\/ceipaznaitin\/files\/2021\/05\/C-1\u00ba-primaria-1536x1152.jpeg 1536w, https:\/\/blogsaverroes.juntadeandalucia.es\/ceipaznaitin\/files\/2021\/05\/C-1\u00ba-primaria.jpeg 1600w\" sizes=\"(max-width: 300px) 100vw, 300px\" \/>\u00a0\u00a0\u00a0 <\/a><a href=\"https:\/\/blogsaverroes.juntadeandalucia.es\/ceipaznaitin\/files\/2021\/05\/D-2\u00ba-primaria-scaled.jpg\"><img loading=\"lazy\" decoding=\"async\" class=\"alignnone size-medium wp-image-6909\" src=\"https:\/\/blogsaverroes.juntadeandalucia.es\/ceipaznaitin\/files\/2021\/05\/D-2\u00ba-primaria-225x300.jpg\" alt=\"\" width=\"225\" height=\"300\" srcset=\"https:\/\/blogsaverroes.juntadeandalucia.es\/ceipaznaitin\/files\/2021\/05\/D-2\u00ba-primaria-225x300.jpg 225w, https:\/\/blogsaverroes.juntadeandalucia.es\/ceipaznaitin\/files\/2021\/05\/D-2\u00ba-primaria-768x1024.jpg 768w, https:\/\/blogsaverroes.juntadeandalucia.es\/ceipaznaitin\/files\/2021\/05\/D-2\u00ba-primaria-1152x1536.jpg 1152w, https:\/\/blogsaverroes.juntadeandalucia.es\/ceipaznaitin\/files\/2021\/05\/D-2\u00ba-primaria-1536x2048.jpg 1536w, https:\/\/blogsaverroes.juntadeandalucia.es\/ceipaznaitin\/files\/2021\/05\/D-2\u00ba-primaria-scaled.jpg 1200w\" sizes=\"(max-width: 225px) 100vw, 225px\" \/><\/a><a href=\"https:\/\/blogsaverroes.juntadeandalucia.es\/ceipaznaitin\/files\/2021\/05\/C-1\u00ba-primaria.jpeg\"> \u00a0\u00a0<\/a><\/p>\n<p><a href=\"https:\/\/blogsaverroes.juntadeandalucia.es\/ceipaznaitin\/files\/2021\/05\/E-3\u00ba-primaria.jpeg\"><img loading=\"lazy\" decoding=\"async\" class=\"alignnone size-medium wp-image-6910\" src=\"https:\/\/blogsaverroes.juntadeandalucia.es\/ceipaznaitin\/files\/2021\/05\/E-3\u00ba-primaria-225x300.jpeg\" alt=\"\" width=\"225\" height=\"300\" srcset=\"https:\/\/blogsaverroes.juntadeandalucia.es\/ceipaznaitin\/files\/2021\/05\/E-3\u00ba-primaria-225x300.jpeg 225w, https:\/\/blogsaverroes.juntadeandalucia.es\/ceipaznaitin\/files\/2021\/05\/E-3\u00ba-primaria-768x1024.jpeg 768w, https:\/\/blogsaverroes.juntadeandalucia.es\/ceipaznaitin\/files\/2021\/05\/E-3\u00ba-primaria-1152x1536.jpeg 1152w, https:\/\/blogsaverroes.juntadeandalucia.es\/ceipaznaitin\/files\/2021\/05\/E-3\u00ba-primaria.jpeg 1200w\" sizes=\"(max-width: 225px) 100vw, 225px\" \/>\u00a0\u00a0\u00a0 <\/a><a href=\"https:\/\/blogsaverroes.juntadeandalucia.es\/ceipaznaitin\/files\/2021\/05\/F-4\u00ba-primaria-scaled.jpg\"><img loading=\"lazy\" decoding=\"async\" class=\"alignnone size-medium wp-image-6911\" src=\"https:\/\/blogsaverroes.juntadeandalucia.es\/ceipaznaitin\/files\/2021\/05\/F-4\u00ba-primaria-225x300.jpg\" alt=\"\" width=\"225\" height=\"300\" srcset=\"https:\/\/blogsaverroes.juntadeandalucia.es\/ceipaznaitin\/files\/2021\/05\/F-4\u00ba-primaria-225x300.jpg 225w, https:\/\/blogsaverroes.juntadeandalucia.es\/ceipaznaitin\/files\/2021\/05\/F-4\u00ba-primaria-768x1024.jpg 768w, https:\/\/blogsaverroes.juntadeandalucia.es\/ceipaznaitin\/files\/2021\/05\/F-4\u00ba-primaria-1152x1536.jpg 1152w, https:\/\/blogsaverroes.juntadeandalucia.es\/ceipaznaitin\/files\/2021\/05\/F-4\u00ba-primaria-1536x2048.jpg 1536w, https:\/\/blogsaverroes.juntadeandalucia.es\/ceipaznaitin\/files\/2021\/05\/F-4\u00ba-primaria-scaled.jpg 1200w\" sizes=\"(max-width: 225px) 100vw, 225px\" \/><\/a><a href=\"https:\/\/blogsaverroes.juntadeandalucia.es\/ceipaznaitin\/files\/2021\/05\/E-3\u00ba-primaria.jpeg\"> \u00a0\u00a0<\/a><\/p>\n<p><a href=\"https:\/\/blogsaverroes.juntadeandalucia.es\/ceipaznaitin\/files\/2021\/05\/G-5\u00ba-Primaria.jpg\"><img loading=\"lazy\" decoding=\"async\" class=\"alignnone size-medium wp-image-6912\" src=\"https:\/\/blogsaverroes.juntadeandalucia.es\/ceipaznaitin\/files\/2021\/05\/G-5\u00ba-Primaria-244x300.jpg\" alt=\"\" width=\"244\" height=\"300\" srcset=\"https:\/\/blogsaverroes.juntadeandalucia.es\/ceipaznaitin\/files\/2021\/05\/G-5\u00ba-Primaria-244x300.jpg 244w, https:\/\/blogsaverroes.juntadeandalucia.es\/ceipaznaitin\/files\/2021\/05\/G-5\u00ba-Primaria-833x1024.jpg 833w, https:\/\/blogsaverroes.juntadeandalucia.es\/ceipaznaitin\/files\/2021\/05\/G-5\u00ba-Primaria-768x944.jpg 768w, https:\/\/blogsaverroes.juntadeandalucia.es\/ceipaznaitin\/files\/2021\/05\/G-5\u00ba-Primaria-1250x1536.jpg 1250w, https:\/\/blogsaverroes.juntadeandalucia.es\/ceipaznaitin\/files\/2021\/05\/G-5\u00ba-Primaria.jpg 1302w\" sizes=\"(max-width: 244px) 100vw, 244px\" \/>\u00a0\u00a0\u00a0 <\/a><a href=\"https:\/\/blogsaverroes.juntadeandalucia.es\/ceipaznaitin\/files\/2021\/05\/H-6\u00ba-primaria-scaled.jpg\"><img loading=\"lazy\" decoding=\"async\" class=\"alignnone size-medium wp-image-6913\" src=\"https:\/\/blogsaverroes.juntadeandalucia.es\/ceipaznaitin\/files\/2021\/05\/H-6\u00ba-primaria-300x216.jpg\" alt=\"\" width=\"300\" height=\"216\" srcset=\"https:\/\/blogsaverroes.juntadeandalucia.es\/ceipaznaitin\/files\/2021\/05\/H-6\u00ba-primaria-300x216.jpg 300w, https:\/\/blogsaverroes.juntadeandalucia.es\/ceipaznaitin\/files\/2021\/05\/H-6\u00ba-primaria-1024x736.jpg 1024w, https:\/\/blogsaverroes.juntadeandalucia.es\/ceipaznaitin\/files\/2021\/05\/H-6\u00ba-primaria-768x552.jpg 768w, https:\/\/blogsaverroes.juntadeandalucia.es\/ceipaznaitin\/files\/2021\/05\/H-6\u00ba-primaria-1536x1104.jpg 1536w, https:\/\/blogsaverroes.juntadeandalucia.es\/ceipaznaitin\/files\/2021\/05\/H-6\u00ba-primaria-2048x1472.jpg 2048w, https:\/\/blogsaverroes.juntadeandalucia.es\/ceipaznaitin\/files\/2021\/05\/H-6\u00ba-primaria-scaled.jpg 1600w\" sizes=\"(max-width: 300px) 100vw, 300px\" \/><\/a><a href=\"https:\/\/blogsaverroes.juntadeandalucia.es\/ceipaznaitin\/files\/2021\/05\/G-5\u00ba-Primaria.jpg\"> \u00a0\u00a0\u00a0\u00a0<\/a><\/p>\n<p><a href=\"https:\/\/blogsaverroes.juntadeandalucia.es\/ceipaznaitin\/files\/2021\/05\/I-1\u00ba-ESO.jpg\"><img loading=\"lazy\" decoding=\"async\" class=\"alignnone size-medium wp-image-6914\" src=\"https:\/\/blogsaverroes.juntadeandalucia.es\/ceipaznaitin\/files\/2021\/05\/I-1\u00ba-ESO-169x300.jpg\" alt=\"\" width=\"169\" height=\"300\" srcset=\"https:\/\/blogsaverroes.juntadeandalucia.es\/ceipaznaitin\/files\/2021\/05\/I-1\u00ba-ESO-169x300.jpg 169w, https:\/\/blogsaverroes.juntadeandalucia.es\/ceipaznaitin\/files\/2021\/05\/I-1\u00ba-ESO-576x1024.jpg 576w, https:\/\/blogsaverroes.juntadeandalucia.es\/ceipaznaitin\/files\/2021\/05\/I-1\u00ba-ESO.jpg 720w\" sizes=\"(max-width: 169px) 100vw, 169px\" \/><\/a><a href=\"https:\/\/blogsaverroes.juntadeandalucia.es\/ceipaznaitin\/files\/2021\/05\/G-5\u00ba-Primaria.jpg\"> \u00a0\u00a0 <\/a><a href=\"https:\/\/blogsaverroes.juntadeandalucia.es\/ceipaznaitin\/files\/2021\/05\/J-2\u00ba-ESO.jpg\"><img loading=\"lazy\" decoding=\"async\" class=\"alignnone size-medium wp-image-6915\" src=\"https:\/\/blogsaverroes.juntadeandalucia.es\/ceipaznaitin\/files\/2021\/05\/J-2\u00ba-ESO-219x300.jpg\" alt=\"\" width=\"219\" height=\"300\" srcset=\"https:\/\/blogsaverroes.juntadeandalucia.es\/ceipaznaitin\/files\/2021\/05\/J-2\u00ba-ESO-219x300.jpg 219w, https:\/\/blogsaverroes.juntadeandalucia.es\/ceipaznaitin\/files\/2021\/05\/J-2\u00ba-ESO-748x1024.jpg 748w, https:\/\/blogsaverroes.juntadeandalucia.es\/ceipaznaitin\/files\/2021\/05\/J-2\u00ba-ESO-768x1052.jpg 768w, https:\/\/blogsaverroes.juntadeandalucia.es\/ceipaznaitin\/files\/2021\/05\/J-2\u00ba-ESO-1122x1536.jpg 1122w, https:\/\/blogsaverroes.juntadeandalucia.es\/ceipaznaitin\/files\/2021\/05\/J-2\u00ba-ESO.jpg 1168w\" sizes=\"(max-width: 219px) 100vw, 219px\" \/><\/a><\/p>\n<p>Y de todas esta fotograf\u00edas, la ganadora de la I edici\u00f3n del concurso \u00abMi libro preferido\u00bb es para\u00a0 Andrea Gila, de infantil 4a\u00f1os.<\/p>\n<p>\u00a1\u00a1\u00a1Enhorabuena!!!<\/p>\n<p><a href=\"https:\/\/blogsaverroes.juntadeandalucia.es\/ceipaznaitin\/files\/2021\/05\/A-3-4-a\u00f1os.jpg\"><img loading=\"lazy\" decoding=\"async\" class=\"alignnone size-medium wp-image-6905\" src=\"https:\/\/blogsaverroes.juntadeandalucia.es\/ceipaznaitin\/files\/2021\/05\/A-3-4-a\u00f1os-285x300.jpg\" alt=\"\" width=\"285\" height=\"300\" srcset=\"https:\/\/blogsaverroes.juntadeandalucia.es\/ceipaznaitin\/files\/2021\/05\/A-3-4-a\u00f1os-285x300.jpg 285w, https:\/\/blogsaverroes.juntadeandalucia.es\/ceipaznaitin\/files\/2021\/05\/A-3-4-a\u00f1os-768x809.jpg 768w, https:\/\/blogsaverroes.juntadeandalucia.es\/ceipaznaitin\/files\/2021\/05\/A-3-4-a\u00f1os.jpg 972w\" sizes=\"(max-width: 285px) 100vw, 285px\" \/><\/a><\/p>\n<p>&nbsp;<\/p>\n","protected":false},"excerpt":{"rendered":"<p>Con motivo del D\u00eda Internacional del Libro, 23 de abril, se ha realizado la primera edici\u00f3n del concurso \u00abMi libro preferido\u00bb. \u00a0 \u00a0 \u00a0 \u00a0 \u00a0 \u00a0 \u00a0 Se trataba de realizar una fotograf\u00eda en que el\/la alumno\/a expusiera su libro favorito, d\u00e1ndole un toque creativo y original. Una vez deliberado el jurado ha determinado &hellip; <\/p>\n<p><a class=\"more-link btn\" href=\"https:\/\/blogsaverroes.juntadeandalucia.es\/ceipaznaitin\/2021\/04\/23\/dia-del-libro\/\">Seguir leyendo<\/a><\/p>\n","protected":false},"author":5221,"featured_media":6905,"comment_status":"open","ping_status":"open","sticky":false,"template":"","format":"standard","meta":{"ngg_post_thumbnail":0,"footnotes":""},"categories":[25490],"tags":[],"aioseo_notices":[],"_links":{"self":[{"href":"https:\/\/blogsaverroes.juntadeandalucia.es\/ceipaznaitin\/wp-json\/wp\/v2\/posts\/6904"}],"collection":[{"href":"https:\/\/blogsaverroes.juntadeandalucia.es\/ceipaznaitin\/wp-json\/wp\/v2\/posts"}],"about":[{"href":"https:\/\/blogsaverroes.juntadeandalucia.es\/ceipaznaitin\/wp-json\/wp\/v2\/types\/post"}],"author":[{"embeddable":true,"href":"https:\/\/blogsaverroes.juntadeandalucia.es\/ceipaznaitin\/wp-json\/wp\/v2\/users\/5221"}],"replies":[{"embeddable":true,"href":"https:\/\/blogsaverroes.juntadeandalucia.es\/ceipaznaitin\/wp-json\/wp\/v2\/comments?post=6904"}],"version-history":[{"count":3,"href":"https:\/\/blogsaverroes.juntadeandalucia.es\/ceipaznaitin\/wp-json\/wp\/v2\/posts\/6904\/revisions"}],"predecessor-version":[{"id":6933,"href":"https:\/\/blogsaverroes.juntadeandalucia.es\/ceipaznaitin\/wp-json\/wp\/v2\/posts\/6904\/revisions\/6933"}],"wp:featuredmedia":[{"embeddable":true,"href":"https:\/\/blogsaverroes.juntadeandalucia.es\/ceipaznaitin\/wp-json\/wp\/v2\/media\/6905"}],"wp:attachment":[{"href":"https:\/\/blogsaverroes.juntadeandalucia.es\/ceipaznaitin\/wp-json\/wp\/v2\/media?parent=6904"}],"wp:term":[{"taxonomy":"category","embeddable":true,"href":"https:\/\/blogsaverroes.juntadeandalucia.es\/ceipaznaitin\/wp-json\/wp\/v2\/categories?post=6904"},{"taxonomy":"post_tag","embeddable":true,"href":"https:\/\/blogsaverroes.juntadeandalucia.es\/ceipaznaitin\/wp-json\/wp\/v2\/tags?post=6904"}],"curies":[{"name":"wp","href":"https:\/\/api.w.org\/{rel}","templated":true}]}}