{"id":7554,"date":"2023-03-08T14:09:53","date_gmt":"2023-03-08T12:09:53","guid":{"rendered":"http:\/\/blogsaverroes.juntadeandalucia.es\/ceipaznaitin\/?p=7554"},"modified":"2023-03-27T16:41:41","modified_gmt":"2023-03-27T14:41:41","slug":"dia-internacional-de-la-mujer-2","status":"publish","type":"post","link":"https:\/\/blogsaverroes.juntadeandalucia.es\/ceipaznaitin\/2023\/03\/08\/dia-internacional-de-la-mujer-2\/","title":{"rendered":"D\u00cdA INTERNACIONAL DE LA MUJER"},"content":{"rendered":"<p>El 8 de marzo se celebra el D\u00eda Internacional de la Mujer. En este d\u00eda se conmemora la lucha de la mujer por alcanzar los mismos derechos que los hombres para lograr la igualdad de g\u00e9nero.<\/p>\n<div dir=\"auto\">En estos d\u00edas, nuestro cole ha estado inmerso en la celebraci\u00f3n del D\u00cdA INTERNACIONAL DE LA MUJER, se han realizado diferentes actividades a nivel de aula y nuestro alumnado ha indagado sobre mujeres importantes de Ja\u00e9n tales c\u00f3mo:<\/div>\n<div dir=\"auto\">Amalia L\u00f3pez Cabrera (fot\u00f3grafa)<\/div>\n<div dir=\"auto\">Himilce (princesa \u00edbera)<\/div>\n<div dir=\"auto\">Encarnaci\u00f3n Rueda (matrona)<\/div>\n<div dir=\"auto\">Mar\u00eda Bellido (hero\u00edna legendaria en la Guerra de la Independencia)<\/div>\n<div dir=\"auto\">Los alumnos de secundaria han recogido su premio por participar en las actividades propuestas desde el programa \u00abCiudad ante las drogas\u00bb y por \u00faltimo hemos visto un v\u00eddeo montado por nuestras compa\u00f1eras &nbsp;dedicado a todas las mujeres que luchan cada d\u00eda para que la igualdad sea una realidad.<\/div>\n<div dir=\"auto\"><a href=\"https:\/\/blogsaverroes.juntadeandalucia.es\/ceipaznaitin\/files\/2023\/03\/330614238_602464701352400_8902578385157366575_n.jpg\"><img loading=\"lazy\" decoding=\"async\" class=\"alignnone size-medium wp-image-7555\" src=\"https:\/\/blogsaverroes.juntadeandalucia.es\/ceipaznaitin\/files\/2023\/03\/330614238_602464701352400_8902578385157366575_n-300x225.jpg\" alt=\"\" width=\"300\" height=\"225\" srcset=\"https:\/\/blogsaverroes.juntadeandalucia.es\/ceipaznaitin\/files\/2023\/03\/330614238_602464701352400_8902578385157366575_n-300x225.jpg 300w, https:\/\/blogsaverroes.juntadeandalucia.es\/ceipaznaitin\/files\/2023\/03\/330614238_602464701352400_8902578385157366575_n-1024x768.jpg 1024w, https:\/\/blogsaverroes.juntadeandalucia.es\/ceipaznaitin\/files\/2023\/03\/330614238_602464701352400_8902578385157366575_n-768x576.jpg 768w, https:\/\/blogsaverroes.juntadeandalucia.es\/ceipaznaitin\/files\/2023\/03\/330614238_602464701352400_8902578385157366575_n-1536x1152.jpg 1536w, https:\/\/blogsaverroes.juntadeandalucia.es\/ceipaznaitin\/files\/2023\/03\/330614238_602464701352400_8902578385157366575_n.jpg 1600w\" sizes=\"(max-width: 300px) 100vw, 300px\" \/><\/a> <a href=\"https:\/\/blogsaverroes.juntadeandalucia.es\/ceipaznaitin\/files\/2023\/03\/330455367_1392238528271115_6195694278683091606_n.jpg\"><img loading=\"lazy\" decoding=\"async\" class=\"alignnone size-medium wp-image-7556\" src=\"https:\/\/blogsaverroes.juntadeandalucia.es\/ceipaznaitin\/files\/2023\/03\/330455367_1392238528271115_6195694278683091606_n-300x225.jpg\" alt=\"\" width=\"300\" height=\"225\" srcset=\"https:\/\/blogsaverroes.juntadeandalucia.es\/ceipaznaitin\/files\/2023\/03\/330455367_1392238528271115_6195694278683091606_n-300x225.jpg 300w, https:\/\/blogsaverroes.juntadeandalucia.es\/ceipaznaitin\/files\/2023\/03\/330455367_1392238528271115_6195694278683091606_n-1024x768.jpg 1024w, https:\/\/blogsaverroes.juntadeandalucia.es\/ceipaznaitin\/files\/2023\/03\/330455367_1392238528271115_6195694278683091606_n-768x576.jpg 768w, https:\/\/blogsaverroes.juntadeandalucia.es\/ceipaznaitin\/files\/2023\/03\/330455367_1392238528271115_6195694278683091606_n-1536x1152.jpg 1536w, https:\/\/blogsaverroes.juntadeandalucia.es\/ceipaznaitin\/files\/2023\/03\/330455367_1392238528271115_6195694278683091606_n.jpg 1600w\" sizes=\"(max-width: 300px) 100vw, 300px\" \/><\/a><a href=\"https:\/\/blogsaverroes.juntadeandalucia.es\/ceipaznaitin\/files\/2023\/03\/335194596_750207126470819_7693733779865133124_n.jpg\"><img loading=\"lazy\" decoding=\"async\" class=\"alignnone size-medium wp-image-7557\" src=\"https:\/\/blogsaverroes.juntadeandalucia.es\/ceipaznaitin\/files\/2023\/03\/335194596_750207126470819_7693733779865133124_n-300x225.jpg\" alt=\"\" width=\"300\" height=\"225\" srcset=\"https:\/\/blogsaverroes.juntadeandalucia.es\/ceipaznaitin\/files\/2023\/03\/335194596_750207126470819_7693733779865133124_n-300x225.jpg 300w, https:\/\/blogsaverroes.juntadeandalucia.es\/ceipaznaitin\/files\/2023\/03\/335194596_750207126470819_7693733779865133124_n-1024x768.jpg 1024w, https:\/\/blogsaverroes.juntadeandalucia.es\/ceipaznaitin\/files\/2023\/03\/335194596_750207126470819_7693733779865133124_n-768x576.jpg 768w, https:\/\/blogsaverroes.juntadeandalucia.es\/ceipaznaitin\/files\/2023\/03\/335194596_750207126470819_7693733779865133124_n-1536x1152.jpg 1536w, https:\/\/blogsaverroes.juntadeandalucia.es\/ceipaznaitin\/files\/2023\/03\/335194596_750207126470819_7693733779865133124_n.jpg 1600w\" sizes=\"(max-width: 300px) 100vw, 300px\" \/><\/a><\/div>\n<div dir=\"auto\">&nbsp;<\/div>\n<div dir=\"auto\">&nbsp;<\/div>\n<div dir=\"auto\">&nbsp;<\/div>\n<div dir=\"auto\">&nbsp;<\/div>\n","protected":false},"excerpt":{"rendered":"<p>El 8 de marzo se celebra el D\u00eda Internacional de la Mujer. En este d\u00eda se conmemora la lucha de la mujer por alcanzar los mismos derechos que los hombres para lograr la igualdad de g\u00e9nero. En estos d\u00edas, nuestro cole ha estado inmerso en la celebraci\u00f3n del D\u00cdA INTERNACIONAL DE LA MUJER, se han &hellip; <\/p>\n<p><a class=\"more-link btn\" href=\"https:\/\/blogsaverroes.juntadeandalucia.es\/ceipaznaitin\/2023\/03\/08\/dia-internacional-de-la-mujer-2\/\">Seguir leyendo<\/a><\/p>\n","protected":false},"author":5221,"featured_media":7555,"comment_status":"open","ping_status":"open","sticky":false,"template":"","format":"standard","meta":{"ngg_post_thumbnail":0,"footnotes":""},"categories":[25494,25495,25496,530170,25498],"tags":[],"aioseo_notices":[],"_links":{"self":[{"href":"https:\/\/blogsaverroes.juntadeandalucia.es\/ceipaznaitin\/wp-json\/wp\/v2\/posts\/7554"}],"collection":[{"href":"https:\/\/blogsaverroes.juntadeandalucia.es\/ceipaznaitin\/wp-json\/wp\/v2\/posts"}],"about":[{"href":"https:\/\/blogsaverroes.juntadeandalucia.es\/ceipaznaitin\/wp-json\/wp\/v2\/types\/post"}],"author":[{"embeddable":true,"href":"https:\/\/blogsaverroes.juntadeandalucia.es\/ceipaznaitin\/wp-json\/wp\/v2\/users\/5221"}],"replies":[{"embeddable":true,"href":"https:\/\/blogsaverroes.juntadeandalucia.es\/ceipaznaitin\/wp-json\/wp\/v2\/comments?post=7554"}],"version-history":[{"count":1,"href":"https:\/\/blogsaverroes.juntadeandalucia.es\/ceipaznaitin\/wp-json\/wp\/v2\/posts\/7554\/revisions"}],"predecessor-version":[{"id":7558,"href":"https:\/\/blogsaverroes.juntadeandalucia.es\/ceipaznaitin\/wp-json\/wp\/v2\/posts\/7554\/revisions\/7558"}],"wp:featuredmedia":[{"embeddable":true,"href":"https:\/\/blogsaverroes.juntadeandalucia.es\/ceipaznaitin\/wp-json\/wp\/v2\/media\/7555"}],"wp:attachment":[{"href":"https:\/\/blogsaverroes.juntadeandalucia.es\/ceipaznaitin\/wp-json\/wp\/v2\/media?parent=7554"}],"wp:term":[{"taxonomy":"category","embeddable":true,"href":"https:\/\/blogsaverroes.juntadeandalucia.es\/ceipaznaitin\/wp-json\/wp\/v2\/categories?post=7554"},{"taxonomy":"post_tag","embeddable":true,"href":"https:\/\/blogsaverroes.juntadeandalucia.es\/ceipaznaitin\/wp-json\/wp\/v2\/tags?post=7554"}],"curies":[{"name":"wp","href":"https:\/\/api.w.org\/{rel}","templated":true}]}}