{"id":3304,"date":"2022-01-14T08:55:22","date_gmt":"2022-01-14T08:55:22","guid":{"rendered":"https:\/\/blogsaverroes.juntadeandalucia.es\/ceipbaessipo\/?p=3304"},"modified":"2022-01-14T08:58:56","modified_gmt":"2022-01-14T08:58:56","slug":"opinion-dudas-covid19","status":"publish","type":"post","link":"https:\/\/blogsaverroes.juntadeandalucia.es\/ceipbaessipo\/opinion-dudas-covid19\/","title":{"rendered":"OPINI\u00d3N: Dudas COVID19"},"content":{"rendered":"<p style=\"text-align: center\">Por el Dr. D. Fernando Ar\u00e9valo Rosado&nbsp;<\/p>\n<div style=\"text-align: justify\">Son muchas las preguntas y las dudas que todos tenemos en esta pandemia. Intentar\u00e9 poder aclarar algunas de las muchas que me est\u00e1n llegando.&nbsp;<\/div>\n<div style=\"text-align: justify\">&nbsp;<\/div>\n<div style=\"text-align: justify\">En primer lugar, cu\u00e1ndo hacer el test de ant\u00edgeno de farmacia y cu\u00e1ndo la PCR. El test de ant\u00edgeno se debe hacer entre el segundo y el quinto d\u00eda desde el inicio de los s\u00edntomas o el contacto estrecho (menos de 2 metros y m\u00e1s de 15 minutos) con el positivo. Es cuando mayor es la carga viral y por tanto m\u00e1s fiable es. A partir del quinto d\u00eda, es decir del sexto en adelante, lo indicado es la PCR. Si el test de ant\u00edgeno de farmacia es positivo leve (sale poco marcado) se considera positivo. No tiene validez hacer un test de ant\u00edgeno despu\u00e9s del quinto d\u00eda para comprobar si damos negativo, no es fiable. Tampoco vale mirar el test al d\u00eda siguiente porque puede haberse te\u00f1ido por error, no hace falta esperar m\u00e1s de 15 minutos para el resultado del test. Si me he vacunado y el test sale positivo, se debe considerar positivo, puesto que la vacuna no ha demostrado influencia en los test de ant\u00edgeno y de PCR, s\u00ed en las pruebas serol\u00f3gicas.<\/div>\n<div style=\"text-align: justify\">&nbsp;<\/div>\n<div style=\"text-align: justify\">A partir del d\u00eda 30 de diciembre de 2021 debido a la saturaci\u00f3n de pruebas de laboratorio, ojo no me refiero a los test de farmacia, el Servicio Andaluz de Salud y el Consejo Interterritorial del Sistema Nacional de Salud han determinado que solo se har\u00e1 pruebas de laboratorio (PCR, serolog\u00eda y ant\u00edgeno) a los sintom\u00e1ticos de grupos de riesgo o sintom\u00e1ticos convivientes con grupos de riesgo. Se considera <strong>grupo de riesgo<\/strong> a: <em>pacientes que presentan s\u00edntomas graves de Covid<\/em>, <em>personas vulnerables<\/em> (mayores de 70 a\u00f1os, los que sufren enfermedades graves, inmunodeprimidos y embarazadas), los que <em>conviven o tienen contacto con personas vulnerables<\/em>, <em>sanitarios<\/em> o <em>sociosanitarios<\/em> y <em>personas no vacunadas<\/em>.<\/div>\n<div style=\"text-align: justify\">&nbsp;<\/div>\n<div style=\"text-align: justify\">As\u00ed las cosas los pacientes con ant\u00edgeno de farmacia positivo tienen que confinarse 7 d\u00edas o hasta que estuvieran asintom\u00e1ticos&nbsp;y comunicar a&nbsp;salud responde a trav\u00e9s del tel\u00e9fono 955 54 50 60 o mediante el correo electr\u00f3nico&nbsp;<a href=\"mailto:saludresponde@juntadeandalucia.es\" rel=\"noreferrer\">saludresponde@juntadeandalucia.es<\/a> su positivo, indic\u00e1ndoles nombre y apellidos, NIF y fecha del positivo. Los convivientes del positivo se har\u00e1n un test de ant\u00edgeno entre el segundo y quinto d\u00eda del contacto, si son negativos y tienen al menos dos dosis de vacunas, pueden salir siempre con mascarilla, evitando los grupos de riesgo y aglomeraciones, en caso de s\u00edntomas quedar\u00e1n confinados. Los grupos de riesgo contacto estrecho del positivo, a\u00fan con un test de ant\u00edgeno negativo, deber\u00e1n hacer confinamiento, como es el caso de los escolares que no tengan las dos pautas de vacunas completadas. Aquellas personas con sintomatolog\u00eda compatible con Covid que han dado negativo en un test deber\u00e1n confinarse por aquello de los falsos negativos que ocurren en un 40% de los test. En el caso de los escolares se aplicar\u00e1n las medidas que en ese momento se consideren oportunas por educaci\u00f3n en coordinaci\u00f3n con el ministerio de sanidad y el responsable Covid. Valor\u00e1ndose la necesidad de un confinamiento completo de la clase cuando haya entre un 20-25% de positivos (no de confinados) o 5 alumnos\/as positivos.<\/div>\n<div style=\"text-align: justify\">&nbsp;<\/div>\n<div style=\"text-align: justify\">Por \u00faltimo recordar que con un test de ant\u00edgeno positivo solo hay que notificar a salud responde y confinarse, si los s\u00edntomas son leves y no hay necesidad de una baja m\u00e9dica no es necesario llamar a nuestro m\u00e9dico, solo tratar los s\u00edntomas y evitar los contagios. As\u00ed que, como ya ha ocurrido por desgracia, est\u00e1 totalmente prohibido acudir a su m\u00e9dico de manera presencial portando el test positivo.&nbsp;<\/div>\n<div style=\"text-align: justify\">&nbsp;<\/div>\n<div style=\"text-align: justify\">Como en todo sentido com\u00fan y buenas pr\u00e1cticas, que \u00f3micron es sin duda la variante m\u00e1s contagiosa y, a mayor n\u00famero de contagios, mayor n\u00famero de hospitalizaciones y por desgracia de defunciones. Cu\u00eddense mucho y vivan sin miedos pero con cordura, \u00a1\u00a1que me hacen mucha falta!!<\/div>\n<p>&nbsp;<\/p>\n<p><img loading=\"lazy\" decoding=\"async\" class=\"aligncenter wp-image-3179 size-thumbnail\" src=\"https:\/\/blogsaverroes.juntadeandalucia.es\/ceipbaessipo\/files\/2021\/11\/fernando-150x150.png\" alt=\"\" width=\"150\" height=\"150\" srcset=\"https:\/\/blogsaverroes.juntadeandalucia.es\/ceipbaessipo\/files\/2021\/11\/fernando-150x150.png 150w, https:\/\/blogsaverroes.juntadeandalucia.es\/ceipbaessipo\/files\/2021\/11\/fernando-80x80.png 80w\" sizes=\"(max-width: 150px) 100vw, 150px\" \/><\/p>\n<p style=\"text-align: center\">Dr. D. Fernando Ar\u00e9valo Rosado<\/p>\n<p style=\"text-align: center\">M\u00e9dico General en Barbate<\/p>\n","protected":false},"excerpt":{"rendered":"<p>Por el Dr. D. Fernando Ar\u00e9valo Rosado&nbsp; Son muchas las preguntas y las dudas que todos tenemos en esta pandemia. Intentar\u00e9 poder aclarar algunas de las muchas que me est\u00e1n llegando.&nbsp; &nbsp; En primer&#46;&#46;&#46;<\/p>\n","protected":false},"author":10975,"featured_media":3178,"comment_status":"open","ping_status":"closed","sticky":false,"template":"","format":"standard","meta":{"ngg_post_thumbnail":0,"footnotes":""},"categories":[526],"tags":[307437],"aioseo_notices":[],"_links":{"self":[{"href":"https:\/\/blogsaverroes.juntadeandalucia.es\/ceipbaessipo\/wp-json\/wp\/v2\/posts\/3304"}],"collection":[{"href":"https:\/\/blogsaverroes.juntadeandalucia.es\/ceipbaessipo\/wp-json\/wp\/v2\/posts"}],"about":[{"href":"https:\/\/blogsaverroes.juntadeandalucia.es\/ceipbaessipo\/wp-json\/wp\/v2\/types\/post"}],"author":[{"embeddable":true,"href":"https:\/\/blogsaverroes.juntadeandalucia.es\/ceipbaessipo\/wp-json\/wp\/v2\/users\/10975"}],"replies":[{"embeddable":true,"href":"https:\/\/blogsaverroes.juntadeandalucia.es\/ceipbaessipo\/wp-json\/wp\/v2\/comments?post=3304"}],"version-history":[{"count":2,"href":"https:\/\/blogsaverroes.juntadeandalucia.es\/ceipbaessipo\/wp-json\/wp\/v2\/posts\/3304\/revisions"}],"predecessor-version":[{"id":3306,"href":"https:\/\/blogsaverroes.juntadeandalucia.es\/ceipbaessipo\/wp-json\/wp\/v2\/posts\/3304\/revisions\/3306"}],"wp:featuredmedia":[{"embeddable":true,"href":"https:\/\/blogsaverroes.juntadeandalucia.es\/ceipbaessipo\/wp-json\/wp\/v2\/media\/3178"}],"wp:attachment":[{"href":"https:\/\/blogsaverroes.juntadeandalucia.es\/ceipbaessipo\/wp-json\/wp\/v2\/media?parent=3304"}],"wp:term":[{"taxonomy":"category","embeddable":true,"href":"https:\/\/blogsaverroes.juntadeandalucia.es\/ceipbaessipo\/wp-json\/wp\/v2\/categories?post=3304"},{"taxonomy":"post_tag","embeddable":true,"href":"https:\/\/blogsaverroes.juntadeandalucia.es\/ceipbaessipo\/wp-json\/wp\/v2\/tags?post=3304"}],"curies":[{"name":"wp","href":"https:\/\/api.w.org\/{rel}","templated":true}]}}