{"id":4163,"date":"2024-05-23T16:47:26","date_gmt":"2024-05-23T16:47:26","guid":{"rendered":"https:\/\/blogsaverroes.juntadeandalucia.es\/ceipbaessipo\/?p=4163"},"modified":"2024-05-23T16:53:41","modified_gmt":"2024-05-23T16:53:41","slug":"programa-de-educacion-vial-2023-2024","status":"publish","type":"post","link":"https:\/\/blogsaverroes.juntadeandalucia.es\/ceipbaessipo\/programa-de-educacion-vial-2023-2024\/","title":{"rendered":"Programa de Educaci\u00f3n Vial 2023-2024"},"content":{"rendered":"<p style=\"text-align: justify\">Los pasados d\u00edas 15,16,17 y 19 de abril de 2024 el alumnado de 2\u00ba, 4\u00ba y 6\u00ba de Educaci\u00f3n Primaria ha podido participar en el <span style=\"color: #0000ff\"><strong>Programa de Educaci\u00f3n Vial<\/strong><\/span> que desde el <em>Departamento Agente Tuto<\/em><strong>r<\/strong> de la Polic\u00eda Local de Barbate ha desarrollado en nuestro centro bajo los temas \u00ab<em>Caminando seguro al cole<\/em>\u00bb y \u00ab<em>Uso seguro de la bicicleta y V.M.P (patinete)<\/em>\u00ab.&nbsp;<\/p>\n<p style=\"text-align: justify\">En este programa han recibido una clase te\u00f3rica en la que se han tratado conceptos relacionados con la seguridad en el uso de la v\u00eda p\u00fablica, tanto como peatones como conductores y posteriormente una divertid\u00edsima puesta en pr\u00e1ctica de los conceptos recibidos con la instalaci\u00f3n en el colegio de un parque m\u00f3vil de tr\u00e1fico.<\/p>\nngg_shortcode_0_placeholder\n","protected":false},"excerpt":{"rendered":"<p>Los pasados d\u00edas 15,16,17 y 19 de abril de 2024 el alumnado de 2\u00ba, 4\u00ba y 6\u00ba de Educaci\u00f3n Primaria ha podido participar en el Programa de Educaci\u00f3n Vial que desde el Departamento Agente&#46;&#46;&#46;<\/p>\n","protected":false},"author":10975,"featured_media":4184,"comment_status":"open","ping_status":"closed","sticky":false,"template":"","format":"standard","meta":{"ngg_post_thumbnail":0,"footnotes":""},"categories":[307462,307465],"tags":[307464],"aioseo_notices":[],"_links":{"self":[{"href":"https:\/\/blogsaverroes.juntadeandalucia.es\/ceipbaessipo\/wp-json\/wp\/v2\/posts\/4163"}],"collection":[{"href":"https:\/\/blogsaverroes.juntadeandalucia.es\/ceipbaessipo\/wp-json\/wp\/v2\/posts"}],"about":[{"href":"https:\/\/blogsaverroes.juntadeandalucia.es\/ceipbaessipo\/wp-json\/wp\/v2\/types\/post"}],"author":[{"embeddable":true,"href":"https:\/\/blogsaverroes.juntadeandalucia.es\/ceipbaessipo\/wp-json\/wp\/v2\/users\/10975"}],"replies":[{"embeddable":true,"href":"https:\/\/blogsaverroes.juntadeandalucia.es\/ceipbaessipo\/wp-json\/wp\/v2\/comments?post=4163"}],"version-history":[{"count":4,"href":"https:\/\/blogsaverroes.juntadeandalucia.es\/ceipbaessipo\/wp-json\/wp\/v2\/posts\/4163\/revisions"}],"predecessor-version":[{"id":4179,"href":"https:\/\/blogsaverroes.juntadeandalucia.es\/ceipbaessipo\/wp-json\/wp\/v2\/posts\/4163\/revisions\/4179"}],"wp:featuredmedia":[{"embeddable":true,"href":"https:\/\/blogsaverroes.juntadeandalucia.es\/ceipbaessipo\/wp-json\/wp\/v2\/media\/4184"}],"wp:attachment":[{"href":"https:\/\/blogsaverroes.juntadeandalucia.es\/ceipbaessipo\/wp-json\/wp\/v2\/media?parent=4163"}],"wp:term":[{"taxonomy":"category","embeddable":true,"href":"https:\/\/blogsaverroes.juntadeandalucia.es\/ceipbaessipo\/wp-json\/wp\/v2\/categories?post=4163"},{"taxonomy":"post_tag","embeddable":true,"href":"https:\/\/blogsaverroes.juntadeandalucia.es\/ceipbaessipo\/wp-json\/wp\/v2\/tags?post=4163"}],"curies":[{"name":"wp","href":"https:\/\/api.w.org\/{rel}","templated":true}]}}