{"id":3985,"date":"2019-04-10T08:30:33","date_gmt":"2019-04-10T08:30:33","guid":{"rendered":"https:\/\/blogsaverroes.juntadeandalucia.es\/ceipbarahonadesoto\/?p=3985"},"modified":"2019-04-10T08:30:33","modified_gmt":"2019-04-10T08:30:33","slug":"conversion-a-centro-bilingue","status":"publish","type":"post","link":"https:\/\/blogsaverroes.juntadeandalucia.es\/ceipbarahonadesoto\/2019\/04\/10\/conversion-a-centro-bilingue\/","title":{"rendered":"CONVERSI\u00d3N A  CENTRO BILING\u00dcE!!"},"content":{"rendered":"<p><a href=\"https:\/\/blogsaverroes.juntadeandalucia.es\/ceipbarahonadesoto\/files\/2019\/04\/bilin2-800x445.gif\"><img loading=\"lazy\" decoding=\"async\" class=\"size-medium wp-image-3986 aligncenter\" src=\"https:\/\/blogsaverroes.juntadeandalucia.es\/ceipbarahonadesoto\/files\/2019\/04\/bilin2-800x445-300x151.gif\" alt=\"\" width=\"300\" height=\"151\" srcset=\"https:\/\/blogsaverroes.juntadeandalucia.es\/ceipbarahonadesoto\/files\/2019\/04\/bilin2-800x445-300x151.gif 300w, https:\/\/blogsaverroes.juntadeandalucia.es\/ceipbarahonadesoto\/files\/2019\/04\/bilin2-800x445-24x12.gif 24w, https:\/\/blogsaverroes.juntadeandalucia.es\/ceipbarahonadesoto\/files\/2019\/04\/bilin2-800x445-36x18.gif 36w, https:\/\/blogsaverroes.juntadeandalucia.es\/ceipbarahonadesoto\/files\/2019\/04\/bilin2-800x445-48x24.gif 48w\" sizes=\"(max-width: 300px) 100vw, 300px\" \/><\/a><\/p>\n<p><span style=\"color: #0000ff\"><strong>El equipo directivo y la comunidad educativa del C.E.I.P BARAHONA DE SOTO&nbsp; comunica que a partir del pr\u00f3ximo curso 2019\/2020 nuestro colegio se convierte en <span style=\"color: #ff0000\">CENTRO BILING\u00dcE<\/span><\/strong><\/span><\/p>\n<p><span style=\"color: #0000ff\"><strong>Apostamos por una ense\u00f1anza de calidad, donde los idiomas demuestran que es una de las asignaturas m\u00e1s importantes para la carrera acad\u00e9mica del alumno, favoreciendo as\u00ed la formaci\u00f3n integral necesaria para la sociedad en la que vivimos.<\/strong><\/span><\/p>\n<p><span style=\"color: #0000ff\"><strong>Desde aqu\u00ed agradecemos a toda persona o instituci\u00f3n que ha colaborado para que haya sido posible esta realidad.<\/strong><\/span><\/p>\n<p><span style=\"color: #0000ff\"><strong>Un Saludo,<\/strong><\/span><\/p>\n<p><span style=\"color: #0000ff\"><strong>El Equipo Directivo.<\/strong><\/span><\/p>\n","protected":false},"excerpt":{"rendered":"<p>El equipo directivo y la comunidad educativa del C.E.I.P BARAHONA DE SOTO&nbsp; comunica que a partir del pr\u00f3ximo curso 2019\/2020 nuestro colegio se convierte en&hellip;<\/p>\n","protected":false},"author":2165,"featured_media":0,"comment_status":"open","ping_status":"open","sticky":false,"template":"","format":"standard","meta":{"ngg_post_thumbnail":0,"footnotes":""},"categories":[11909],"tags":[],"aioseo_notices":[],"_links":{"self":[{"href":"https:\/\/blogsaverroes.juntadeandalucia.es\/ceipbarahonadesoto\/wp-json\/wp\/v2\/posts\/3985"}],"collection":[{"href":"https:\/\/blogsaverroes.juntadeandalucia.es\/ceipbarahonadesoto\/wp-json\/wp\/v2\/posts"}],"about":[{"href":"https:\/\/blogsaverroes.juntadeandalucia.es\/ceipbarahonadesoto\/wp-json\/wp\/v2\/types\/post"}],"author":[{"embeddable":true,"href":"https:\/\/blogsaverroes.juntadeandalucia.es\/ceipbarahonadesoto\/wp-json\/wp\/v2\/users\/2165"}],"replies":[{"embeddable":true,"href":"https:\/\/blogsaverroes.juntadeandalucia.es\/ceipbarahonadesoto\/wp-json\/wp\/v2\/comments?post=3985"}],"version-history":[{"count":2,"href":"https:\/\/blogsaverroes.juntadeandalucia.es\/ceipbarahonadesoto\/wp-json\/wp\/v2\/posts\/3985\/revisions"}],"predecessor-version":[{"id":3988,"href":"https:\/\/blogsaverroes.juntadeandalucia.es\/ceipbarahonadesoto\/wp-json\/wp\/v2\/posts\/3985\/revisions\/3988"}],"wp:attachment":[{"href":"https:\/\/blogsaverroes.juntadeandalucia.es\/ceipbarahonadesoto\/wp-json\/wp\/v2\/media?parent=3985"}],"wp:term":[{"taxonomy":"category","embeddable":true,"href":"https:\/\/blogsaverroes.juntadeandalucia.es\/ceipbarahonadesoto\/wp-json\/wp\/v2\/categories?post=3985"},{"taxonomy":"post_tag","embeddable":true,"href":"https:\/\/blogsaverroes.juntadeandalucia.es\/ceipbarahonadesoto\/wp-json\/wp\/v2\/tags?post=3985"}],"curies":[{"name":"wp","href":"https:\/\/api.w.org\/{rel}","templated":true}]}}