{"id":2700,"date":"2025-01-14T17:24:19","date_gmt":"2025-01-14T16:24:19","guid":{"rendered":"https:\/\/blogsaverroes.juntadeandalucia.es\/ceipbeatrizgalindo\/?p=2700"},"modified":"2025-05-26T09:17:04","modified_gmt":"2025-05-26T08:17:04","slug":"celebracion-del-25-de-noviembre-pacto-de-estado","status":"publish","type":"post","link":"https:\/\/blogsaverroes.juntadeandalucia.es\/ceipbeatrizgalindo\/celebracion-del-25-de-noviembre-pacto-de-estado\/","title":{"rendered":"Pacto de Estado 25\/11\/24"},"content":{"rendered":"<p>En el colegio Beatriz Galindo desarrollamos actividades de sensibilizaci\u00f3n contra la violencia de g\u00e9nero en el marco de del 25 de noviembre \u00abD\u00eda Internacional de la eliminaci\u00f3n de la violencia contra la mujer\u00bb.<\/p>\n<p>Descripci\u00f3n de la actividad:<br \/>\n-El alumnado de 6\u00ba de Primaria particip\u00f3 en el concurso \u201cPintamos por la Igualdad\u201d, promovido por el Ayuntamiento de Bollullos de la Mitaci\u00f3n, dentro de la Comisi\u00f3n de Coeducaci\u00f3n; conformada por \u201cIES Alminar\u201d, CEIP \u201cP\u00edo XII\u201d y CEIP \u201cBeatriz Galindo\u201d.<br \/>\n-Participaci\u00f3n del alumnado de 6\u00ba de Primaria, acompa\u00f1ado por sus tutores en la actividad \u201cMarchando por la Igualdad\u201d, se celebr\u00f3 el 22 de noviembre. En esta actividad particip\u00f3 igualmente el alumnado del CEIP \u201cP\u00edo XII\u201d.<br \/>\nEl acto consisti\u00f3 en:<br \/>\n-Actividad simb\u00f3lica de atar los lazos violetas al \u00e1rbol. Simbolizando la unidad de todos contra la violencia de g\u00e9nero.<br \/>\n-Lectura de un manifiesto por parte de los colegios.<br \/>\n-Entrega de los dibujos premiados del concurso \u201cPintamos por la Igualdad\u201d .<a href=\"https:\/\/blogsaverroes.juntadeandalucia.es\/ceipbeatrizgalindo\/files\/2025\/01\/PE_Castellano_Color_JPG-scaled1.jpg\"><img loading=\"lazy\" decoding=\"async\" class=\"aligncenter size-full wp-image-2773\" src=\"https:\/\/blogsaverroes.juntadeandalucia.es\/ceipbeatrizgalindo\/files\/2025\/01\/PE_Castellano_Color_JPG-scaled1.jpg\" alt=\"\" width=\"150\" height=\"106\"><\/a><a href=\"https:\/\/blogsaverroes.juntadeandalucia.es\/ceipbeatrizgalindo\/files\/2025\/03\/Ministerio_de_Igualdad_PNG1.png\"><img loading=\"lazy\" decoding=\"async\" class=\"aligncenter size-full wp-image-2771\" src=\"https:\/\/blogsaverroes.juntadeandalucia.es\/ceipbeatrizgalindo\/files\/2025\/03\/Ministerio_de_Igualdad_PNG1.png\" alt=\"\" width=\"99\" height=\"32\"><\/a><\/p>\n<p><a href=\"https:\/\/blogsaverroes.juntadeandalucia.es\/ceipbeatrizgalindo\/files\/2025\/01\/IMG_20241118_1408092.jpg\"><br \/>\n<img loading=\"lazy\" decoding=\"async\" class=\"aligncenter wp-image-2701 size-large\" src=\"https:\/\/blogsaverroes.juntadeandalucia.es\/ceipbeatrizgalindo\/files\/2025\/01\/IMG_20241118_1408092-1024x731.jpg\" alt=\"\" width=\"832\" height=\"594\" srcset=\"https:\/\/blogsaverroes.juntadeandalucia.es\/ceipbeatrizgalindo\/files\/2025\/01\/IMG_20241118_1408092-1024x731.jpg 1024w, https:\/\/blogsaverroes.juntadeandalucia.es\/ceipbeatrizgalindo\/files\/2025\/01\/IMG_20241118_1408092-300x214.jpg 300w, https:\/\/blogsaverroes.juntadeandalucia.es\/ceipbeatrizgalindo\/files\/2025\/01\/IMG_20241118_1408092-768x549.jpg 768w, https:\/\/blogsaverroes.juntadeandalucia.es\/ceipbeatrizgalindo\/files\/2025\/01\/IMG_20241118_1408092-1536x1097.jpg 1536w, https:\/\/blogsaverroes.juntadeandalucia.es\/ceipbeatrizgalindo\/files\/2025\/01\/IMG_20241118_1408092-2048x1463.jpg 2048w, https:\/\/blogsaverroes.juntadeandalucia.es\/ceipbeatrizgalindo\/files\/2025\/01\/IMG_20241118_1408092.jpg 1600w\" sizes=\"(max-width: 832px) 100vw, 832px\" \/><\/a><\/p>\n<p>&nbsp;<\/p>\n<p><a href=\"https:\/\/blogsaverroes.juntadeandalucia.es\/ceipbeatrizgalindo\/files\/2025\/01\/IMG_20241118_1409302.jpg\"><img loading=\"lazy\" decoding=\"async\" class=\"aligncenter wp-image-2702\" src=\"https:\/\/blogsaverroes.juntadeandalucia.es\/ceipbeatrizgalindo\/files\/2025\/01\/IMG_20241118_1409302.jpg\" alt=\"\" width=\"786\" height=\"764\" srcset=\"https:\/\/blogsaverroes.juntadeandalucia.es\/ceipbeatrizgalindo\/files\/2025\/01\/IMG_20241118_1409302.jpg 1600w, https:\/\/blogsaverroes.juntadeandalucia.es\/ceipbeatrizgalindo\/files\/2025\/01\/IMG_20241118_1409302-300x292.jpg 300w, https:\/\/blogsaverroes.juntadeandalucia.es\/ceipbeatrizgalindo\/files\/2025\/01\/IMG_20241118_1409302-1024x995.jpg 1024w, https:\/\/blogsaverroes.juntadeandalucia.es\/ceipbeatrizgalindo\/files\/2025\/01\/IMG_20241118_1409302-768x746.jpg 768w, https:\/\/blogsaverroes.juntadeandalucia.es\/ceipbeatrizgalindo\/files\/2025\/01\/IMG_20241118_1409302-1536x1493.jpg 1536w, https:\/\/blogsaverroes.juntadeandalucia.es\/ceipbeatrizgalindo\/files\/2025\/01\/IMG_20241118_1409302-2048x1990.jpg 2048w\" sizes=\"(max-width: 786px) 100vw, 786px\" \/><\/a> <a href=\"https:\/\/blogsaverroes.juntadeandalucia.es\/ceipbeatrizgalindo\/files\/2025\/01\/IMG_20241118_1409402.jpg\"><img loading=\"lazy\" decoding=\"async\" class=\"aligncenter size-full wp-image-2703\" src=\"https:\/\/blogsaverroes.juntadeandalucia.es\/ceipbeatrizgalindo\/files\/2025\/01\/IMG_20241118_1409402.jpg\" alt=\"\" width=\"1911\" height=\"2417\" srcset=\"https:\/\/blogsaverroes.juntadeandalucia.es\/ceipbeatrizgalindo\/files\/2025\/01\/IMG_20241118_1409402.jpg 1265w, https:\/\/blogsaverroes.juntadeandalucia.es\/ceipbeatrizgalindo\/files\/2025\/01\/IMG_20241118_1409402-237x300.jpg 237w, https:\/\/blogsaverroes.juntadeandalucia.es\/ceipbeatrizgalindo\/files\/2025\/01\/IMG_20241118_1409402-810x1024.jpg 810w, https:\/\/blogsaverroes.juntadeandalucia.es\/ceipbeatrizgalindo\/files\/2025\/01\/IMG_20241118_1409402-768x971.jpg 768w, https:\/\/blogsaverroes.juntadeandalucia.es\/ceipbeatrizgalindo\/files\/2025\/01\/IMG_20241118_1409402-1214x1536.jpg 1214w, https:\/\/blogsaverroes.juntadeandalucia.es\/ceipbeatrizgalindo\/files\/2025\/01\/IMG_20241118_1409402-1619x2048.jpg 1619w\" sizes=\"(max-width: 1911px) 100vw, 1911px\" \/><\/a> <a href=\"https:\/\/blogsaverroes.juntadeandalucia.es\/ceipbeatrizgalindo\/files\/2025\/01\/IMG_20241118_1409482.jpg\"><img loading=\"lazy\" decoding=\"async\" class=\"aligncenter size-full wp-image-2704\" src=\"https:\/\/blogsaverroes.juntadeandalucia.es\/ceipbeatrizgalindo\/files\/2025\/01\/IMG_20241118_1409482.jpg\" alt=\"\" width=\"1633\" height=\"2314\" srcset=\"https:\/\/blogsaverroes.juntadeandalucia.es\/ceipbeatrizgalindo\/files\/2025\/01\/IMG_20241118_1409482.jpg 1129w, https:\/\/blogsaverroes.juntadeandalucia.es\/ceipbeatrizgalindo\/files\/2025\/01\/IMG_20241118_1409482-212x300.jpg 212w, https:\/\/blogsaverroes.juntadeandalucia.es\/ceipbeatrizgalindo\/files\/2025\/01\/IMG_20241118_1409482-723x1024.jpg 723w, https:\/\/blogsaverroes.juntadeandalucia.es\/ceipbeatrizgalindo\/files\/2025\/01\/IMG_20241118_1409482-768x1088.jpg 768w, https:\/\/blogsaverroes.juntadeandalucia.es\/ceipbeatrizgalindo\/files\/2025\/01\/IMG_20241118_1409482-1084x1536.jpg 1084w, https:\/\/blogsaverroes.juntadeandalucia.es\/ceipbeatrizgalindo\/files\/2025\/01\/IMG_20241118_1409482-1445x2048.jpg 1445w\" sizes=\"(max-width: 1633px) 100vw, 1633px\" \/><\/a> <a href=\"https:\/\/blogsaverroes.juntadeandalucia.es\/ceipbeatrizgalindo\/files\/2025\/01\/IMG_20241122_083643.jpg\"><img loading=\"lazy\" decoding=\"async\" class=\"aligncenter size-full wp-image-2705\" src=\"https:\/\/blogsaverroes.juntadeandalucia.es\/ceipbeatrizgalindo\/files\/2025\/01\/IMG_20241122_083643.jpg\" alt=\"\" width=\"3264\" height=\"2448\" srcset=\"https:\/\/blogsaverroes.juntadeandalucia.es\/ceipbeatrizgalindo\/files\/2025\/01\/IMG_20241122_083643.jpg 1600w, https:\/\/blogsaverroes.juntadeandalucia.es\/ceipbeatrizgalindo\/files\/2025\/01\/IMG_20241122_083643-300x225.jpg 300w, https:\/\/blogsaverroes.juntadeandalucia.es\/ceipbeatrizgalindo\/files\/2025\/01\/IMG_20241122_083643-1024x768.jpg 1024w, https:\/\/blogsaverroes.juntadeandalucia.es\/ceipbeatrizgalindo\/files\/2025\/01\/IMG_20241122_083643-768x576.jpg 768w, https:\/\/blogsaverroes.juntadeandalucia.es\/ceipbeatrizgalindo\/files\/2025\/01\/IMG_20241122_083643-1536x1152.jpg 1536w, https:\/\/blogsaverroes.juntadeandalucia.es\/ceipbeatrizgalindo\/files\/2025\/01\/IMG_20241122_083643-2048x1536.jpg 2048w\" sizes=\"(max-width: 3264px) 100vw, 3264px\" \/><\/a> En el centro se desarrollaron tres actos:<br \/>\nPreviamente todos los ciclos desarrollaron en el \u00e1rea de Pl\u00e1stica una ficha para la celebraci\u00f3n de la<br \/>\nefem\u00e9rides.<br \/>\nEstos fueron los horarios:<br \/>\nInfantil: Acto a las 10:30, en su patio.<br \/>\nPrimer Ciclo: Acto a las 11:30, en el patio junto al comedor.<br \/>\nSegundo Ciclo y 5\u00ba de Primaria: Acto a las 12:30, tras finalizar el recreo, en el patio junto al<br \/>\ncomedor.<br \/>\nACTO:<br \/>\n-Lectura de un manifiesto.<br \/>\n-Actividad simb\u00f3lica de los lazos para el \u00e1rbol. Simbolizando la unidad de todos contra la<br \/>\nviolencia de g\u00e9nero.<br \/>\n-Canci\u00f3n de Rozal\u00e9n \u201cLa puerta violeta\u201d.<a href=\"https:\/\/blogsaverroes.juntadeandalucia.es\/ceipbeatrizgalindo\/files\/2025\/01\/IMG_20241122_110839.jpg\"><img loading=\"lazy\" decoding=\"async\" class=\"aligncenter size-full wp-image-2706\" src=\"https:\/\/blogsaverroes.juntadeandalucia.es\/ceipbeatrizgalindo\/files\/2025\/01\/IMG_20241122_110839.jpg\" alt=\"\" width=\"3000\" height=\"4000\" srcset=\"https:\/\/blogsaverroes.juntadeandalucia.es\/ceipbeatrizgalindo\/files\/2025\/01\/IMG_20241122_110839.jpg 1200w, https:\/\/blogsaverroes.juntadeandalucia.es\/ceipbeatrizgalindo\/files\/2025\/01\/IMG_20241122_110839-225x300.jpg 225w, https:\/\/blogsaverroes.juntadeandalucia.es\/ceipbeatrizgalindo\/files\/2025\/01\/IMG_20241122_110839-768x1024.jpg 768w, https:\/\/blogsaverroes.juntadeandalucia.es\/ceipbeatrizgalindo\/files\/2025\/01\/IMG_20241122_110839-1152x1536.jpg 1152w, https:\/\/blogsaverroes.juntadeandalucia.es\/ceipbeatrizgalindo\/files\/2025\/01\/IMG_20241122_110839-1536x2048.jpg 1536w\" sizes=\"(max-width: 3000px) 100vw, 3000px\" \/><\/a> <a href=\"https:\/\/blogsaverroes.juntadeandalucia.es\/ceipbeatrizgalindo\/files\/2025\/01\/IMG_20241122_110856.jpg\"><img loading=\"lazy\" decoding=\"async\" class=\"aligncenter size-full wp-image-2707\" src=\"https:\/\/blogsaverroes.juntadeandalucia.es\/ceipbeatrizgalindo\/files\/2025\/01\/IMG_20241122_110856.jpg\" alt=\"\" width=\"4000\" height=\"3000\" srcset=\"https:\/\/blogsaverroes.juntadeandalucia.es\/ceipbeatrizgalindo\/files\/2025\/01\/IMG_20241122_110856.jpg 1600w, https:\/\/blogsaverroes.juntadeandalucia.es\/ceipbeatrizgalindo\/files\/2025\/01\/IMG_20241122_110856-300x225.jpg 300w, https:\/\/blogsaverroes.juntadeandalucia.es\/ceipbeatrizgalindo\/files\/2025\/01\/IMG_20241122_110856-1024x768.jpg 1024w, https:\/\/blogsaverroes.juntadeandalucia.es\/ceipbeatrizgalindo\/files\/2025\/01\/IMG_20241122_110856-768x576.jpg 768w, https:\/\/blogsaverroes.juntadeandalucia.es\/ceipbeatrizgalindo\/files\/2025\/01\/IMG_20241122_110856-1536x1152.jpg 1536w, https:\/\/blogsaverroes.juntadeandalucia.es\/ceipbeatrizgalindo\/files\/2025\/01\/IMG_20241122_110856-2048x1536.jpg 2048w\" sizes=\"(max-width: 4000px) 100vw, 4000px\" \/><\/a> <a href=\"https:\/\/blogsaverroes.juntadeandalucia.es\/ceipbeatrizgalindo\/files\/2025\/01\/IMG_20250110_132248.jpg\"><img loading=\"lazy\" decoding=\"async\" class=\"aligncenter size-full wp-image-2708\" src=\"https:\/\/blogsaverroes.juntadeandalucia.es\/ceipbeatrizgalindo\/files\/2025\/01\/IMG_20250110_132248.jpg\" alt=\"\" width=\"3000\" height=\"4000\" srcset=\"https:\/\/blogsaverroes.juntadeandalucia.es\/ceipbeatrizgalindo\/files\/2025\/01\/IMG_20250110_132248.jpg 1200w, https:\/\/blogsaverroes.juntadeandalucia.es\/ceipbeatrizgalindo\/files\/2025\/01\/IMG_20250110_132248-225x300.jpg 225w, https:\/\/blogsaverroes.juntadeandalucia.es\/ceipbeatrizgalindo\/files\/2025\/01\/IMG_20250110_132248-768x1024.jpg 768w, https:\/\/blogsaverroes.juntadeandalucia.es\/ceipbeatrizgalindo\/files\/2025\/01\/IMG_20250110_132248-1152x1536.jpg 1152w, https:\/\/blogsaverroes.juntadeandalucia.es\/ceipbeatrizgalindo\/files\/2025\/01\/IMG_20250110_132248-1536x2048.jpg 1536w\" sizes=\"(max-width: 3000px) 100vw, 3000px\" \/><\/a><\/p>\n","protected":false},"excerpt":{"rendered":"<p>En el colegio Beatriz Galindo desarrollamos actividades de sensibilizaci\u00f3n contra la violencia de g\u00e9nero en el marco de del 25 de noviembre \u00abD\u00eda Internacional de la eliminaci\u00f3n de la violencia contra la mujer\u00bb. Descripci\u00f3n&#46;&#46;&#46;<\/p>\n","protected":false},"author":3831,"featured_media":0,"comment_status":"open","ping_status":"open","sticky":false,"template":"","format":"standard","meta":{"ngg_post_thumbnail":0,"footnotes":""},"categories":[526,809020],"tags":[809019],"aioseo_notices":[],"_links":{"self":[{"href":"https:\/\/blogsaverroes.juntadeandalucia.es\/ceipbeatrizgalindo\/wp-json\/wp\/v2\/posts\/2700"}],"collection":[{"href":"https:\/\/blogsaverroes.juntadeandalucia.es\/ceipbeatrizgalindo\/wp-json\/wp\/v2\/posts"}],"about":[{"href":"https:\/\/blogsaverroes.juntadeandalucia.es\/ceipbeatrizgalindo\/wp-json\/wp\/v2\/types\/post"}],"author":[{"embeddable":true,"href":"https:\/\/blogsaverroes.juntadeandalucia.es\/ceipbeatrizgalindo\/wp-json\/wp\/v2\/users\/3831"}],"replies":[{"embeddable":true,"href":"https:\/\/blogsaverroes.juntadeandalucia.es\/ceipbeatrizgalindo\/wp-json\/wp\/v2\/comments?post=2700"}],"version-history":[{"count":6,"href":"https:\/\/blogsaverroes.juntadeandalucia.es\/ceipbeatrizgalindo\/wp-json\/wp\/v2\/posts\/2700\/revisions"}],"predecessor-version":[{"id":2776,"href":"https:\/\/blogsaverroes.juntadeandalucia.es\/ceipbeatrizgalindo\/wp-json\/wp\/v2\/posts\/2700\/revisions\/2776"}],"wp:attachment":[{"href":"https:\/\/blogsaverroes.juntadeandalucia.es\/ceipbeatrizgalindo\/wp-json\/wp\/v2\/media?parent=2700"}],"wp:term":[{"taxonomy":"category","embeddable":true,"href":"https:\/\/blogsaverroes.juntadeandalucia.es\/ceipbeatrizgalindo\/wp-json\/wp\/v2\/categories?post=2700"},{"taxonomy":"post_tag","embeddable":true,"href":"https:\/\/blogsaverroes.juntadeandalucia.es\/ceipbeatrizgalindo\/wp-json\/wp\/v2\/tags?post=2700"}],"curies":[{"name":"wp","href":"https:\/\/api.w.org\/{rel}","templated":true}]}}