{"id":2449,"date":"2019-02-15T11:46:38","date_gmt":"2019-02-15T10:46:38","guid":{"rendered":"http:\/\/blogsaverroes.juntadeandalucia.es\/ceipblasinfantedeecija\/?p=2449"},"modified":"2019-02-15T11:46:38","modified_gmt":"2019-02-15T10:46:38","slug":"carnaval","status":"publish","type":"post","link":"https:\/\/blogsaverroes.juntadeandalucia.es\/ceipblasinfantedeecija\/carnaval\/","title":{"rendered":"Carnaval"},"content":{"rendered":"<p>La semana que viene se estaran realizando en nuestro centro  talleres de Carnaval para contribuir al conoc\u00edmiento y tradici\u00f3n de la cultura popular.<\/p>\n<p>El centro realizar\u00e1 un desfile de disfraces el viernes 22 de febrero a las 11:45, que discurrir\u00e1 po los alrededores del centro.<\/p>\n<p>\u00a1\u00a1Esperamos que nos acompa\u00f1\u00e9is!!<\/p>\n<p><a href=\"https:\/\/blogsaverroes.juntadeandalucia.es\/ceipblasinfantedeecija\/files\/2019\/02\/017185C5-C10F-4CFF-9FDA-2DF988CAC366.jpeg\"><img loading=\"lazy\" decoding=\"async\" src=\"https:\/\/blogsaverroes.juntadeandalucia.es\/ceipblasinfantedeecija\/files\/2019\/02\/017185C5-C10F-4CFF-9FDA-2DF988CAC366-300x238.jpeg\" alt=\"\" width=\"300\" height=\"238\" class=\"alignnone size-medium wp-image-2450\" srcset=\"https:\/\/blogsaverroes.juntadeandalucia.es\/ceipblasinfantedeecija\/files\/2019\/02\/017185C5-C10F-4CFF-9FDA-2DF988CAC366-300x238.jpeg 300w, https:\/\/blogsaverroes.juntadeandalucia.es\/ceipblasinfantedeecija\/files\/2019\/02\/017185C5-C10F-4CFF-9FDA-2DF988CAC366.jpeg 497w, https:\/\/blogsaverroes.juntadeandalucia.es\/ceipblasinfantedeecija\/files\/2019\/02\/017185C5-C10F-4CFF-9FDA-2DF988CAC366-24x19.jpeg 24w, https:\/\/blogsaverroes.juntadeandalucia.es\/ceipblasinfantedeecija\/files\/2019\/02\/017185C5-C10F-4CFF-9FDA-2DF988CAC366-36x29.jpeg 36w, https:\/\/blogsaverroes.juntadeandalucia.es\/ceipblasinfantedeecija\/files\/2019\/02\/017185C5-C10F-4CFF-9FDA-2DF988CAC366-48x38.jpeg 48w\" sizes=\"(max-width: 300px) 100vw, 300px\" \/><\/a><\/p>\n","protected":false},"excerpt":{"rendered":"<p>La semana que viene se estaran realizando en nuestro centro talleres de Carnaval para contribuir al conoc\u00edmiento y tradici\u00f3n de la cultura popular. El centro realizar\u00e1 un desfile de disfraces el viernes 22 de&#46;&#46;&#46;<\/p>\n","protected":false},"author":3097,"featured_media":0,"comment_status":"closed","ping_status":"open","sticky":false,"template":"","format":"standard","meta":{"ngg_post_thumbnail":0,"footnotes":""},"categories":[526],"tags":[],"aioseo_notices":[],"_links":{"self":[{"href":"https:\/\/blogsaverroes.juntadeandalucia.es\/ceipblasinfantedeecija\/wp-json\/wp\/v2\/posts\/2449"}],"collection":[{"href":"https:\/\/blogsaverroes.juntadeandalucia.es\/ceipblasinfantedeecija\/wp-json\/wp\/v2\/posts"}],"about":[{"href":"https:\/\/blogsaverroes.juntadeandalucia.es\/ceipblasinfantedeecija\/wp-json\/wp\/v2\/types\/post"}],"author":[{"embeddable":true,"href":"https:\/\/blogsaverroes.juntadeandalucia.es\/ceipblasinfantedeecija\/wp-json\/wp\/v2\/users\/3097"}],"replies":[{"embeddable":true,"href":"https:\/\/blogsaverroes.juntadeandalucia.es\/ceipblasinfantedeecija\/wp-json\/wp\/v2\/comments?post=2449"}],"version-history":[{"count":2,"href":"https:\/\/blogsaverroes.juntadeandalucia.es\/ceipblasinfantedeecija\/wp-json\/wp\/v2\/posts\/2449\/revisions"}],"predecessor-version":[{"id":2452,"href":"https:\/\/blogsaverroes.juntadeandalucia.es\/ceipblasinfantedeecija\/wp-json\/wp\/v2\/posts\/2449\/revisions\/2452"}],"wp:attachment":[{"href":"https:\/\/blogsaverroes.juntadeandalucia.es\/ceipblasinfantedeecija\/wp-json\/wp\/v2\/media?parent=2449"}],"wp:term":[{"taxonomy":"category","embeddable":true,"href":"https:\/\/blogsaverroes.juntadeandalucia.es\/ceipblasinfantedeecija\/wp-json\/wp\/v2\/categories?post=2449"},{"taxonomy":"post_tag","embeddable":true,"href":"https:\/\/blogsaverroes.juntadeandalucia.es\/ceipblasinfantedeecija\/wp-json\/wp\/v2\/tags?post=2449"}],"curies":[{"name":"wp","href":"https:\/\/api.w.org\/{rel}","templated":true}]}}