{"id":2590,"date":"2019-04-05T09:41:56","date_gmt":"2019-04-05T08:41:56","guid":{"rendered":"http:\/\/blogsaverroes.juntadeandalucia.es\/ceipblasinfantedeecija\/?p=2590"},"modified":"2019-04-05T13:33:55","modified_gmt":"2019-04-05T12:33:55","slug":"activididades-del-centro","status":"publish","type":"post","link":"https:\/\/blogsaverroes.juntadeandalucia.es\/ceipblasinfantedeecija\/activididades-del-centro\/","title":{"rendered":"Activididades del Centro."},"content":{"rendered":"<p>Esta semana en el centro tenemos varias actividades relacionadas con la Semana Santa.  Se va a realizar una exposici\u00f3n de los trabajos realizados por los alumnos desde el \u00c1rea de Religi\u00f3n, dicha explosi\u00f3n estar\u00e1 ubicada en la biblioteca en horario de 13:45 a 14:30 h y de 16 a 18 h el pr\u00f3ximo lunes 8.                                                            <\/p>\n<p>Tambi\u00e9n se realizar\u00e1 una salida procesional el jueves 11 a las 12 del mediod\u00eda, por las calles aleda\u00f1as al centro.<\/p>\n<p>No nos olvidemos que, aunque se organice desde el \u00c1rea de Religi\u00f3n, nuestra Semana Santa es una fiesta que a\u00fana tambi\u00e9n tradici\u00f3n popular, cultura y turismo, as\u00ed que os animamos a participar y a disfrutar a todos.<\/p>\n<p><a href=\"https:\/\/blogsaverroes.juntadeandalucia.es\/ceipblasinfantedeecija\/files\/2019\/04\/20D8A736-BB43-4FE0-816D-C00168D5B4C8-e1554467548309.jpeg\"><img loading=\"lazy\" decoding=\"async\" src=\"https:\/\/blogsaverroes.juntadeandalucia.es\/ceipblasinfantedeecija\/files\/2019\/04\/20D8A736-BB43-4FE0-816D-C00168D5B4C8-e1554467548309-225x300.jpeg\" alt=\"\" width=\"225\" height=\"300\" class=\"alignnone size-medium wp-image-2605\" srcset=\"https:\/\/blogsaverroes.juntadeandalucia.es\/ceipblasinfantedeecija\/files\/2019\/04\/20D8A736-BB43-4FE0-816D-C00168D5B4C8-e1554467548309-225x300.jpeg 225w, https:\/\/blogsaverroes.juntadeandalucia.es\/ceipblasinfantedeecija\/files\/2019\/04\/20D8A736-BB43-4FE0-816D-C00168D5B4C8-e1554467548309-768x1024.jpeg 768w, https:\/\/blogsaverroes.juntadeandalucia.es\/ceipblasinfantedeecija\/files\/2019\/04\/20D8A736-BB43-4FE0-816D-C00168D5B4C8-e1554467548309-700x933.jpeg 700w, https:\/\/blogsaverroes.juntadeandalucia.es\/ceipblasinfantedeecija\/files\/2019\/04\/20D8A736-BB43-4FE0-816D-C00168D5B4C8-e1554467548309-18x24.jpeg 18w, https:\/\/blogsaverroes.juntadeandalucia.es\/ceipblasinfantedeecija\/files\/2019\/04\/20D8A736-BB43-4FE0-816D-C00168D5B4C8-e1554467548309-27x36.jpeg 27w, https:\/\/blogsaverroes.juntadeandalucia.es\/ceipblasinfantedeecija\/files\/2019\/04\/20D8A736-BB43-4FE0-816D-C00168D5B4C8-e1554467548309-36x48.jpeg 36w, https:\/\/blogsaverroes.juntadeandalucia.es\/ceipblasinfantedeecija\/files\/2019\/04\/20D8A736-BB43-4FE0-816D-C00168D5B4C8-e1554467548309.jpeg 1200w\" sizes=\"(max-width: 225px) 100vw, 225px\" \/><\/a> <a href=\"https:\/\/blogsaverroes.juntadeandalucia.es\/ceipblasinfantedeecija\/files\/2019\/04\/E77C4F3B-0002-4AF9-8EA8-75CB7C7427FB-e1554467566103.jpeg\"><img loading=\"lazy\" decoding=\"async\" src=\"https:\/\/blogsaverroes.juntadeandalucia.es\/ceipblasinfantedeecija\/files\/2019\/04\/E77C4F3B-0002-4AF9-8EA8-75CB7C7427FB-e1554467566103-225x300.jpeg\" alt=\"\" width=\"225\" height=\"300\" class=\"alignnone size-medium wp-image-2606\" srcset=\"https:\/\/blogsaverroes.juntadeandalucia.es\/ceipblasinfantedeecija\/files\/2019\/04\/E77C4F3B-0002-4AF9-8EA8-75CB7C7427FB-e1554467566103-225x300.jpeg 225w, https:\/\/blogsaverroes.juntadeandalucia.es\/ceipblasinfantedeecija\/files\/2019\/04\/E77C4F3B-0002-4AF9-8EA8-75CB7C7427FB-e1554467566103-768x1024.jpeg 768w, https:\/\/blogsaverroes.juntadeandalucia.es\/ceipblasinfantedeecija\/files\/2019\/04\/E77C4F3B-0002-4AF9-8EA8-75CB7C7427FB-e1554467566103-700x933.jpeg 700w, https:\/\/blogsaverroes.juntadeandalucia.es\/ceipblasinfantedeecija\/files\/2019\/04\/E77C4F3B-0002-4AF9-8EA8-75CB7C7427FB-e1554467566103-18x24.jpeg 18w, https:\/\/blogsaverroes.juntadeandalucia.es\/ceipblasinfantedeecija\/files\/2019\/04\/E77C4F3B-0002-4AF9-8EA8-75CB7C7427FB-e1554467566103-27x36.jpeg 27w, https:\/\/blogsaverroes.juntadeandalucia.es\/ceipblasinfantedeecija\/files\/2019\/04\/E77C4F3B-0002-4AF9-8EA8-75CB7C7427FB-e1554467566103-36x48.jpeg 36w, https:\/\/blogsaverroes.juntadeandalucia.es\/ceipblasinfantedeecija\/files\/2019\/04\/E77C4F3B-0002-4AF9-8EA8-75CB7C7427FB-e1554467566103.jpeg 1200w\" sizes=\"(max-width: 225px) 100vw, 225px\" \/><\/a><\/p>\n<p><a href=\"https:\/\/blogsaverroes.juntadeandalucia.es\/ceipblasinfantedeecija\/files\/2019\/04\/03B7F431-51A0-48A8-BED0-D36A10E8C833.jpeg\"><img loading=\"lazy\" decoding=\"async\" src=\"https:\/\/blogsaverroes.juntadeandalucia.es\/ceipblasinfantedeecija\/files\/2019\/04\/03B7F431-51A0-48A8-BED0-D36A10E8C833-225x300.jpeg\" alt=\"\" width=\"225\" height=\"300\" class=\"alignnone size-medium wp-image-2607\" srcset=\"https:\/\/blogsaverroes.juntadeandalucia.es\/ceipblasinfantedeecija\/files\/2019\/04\/03B7F431-51A0-48A8-BED0-D36A10E8C833-225x300.jpeg 225w, https:\/\/blogsaverroes.juntadeandalucia.es\/ceipblasinfantedeecija\/files\/2019\/04\/03B7F431-51A0-48A8-BED0-D36A10E8C833-768x1026.jpeg 768w, https:\/\/blogsaverroes.juntadeandalucia.es\/ceipblasinfantedeecija\/files\/2019\/04\/03B7F431-51A0-48A8-BED0-D36A10E8C833-767x1024.jpeg 767w, https:\/\/blogsaverroes.juntadeandalucia.es\/ceipblasinfantedeecija\/files\/2019\/04\/03B7F431-51A0-48A8-BED0-D36A10E8C833-700x935.jpeg 700w, https:\/\/blogsaverroes.juntadeandalucia.es\/ceipblasinfantedeecija\/files\/2019\/04\/03B7F431-51A0-48A8-BED0-D36A10E8C833-18x24.jpeg 18w, https:\/\/blogsaverroes.juntadeandalucia.es\/ceipblasinfantedeecija\/files\/2019\/04\/03B7F431-51A0-48A8-BED0-D36A10E8C833-27x36.jpeg 27w, https:\/\/blogsaverroes.juntadeandalucia.es\/ceipblasinfantedeecija\/files\/2019\/04\/03B7F431-51A0-48A8-BED0-D36A10E8C833-36x48.jpeg 36w, https:\/\/blogsaverroes.juntadeandalucia.es\/ceipblasinfantedeecija\/files\/2019\/04\/03B7F431-51A0-48A8-BED0-D36A10E8C833.jpeg 1198w\" sizes=\"(max-width: 225px) 100vw, 225px\" \/><\/a> <a href=\"https:\/\/blogsaverroes.juntadeandalucia.es\/ceipblasinfantedeecija\/files\/2019\/04\/976B2C20-304A-4DF7-A5C3-8965DA1EB7D5.jpeg\"><img loading=\"lazy\" decoding=\"async\" src=\"https:\/\/blogsaverroes.juntadeandalucia.es\/ceipblasinfantedeecija\/files\/2019\/04\/976B2C20-304A-4DF7-A5C3-8965DA1EB7D5-229x300.jpeg\" alt=\"\" width=\"229\" height=\"300\" class=\"alignnone size-medium wp-image-2608\" srcset=\"https:\/\/blogsaverroes.juntadeandalucia.es\/ceipblasinfantedeecija\/files\/2019\/04\/976B2C20-304A-4DF7-A5C3-8965DA1EB7D5-229x300.jpeg 229w, https:\/\/blogsaverroes.juntadeandalucia.es\/ceipblasinfantedeecija\/files\/2019\/04\/976B2C20-304A-4DF7-A5C3-8965DA1EB7D5-768x1006.jpeg 768w, https:\/\/blogsaverroes.juntadeandalucia.es\/ceipblasinfantedeecija\/files\/2019\/04\/976B2C20-304A-4DF7-A5C3-8965DA1EB7D5-782x1024.jpeg 782w, https:\/\/blogsaverroes.juntadeandalucia.es\/ceipblasinfantedeecija\/files\/2019\/04\/976B2C20-304A-4DF7-A5C3-8965DA1EB7D5-700x917.jpeg 700w, https:\/\/blogsaverroes.juntadeandalucia.es\/ceipblasinfantedeecija\/files\/2019\/04\/976B2C20-304A-4DF7-A5C3-8965DA1EB7D5-18x24.jpeg 18w, https:\/\/blogsaverroes.juntadeandalucia.es\/ceipblasinfantedeecija\/files\/2019\/04\/976B2C20-304A-4DF7-A5C3-8965DA1EB7D5-27x36.jpeg 27w, https:\/\/blogsaverroes.juntadeandalucia.es\/ceipblasinfantedeecija\/files\/2019\/04\/976B2C20-304A-4DF7-A5C3-8965DA1EB7D5-37x48.jpeg 37w, https:\/\/blogsaverroes.juntadeandalucia.es\/ceipblasinfantedeecija\/files\/2019\/04\/976B2C20-304A-4DF7-A5C3-8965DA1EB7D5.jpeg 1221w\" sizes=\"(max-width: 229px) 100vw, 229px\" \/><\/a><\/p>\n<p><a href=\"https:\/\/blogsaverroes.juntadeandalucia.es\/ceipblasinfantedeecija\/files\/2019\/04\/84055F4B-9E69-4A99-926D-9B34C82C3F94.jpeg\"><img loading=\"lazy\" decoding=\"async\" src=\"https:\/\/blogsaverroes.juntadeandalucia.es\/ceipblasinfantedeecija\/files\/2019\/04\/84055F4B-9E69-4A99-926D-9B34C82C3F94-300x225.jpeg\" alt=\"\" width=\"300\" height=\"225\" class=\"alignnone size-medium wp-image-2609\" srcset=\"https:\/\/blogsaverroes.juntadeandalucia.es\/ceipblasinfantedeecija\/files\/2019\/04\/84055F4B-9E69-4A99-926D-9B34C82C3F94-300x225.jpeg 300w, https:\/\/blogsaverroes.juntadeandalucia.es\/ceipblasinfantedeecija\/files\/2019\/04\/84055F4B-9E69-4A99-926D-9B34C82C3F94-768x576.jpeg 768w, https:\/\/blogsaverroes.juntadeandalucia.es\/ceipblasinfantedeecija\/files\/2019\/04\/84055F4B-9E69-4A99-926D-9B34C82C3F94-1024x768.jpeg 1024w, https:\/\/blogsaverroes.juntadeandalucia.es\/ceipblasinfantedeecija\/files\/2019\/04\/84055F4B-9E69-4A99-926D-9B34C82C3F94-700x525.jpeg 700w, https:\/\/blogsaverroes.juntadeandalucia.es\/ceipblasinfantedeecija\/files\/2019\/04\/84055F4B-9E69-4A99-926D-9B34C82C3F94-24x18.jpeg 24w, https:\/\/blogsaverroes.juntadeandalucia.es\/ceipblasinfantedeecija\/files\/2019\/04\/84055F4B-9E69-4A99-926D-9B34C82C3F94-36x27.jpeg 36w, https:\/\/blogsaverroes.juntadeandalucia.es\/ceipblasinfantedeecija\/files\/2019\/04\/84055F4B-9E69-4A99-926D-9B34C82C3F94-48x36.jpeg 48w, https:\/\/blogsaverroes.juntadeandalucia.es\/ceipblasinfantedeecija\/files\/2019\/04\/84055F4B-9E69-4A99-926D-9B34C82C3F94.jpeg 1600w\" sizes=\"(max-width: 300px) 100vw, 300px\" \/><\/a> <a href=\"https:\/\/blogsaverroes.juntadeandalucia.es\/ceipblasinfantedeecija\/files\/2019\/04\/9B02C501-2B3F-48B1-9A66-420BA10D2089.jpeg\"><img loading=\"lazy\" decoding=\"async\" src=\"https:\/\/blogsaverroes.juntadeandalucia.es\/ceipblasinfantedeecija\/files\/2019\/04\/9B02C501-2B3F-48B1-9A66-420BA10D2089-300x237.jpeg\" alt=\"\" width=\"300\" height=\"237\" class=\"alignnone size-medium wp-image-2610\" srcset=\"https:\/\/blogsaverroes.juntadeandalucia.es\/ceipblasinfantedeecija\/files\/2019\/04\/9B02C501-2B3F-48B1-9A66-420BA10D2089-300x237.jpeg 300w, https:\/\/blogsaverroes.juntadeandalucia.es\/ceipblasinfantedeecija\/files\/2019\/04\/9B02C501-2B3F-48B1-9A66-420BA10D2089-768x608.jpeg 768w, https:\/\/blogsaverroes.juntadeandalucia.es\/ceipblasinfantedeecija\/files\/2019\/04\/9B02C501-2B3F-48B1-9A66-420BA10D2089-1024x810.jpeg 1024w, https:\/\/blogsaverroes.juntadeandalucia.es\/ceipblasinfantedeecija\/files\/2019\/04\/9B02C501-2B3F-48B1-9A66-420BA10D2089-700x554.jpeg 700w, https:\/\/blogsaverroes.juntadeandalucia.es\/ceipblasinfantedeecija\/files\/2019\/04\/9B02C501-2B3F-48B1-9A66-420BA10D2089-24x19.jpeg 24w, https:\/\/blogsaverroes.juntadeandalucia.es\/ceipblasinfantedeecija\/files\/2019\/04\/9B02C501-2B3F-48B1-9A66-420BA10D2089-36x28.jpeg 36w, https:\/\/blogsaverroes.juntadeandalucia.es\/ceipblasinfantedeecija\/files\/2019\/04\/9B02C501-2B3F-48B1-9A66-420BA10D2089-48x38.jpeg 48w, https:\/\/blogsaverroes.juntadeandalucia.es\/ceipblasinfantedeecija\/files\/2019\/04\/9B02C501-2B3F-48B1-9A66-420BA10D2089.jpeg 1600w\" sizes=\"(max-width: 300px) 100vw, 300px\" \/><\/a><\/p>\n","protected":false},"excerpt":{"rendered":"<p>Esta semana en el centro tenemos varias actividades relacionadas con la Semana Santa. Se va a realizar una exposici\u00f3n de los trabajos realizados por los alumnos desde el \u00c1rea de Religi\u00f3n, dicha explosi\u00f3n estar\u00e1&#46;&#46;&#46;<\/p>\n","protected":false},"author":3097,"featured_media":0,"comment_status":"closed","ping_status":"open","sticky":false,"template":"","format":"standard","meta":{"ngg_post_thumbnail":0,"footnotes":""},"categories":[526],"tags":[],"aioseo_notices":[],"_links":{"self":[{"href":"https:\/\/blogsaverroes.juntadeandalucia.es\/ceipblasinfantedeecija\/wp-json\/wp\/v2\/posts\/2590"}],"collection":[{"href":"https:\/\/blogsaverroes.juntadeandalucia.es\/ceipblasinfantedeecija\/wp-json\/wp\/v2\/posts"}],"about":[{"href":"https:\/\/blogsaverroes.juntadeandalucia.es\/ceipblasinfantedeecija\/wp-json\/wp\/v2\/types\/post"}],"author":[{"embeddable":true,"href":"https:\/\/blogsaverroes.juntadeandalucia.es\/ceipblasinfantedeecija\/wp-json\/wp\/v2\/users\/3097"}],"replies":[{"embeddable":true,"href":"https:\/\/blogsaverroes.juntadeandalucia.es\/ceipblasinfantedeecija\/wp-json\/wp\/v2\/comments?post=2590"}],"version-history":[{"count":3,"href":"https:\/\/blogsaverroes.juntadeandalucia.es\/ceipblasinfantedeecija\/wp-json\/wp\/v2\/posts\/2590\/revisions"}],"predecessor-version":[{"id":2612,"href":"https:\/\/blogsaverroes.juntadeandalucia.es\/ceipblasinfantedeecija\/wp-json\/wp\/v2\/posts\/2590\/revisions\/2612"}],"wp:attachment":[{"href":"https:\/\/blogsaverroes.juntadeandalucia.es\/ceipblasinfantedeecija\/wp-json\/wp\/v2\/media?parent=2590"}],"wp:term":[{"taxonomy":"category","embeddable":true,"href":"https:\/\/blogsaverroes.juntadeandalucia.es\/ceipblasinfantedeecija\/wp-json\/wp\/v2\/categories?post=2590"},{"taxonomy":"post_tag","embeddable":true,"href":"https:\/\/blogsaverroes.juntadeandalucia.es\/ceipblasinfantedeecija\/wp-json\/wp\/v2\/tags?post=2590"}],"curies":[{"name":"wp","href":"https:\/\/api.w.org\/{rel}","templated":true}]}}