{"id":2633,"date":"2019-04-14T08:20:27","date_gmt":"2019-04-14T07:20:27","guid":{"rendered":"http:\/\/blogsaverroes.juntadeandalucia.es\/ceipblasinfantedeecija\/?p=2633"},"modified":"2019-04-14T08:20:27","modified_gmt":"2019-04-14T07:20:27","slug":"salida-procesional","status":"publish","type":"post","link":"https:\/\/blogsaverroes.juntadeandalucia.es\/ceipblasinfantedeecija\/salida-procesional\/","title":{"rendered":"Salida Procesional"},"content":{"rendered":"<p>Fin del segundo trimestre y con \u00e9l como viene siendo tradicional en nuestro cole, hemos realizado una actividad complementaria desde el \u00e1rea de Religi\u00f3n: una salida procesional, como muestra de las tradiciones populares y culturales de nuestra ciudad. Os presentamos el v\u00eddeo resumen. Muchas gracias a toda la comunidad educativa y a la maestra Ana de Reli por coordinar esta actividad.<\/p>\n<p><iframe loading=\"lazy\" title=\"Desfile procesional del C.E.I.P. Blas Infante. \u00c9cija\" width=\"500\" height=\"281\" src=\"https:\/\/www.youtube.com\/embed\/bBzoGpW7ZbQ?feature=oembed&#038;wmode=opaque\" frameborder=\"0\" allow=\"accelerometer; autoplay; clipboard-write; encrypted-media; gyroscope; picture-in-picture; web-share\" referrerpolicy=\"strict-origin-when-cross-origin\" allowfullscreen><\/iframe><\/p>\n","protected":false},"excerpt":{"rendered":"<p>Fin del segundo trimestre y con \u00e9l como viene siendo tradicional en nuestro cole, hemos realizado una actividad complementaria desde el \u00e1rea de Religi\u00f3n: una salida procesional, como muestra de las tradiciones populares y&#46;&#46;&#46;<\/p>\n","protected":false},"author":3097,"featured_media":0,"comment_status":"closed","ping_status":"open","sticky":false,"template":"","format":"standard","meta":{"ngg_post_thumbnail":0,"footnotes":""},"categories":[526],"tags":[],"aioseo_notices":[],"_links":{"self":[{"href":"https:\/\/blogsaverroes.juntadeandalucia.es\/ceipblasinfantedeecija\/wp-json\/wp\/v2\/posts\/2633"}],"collection":[{"href":"https:\/\/blogsaverroes.juntadeandalucia.es\/ceipblasinfantedeecija\/wp-json\/wp\/v2\/posts"}],"about":[{"href":"https:\/\/blogsaverroes.juntadeandalucia.es\/ceipblasinfantedeecija\/wp-json\/wp\/v2\/types\/post"}],"author":[{"embeddable":true,"href":"https:\/\/blogsaverroes.juntadeandalucia.es\/ceipblasinfantedeecija\/wp-json\/wp\/v2\/users\/3097"}],"replies":[{"embeddable":true,"href":"https:\/\/blogsaverroes.juntadeandalucia.es\/ceipblasinfantedeecija\/wp-json\/wp\/v2\/comments?post=2633"}],"version-history":[{"count":1,"href":"https:\/\/blogsaverroes.juntadeandalucia.es\/ceipblasinfantedeecija\/wp-json\/wp\/v2\/posts\/2633\/revisions"}],"predecessor-version":[{"id":2634,"href":"https:\/\/blogsaverroes.juntadeandalucia.es\/ceipblasinfantedeecija\/wp-json\/wp\/v2\/posts\/2633\/revisions\/2634"}],"wp:attachment":[{"href":"https:\/\/blogsaverroes.juntadeandalucia.es\/ceipblasinfantedeecija\/wp-json\/wp\/v2\/media?parent=2633"}],"wp:term":[{"taxonomy":"category","embeddable":true,"href":"https:\/\/blogsaverroes.juntadeandalucia.es\/ceipblasinfantedeecija\/wp-json\/wp\/v2\/categories?post=2633"},{"taxonomy":"post_tag","embeddable":true,"href":"https:\/\/blogsaverroes.juntadeandalucia.es\/ceipblasinfantedeecija\/wp-json\/wp\/v2\/tags?post=2633"}],"curies":[{"name":"wp","href":"https:\/\/api.w.org\/{rel}","templated":true}]}}