{"id":3415,"date":"2020-04-15T08:15:41","date_gmt":"2020-04-15T07:15:41","guid":{"rendered":"http:\/\/blogsaverroes.juntadeandalucia.es\/ceipblasinfantedeecija\/?p=3415"},"modified":"2020-04-15T17:30:00","modified_gmt":"2020-04-15T16:30:00","slug":"nuestro-nuevo-logo","status":"publish","type":"post","link":"https:\/\/blogsaverroes.juntadeandalucia.es\/ceipblasinfantedeecija\/nuestro-nuevo-logo\/","title":{"rendered":"Nuestro nuevo logo"},"content":{"rendered":"<p style=\"text-align: justify\">Como habr\u00e9is visto, estamos utilizando un nuevo logotipo que representar\u00e1 a nuestro centro en todas las acciones p\u00fablicas del mismo, a modo de sello identificativo del mismo.<\/p>\n<p style=\"text-align: justify\"><a href=\"https:\/\/blogsaverroes.juntadeandalucia.es\/ceipblasinfantedeecija\/files\/2020\/03\/logoblasinfante4.jpg\"><img loading=\"lazy\" decoding=\"async\" class=\"size-medium wp-image-3416 aligncenter\" src=\"https:\/\/blogsaverroes.juntadeandalucia.es\/ceipblasinfantedeecija\/files\/2020\/03\/logoblasinfante4-245x300.jpg\" alt=\"\" width=\"245\" height=\"300\" srcset=\"https:\/\/blogsaverroes.juntadeandalucia.es\/ceipblasinfantedeecija\/files\/2020\/03\/logoblasinfante4-245x300.jpg 245w, https:\/\/blogsaverroes.juntadeandalucia.es\/ceipblasinfantedeecija\/files\/2020\/03\/logoblasinfante4-768x939.jpg 768w, https:\/\/blogsaverroes.juntadeandalucia.es\/ceipblasinfantedeecija\/files\/2020\/03\/logoblasinfante4-838x1024.jpg 838w, https:\/\/blogsaverroes.juntadeandalucia.es\/ceipblasinfantedeecija\/files\/2020\/03\/logoblasinfante4-700x856.jpg 700w, https:\/\/blogsaverroes.juntadeandalucia.es\/ceipblasinfantedeecija\/files\/2020\/03\/logoblasinfante4-20x24.jpg 20w, https:\/\/blogsaverroes.juntadeandalucia.es\/ceipblasinfantedeecija\/files\/2020\/03\/logoblasinfante4-29x36.jpg 29w, https:\/\/blogsaverroes.juntadeandalucia.es\/ceipblasinfantedeecija\/files\/2020\/03\/logoblasinfante4-39x48.jpg 39w, https:\/\/blogsaverroes.juntadeandalucia.es\/ceipblasinfantedeecija\/files\/2020\/03\/logoblasinfante4.jpg 1309w\" sizes=\"(max-width: 245px) 100vw, 245px\" \/><\/a><\/p>\n<p style=\"text-align: justify\">La parte m\u00e1s gr\u00e1fica del logo puede quedar recogida tanto en un cuadrado como en un c\u00edrculo, ambas figuras muy utilizadas en redes sociales, p\u00e1ginas web, sellos,&#8230; Se puede comprobar la sencillez del mismo, ya que con poco grafismo resume las actividades m\u00e1s relevantes por las que hoy d\u00eda es conocido nuestro centro. En la parte inferior, un libro abierto, s\u00edmbolo de la lectura, el aprendizaje, la ense\u00f1anza. A la izquierda, la silueta de un \u00e1rbol, que representa el respeto que tenemos por nuestro medio ambiente, con la creaci\u00f3n de h\u00e1bitos de vida saludable o la Ecoescuela como peque\u00f1a muestra de nuestro inter\u00e9s por el mismo.<\/p>\n<p style=\"text-align: justify\">A la derecha, una paloma, en representaci\u00f3n de paz, libertad e igualdad, valores todos por los que luchamos d\u00eda a d\u00eda en nuestro \u00abcole\u00bb. En la parte superior, una torre, s\u00edmbolo de nuestra ciudad, \u00c9cija. Por ella participamos en todos los eventos culturales para que nuestros alumnos y alumnas la conozcan cada vez m\u00e1s profundamente, y aprendan a apreciar nuestras ra\u00edces, tradiciones y signos de identidad m\u00e1s importantes.<\/p>\n<p>&nbsp;<\/p>\n","protected":false},"excerpt":{"rendered":"<p>Como habr\u00e9is visto, estamos utilizando un nuevo logotipo que representar\u00e1 a nuestro centro en todas las acciones p\u00fablicas del mismo, a modo de sello identificativo del mismo. La parte m\u00e1s gr\u00e1fica del logo puede&#46;&#46;&#46;<\/p>\n","protected":false},"author":3097,"featured_media":3420,"comment_status":"closed","ping_status":"open","sticky":true,"template":"","format":"standard","meta":{"ngg_post_thumbnail":0,"footnotes":""},"categories":[307407],"tags":[],"aioseo_notices":[],"_links":{"self":[{"href":"https:\/\/blogsaverroes.juntadeandalucia.es\/ceipblasinfantedeecija\/wp-json\/wp\/v2\/posts\/3415"}],"collection":[{"href":"https:\/\/blogsaverroes.juntadeandalucia.es\/ceipblasinfantedeecija\/wp-json\/wp\/v2\/posts"}],"about":[{"href":"https:\/\/blogsaverroes.juntadeandalucia.es\/ceipblasinfantedeecija\/wp-json\/wp\/v2\/types\/post"}],"author":[{"embeddable":true,"href":"https:\/\/blogsaverroes.juntadeandalucia.es\/ceipblasinfantedeecija\/wp-json\/wp\/v2\/users\/3097"}],"replies":[{"embeddable":true,"href":"https:\/\/blogsaverroes.juntadeandalucia.es\/ceipblasinfantedeecija\/wp-json\/wp\/v2\/comments?post=3415"}],"version-history":[{"count":5,"href":"https:\/\/blogsaverroes.juntadeandalucia.es\/ceipblasinfantedeecija\/wp-json\/wp\/v2\/posts\/3415\/revisions"}],"predecessor-version":[{"id":3429,"href":"https:\/\/blogsaverroes.juntadeandalucia.es\/ceipblasinfantedeecija\/wp-json\/wp\/v2\/posts\/3415\/revisions\/3429"}],"wp:featuredmedia":[{"embeddable":true,"href":"https:\/\/blogsaverroes.juntadeandalucia.es\/ceipblasinfantedeecija\/wp-json\/wp\/v2\/media\/3420"}],"wp:attachment":[{"href":"https:\/\/blogsaverroes.juntadeandalucia.es\/ceipblasinfantedeecija\/wp-json\/wp\/v2\/media?parent=3415"}],"wp:term":[{"taxonomy":"category","embeddable":true,"href":"https:\/\/blogsaverroes.juntadeandalucia.es\/ceipblasinfantedeecija\/wp-json\/wp\/v2\/categories?post=3415"},{"taxonomy":"post_tag","embeddable":true,"href":"https:\/\/blogsaverroes.juntadeandalucia.es\/ceipblasinfantedeecija\/wp-json\/wp\/v2\/tags?post=3415"}],"curies":[{"name":"wp","href":"https:\/\/api.w.org\/{rel}","templated":true}]}}