{"id":3513,"date":"2020-04-21T10:25:35","date_gmt":"2020-04-21T09:25:35","guid":{"rendered":"http:\/\/blogsaverroes.juntadeandalucia.es\/ceipblasinfantedeecija\/?p=3513"},"modified":"2020-04-21T10:25:35","modified_gmt":"2020-04-21T09:25:35","slug":"cuadernillos-digitales","status":"publish","type":"post","link":"https:\/\/blogsaverroes.juntadeandalucia.es\/ceipblasinfantedeecija\/cuadernillos-digitales\/","title":{"rendered":"Cuadernillos digitales"},"content":{"rendered":"<p>Como <span style=\"color: #ff0000\"><strong>NOVEDAD<\/strong><\/span> os adjuntamos todos los cuadernillos de Lengua y Matem\u00e1ticas de Educaci\u00f3n Primaria correspondientes al Primer Trimestre. Podr\u00e9is encontrarlos en el MEN\u00da LA ESCUELA EN CASA &#8211; Ense\u00f1anza \u00abon line\u00bb.<\/p>\n","protected":false},"excerpt":{"rendered":"<p>Como NOVEDAD os adjuntamos todos los cuadernillos de Lengua y Matem\u00e1ticas de Educaci\u00f3n Primaria correspondientes al Primer Trimestre. Podr\u00e9is encontrarlos en el MEN\u00da LA ESCUELA EN CASA &#8211; Ense\u00f1anza \u00abon line\u00bb.<\/p>\n","protected":false},"author":3097,"featured_media":0,"comment_status":"closed","ping_status":"open","sticky":false,"template":"","format":"standard","meta":{"ngg_post_thumbnail":0,"footnotes":""},"categories":[526],"tags":[],"aioseo_notices":[],"_links":{"self":[{"href":"https:\/\/blogsaverroes.juntadeandalucia.es\/ceipblasinfantedeecija\/wp-json\/wp\/v2\/posts\/3513"}],"collection":[{"href":"https:\/\/blogsaverroes.juntadeandalucia.es\/ceipblasinfantedeecija\/wp-json\/wp\/v2\/posts"}],"about":[{"href":"https:\/\/blogsaverroes.juntadeandalucia.es\/ceipblasinfantedeecija\/wp-json\/wp\/v2\/types\/post"}],"author":[{"embeddable":true,"href":"https:\/\/blogsaverroes.juntadeandalucia.es\/ceipblasinfantedeecija\/wp-json\/wp\/v2\/users\/3097"}],"replies":[{"embeddable":true,"href":"https:\/\/blogsaverroes.juntadeandalucia.es\/ceipblasinfantedeecija\/wp-json\/wp\/v2\/comments?post=3513"}],"version-history":[{"count":1,"href":"https:\/\/blogsaverroes.juntadeandalucia.es\/ceipblasinfantedeecija\/wp-json\/wp\/v2\/posts\/3513\/revisions"}],"predecessor-version":[{"id":3514,"href":"https:\/\/blogsaverroes.juntadeandalucia.es\/ceipblasinfantedeecija\/wp-json\/wp\/v2\/posts\/3513\/revisions\/3514"}],"wp:attachment":[{"href":"https:\/\/blogsaverroes.juntadeandalucia.es\/ceipblasinfantedeecija\/wp-json\/wp\/v2\/media?parent=3513"}],"wp:term":[{"taxonomy":"category","embeddable":true,"href":"https:\/\/blogsaverroes.juntadeandalucia.es\/ceipblasinfantedeecija\/wp-json\/wp\/v2\/categories?post=3513"},{"taxonomy":"post_tag","embeddable":true,"href":"https:\/\/blogsaverroes.juntadeandalucia.es\/ceipblasinfantedeecija\/wp-json\/wp\/v2\/tags?post=3513"}],"curies":[{"name":"wp","href":"https:\/\/api.w.org\/{rel}","templated":true}]}}